{"id":1139,"date":"2012-03-18T09:36:49","date_gmt":"2012-03-18T09:36:49","guid":{"rendered":"http:\/\/uumajalaiset.se\/?p=1139"},"modified":"2012-03-18T11:16:19","modified_gmt":"2012-03-18T11:16:19","slug":"lauantain-kokoontumispaikka-on-kerhon-mokki","status":"publish","type":"post","link":"http:\/\/uumajalaiset.se\/?p=1139","title":{"rendered":"Lauantain kokoontumispaikka on kerhon m\u00f6kki"},"content":{"rendered":"<p><a href=\"http:\/\/uumajalaiset.se\/?attachment_id=1140\" rel=\"attachment wp-att-1140\"><img loading=\"lazy\" decoding=\"async\" class=\"alignnone size-full wp-image-1140\" title=\"2012-03-17lauantaikerho (4)\" src=\"http:\/\/media.uumajalaiset.se\/2012\/03\/2012-03-17lauantaikerho-4.jpg\" alt=\"\" width=\"500\" height=\"375\" srcset=\"http:\/\/media.uumajalaiset.se\/2012\/03\/2012-03-17lauantaikerho-4.jpg 500w, http:\/\/media.uumajalaiset.se\/2012\/03\/2012-03-17lauantaikerho-4-150x112.jpg 150w, http:\/\/media.uumajalaiset.se\/2012\/03\/2012-03-17lauantaikerho-4-300x225.jpg 300w, http:\/\/media.uumajalaiset.se\/2012\/03\/2012-03-17lauantaikerho-4-400x300.jpg 400w\" sizes=\"auto, (max-width: 500px) 100vw, 500px\" \/><\/a><br \/>\nLauantaisin tapahtuu kerhon m\u00f6kill\u00e4.<br \/>\n<a href=\"http:\/\/uumajalaiset.se\/?attachment_id=1141\" rel=\"attachment wp-att-1141\"><img loading=\"lazy\" decoding=\"async\" class=\"alignnone size-full wp-image-1141\" title=\"2012-03-17lauantaikerho (5)\" src=\"http:\/\/media.uumajalaiset.se\/2012\/03\/2012-03-17lauantaikerho-5.jpg\" alt=\"\" width=\"500\" height=\"375\" srcset=\"http:\/\/media.uumajalaiset.se\/2012\/03\/2012-03-17lauantaikerho-5.jpg 500w, http:\/\/media.uumajalaiset.se\/2012\/03\/2012-03-17lauantaikerho-5-150x112.jpg 150w, http:\/\/media.uumajalaiset.se\/2012\/03\/2012-03-17lauantaikerho-5-300x225.jpg 300w, http:\/\/media.uumajalaiset.se\/2012\/03\/2012-03-17lauantaikerho-5-400x300.jpg 400w\" sizes=\"auto, (max-width: 500px) 100vw, 500px\" \/><\/a><br \/>\nT\u00e4n\u00e4kin lauantaina oli paikalla pari tusinaa ihmist\u00e4.<br \/>\n<a href=\"http:\/\/uumajalaiset.se\/?attachment_id=1142\" rel=\"attachment wp-att-1142\"><img loading=\"lazy\" decoding=\"async\" class=\"alignnone size-full wp-image-1142\" title=\"2012-03-17lauantaikerho (6)\" src=\"http:\/\/media.uumajalaiset.se\/2012\/03\/2012-03-17lauantaikerho-6.jpg\" alt=\"\" width=\"500\" height=\"375\" srcset=\"http:\/\/media.uumajalaiset.se\/2012\/03\/2012-03-17lauantaikerho-6.jpg 500w, http:\/\/media.uumajalaiset.se\/2012\/03\/2012-03-17lauantaikerho-6-150x112.jpg 150w, http:\/\/media.uumajalaiset.se\/2012\/03\/2012-03-17lauantaikerho-6-300x225.jpg 300w, http:\/\/media.uumajalaiset.se\/2012\/03\/2012-03-17lauantaikerho-6-400x300.jpg 400w\" sizes=\"auto, (max-width: 500px) 100vw, 500px\" \/><\/a><br \/>\nKeitti\u00f6n p\u00f6yd\u00e4n \u00e4\u00e4ress\u00e4 maistui kahvi.<br \/>\n<a href=\"http:\/\/uumajalaiset.se\/?attachment_id=1143\" rel=\"attachment wp-att-1143\"><img loading=\"lazy\" decoding=\"async\" class=\"alignnone size-full wp-image-1143\" title=\"2012-03-17lauantaikerho (7)\" src=\"http:\/\/media.uumajalaiset.se\/2012\/03\/2012-03-17lauantaikerho-7.jpg\" alt=\"\" width=\"500\" height=\"375\" srcset=\"http:\/\/media.uumajalaiset.se\/2012\/03\/2012-03-17lauantaikerho-7.jpg 500w, http:\/\/media.uumajalaiset.se\/2012\/03\/2012-03-17lauantaikerho-7-150x112.jpg 150w, http:\/\/media.uumajalaiset.se\/2012\/03\/2012-03-17lauantaikerho-7-300x225.jpg 300w, http:\/\/media.uumajalaiset.se\/2012\/03\/2012-03-17lauantaikerho-7-400x300.jpg 400w\" sizes=\"auto, (max-width: 500px) 100vw, 500px\" \/><\/a><br \/>\n&#8211; Ei t\u00e4\u00e4ll\u00e4 ujostella, kyll\u00e4 sin\u00e4 t\u00e4h\u00e4n penkille mahdut, sanoi Valma.<br \/>\n<a href=\"http:\/\/uumajalaiset.se\/?attachment_id=1145\" rel=\"attachment wp-att-1145\"><img loading=\"lazy\" decoding=\"async\" class=\"alignnone size-full wp-image-1145\" title=\"2012-03-17lauantaikerho (8)\" src=\"http:\/\/media.uumajalaiset.se\/2012\/03\/2012-03-17lauantaikerho-81.jpg\" alt=\"\" width=\"500\" height=\"375\" srcset=\"http:\/\/media.uumajalaiset.se\/2012\/03\/2012-03-17lauantaikerho-81.jpg 500w, http:\/\/media.uumajalaiset.se\/2012\/03\/2012-03-17lauantaikerho-81-150x112.jpg 150w, http:\/\/media.uumajalaiset.se\/2012\/03\/2012-03-17lauantaikerho-81-300x225.jpg 300w, http:\/\/media.uumajalaiset.se\/2012\/03\/2012-03-17lauantaikerho-81-400x300.jpg 400w\" sizes=\"auto, (max-width: 500px) 100vw, 500px\" \/><\/a><br \/>\nNiilo teki ty\u00f6t\u00e4 k\u00e4sketty\u00e4.<br \/>\n<a href=\"http:\/\/uumajalaiset.se\/?attachment_id=1146\" rel=\"attachment wp-att-1146\"><img loading=\"lazy\" decoding=\"async\" class=\"alignnone size-full wp-image-1146\" title=\"2012-03-17lauantaikerho (9)\" src=\"http:\/\/media.uumajalaiset.se\/2012\/03\/2012-03-17lauantaikerho-9.jpg\" alt=\"\" width=\"500\" height=\"375\" srcset=\"http:\/\/media.uumajalaiset.se\/2012\/03\/2012-03-17lauantaikerho-9.jpg 500w, http:\/\/media.uumajalaiset.se\/2012\/03\/2012-03-17lauantaikerho-9-150x112.jpg 150w, http:\/\/media.uumajalaiset.se\/2012\/03\/2012-03-17lauantaikerho-9-300x225.jpg 300w, http:\/\/media.uumajalaiset.se\/2012\/03\/2012-03-17lauantaikerho-9-400x300.jpg 400w\" sizes=\"auto, (max-width: 500px) 100vw, 500px\" \/><\/a><br \/>\nEr\u00e4s norjalais-ruotsalainen pari\u00a0oli p\u00e4iv\u00e4k\u00e4velyll\u00e4 ja he tulivat katsomaan, mit\u00e4 sielt\u00e4 m\u00f6kin &#8221;\u00d6ppet&#8221; kyltin takaa l\u00f6ytyi.<br \/>\n<a href=\"http:\/\/uumajalaiset.se\/?attachment_id=1147\" rel=\"attachment wp-att-1147\"><img loading=\"lazy\" decoding=\"async\" class=\"alignnone size-full wp-image-1147\" title=\"2012-03-17lauantaikerho (10)\" src=\"http:\/\/media.uumajalaiset.se\/2012\/03\/2012-03-17lauantaikerho-10.jpg\" alt=\"\" width=\"500\" height=\"375\" srcset=\"http:\/\/media.uumajalaiset.se\/2012\/03\/2012-03-17lauantaikerho-10.jpg 500w, http:\/\/media.uumajalaiset.se\/2012\/03\/2012-03-17lauantaikerho-10-150x112.jpg 150w, http:\/\/media.uumajalaiset.se\/2012\/03\/2012-03-17lauantaikerho-10-300x225.jpg 300w, http:\/\/media.uumajalaiset.se\/2012\/03\/2012-03-17lauantaikerho-10-400x300.jpg 400w\" sizes=\"auto, (max-width: 500px) 100vw, 500px\" \/><\/a><br \/>\nMit\u00e4s t\u00e4\u00e4ll\u00e4 tapahtuu?<br \/>\n<a href=\"http:\/\/uumajalaiset.se\/?attachment_id=1148\" rel=\"attachment wp-att-1148\"><img loading=\"lazy\" decoding=\"async\" class=\"alignnone size-full wp-image-1148\" title=\"2012-03-17lauantaikerho (11)\" src=\"http:\/\/media.uumajalaiset.se\/2012\/03\/2012-03-17lauantaikerho-11.jpg\" alt=\"\" width=\"500\" height=\"375\" srcset=\"http:\/\/media.uumajalaiset.se\/2012\/03\/2012-03-17lauantaikerho-11.jpg 500w, http:\/\/media.uumajalaiset.se\/2012\/03\/2012-03-17lauantaikerho-11-150x112.jpg 150w, http:\/\/media.uumajalaiset.se\/2012\/03\/2012-03-17lauantaikerho-11-300x225.jpg 300w, http:\/\/media.uumajalaiset.se\/2012\/03\/2012-03-17lauantaikerho-11-400x300.jpg 400w\" sizes=\"auto, (max-width: 500px) 100vw, 500px\" \/><\/a><br \/>\nM\u00f6kin ikkuna rikottiin jokin aika sitten.\u00a0Vanhassa ikkunassa oli hieno lasimaalaus.\u00a0\u00a0Uusi ikkuna oli pelkk\u00e4\u00e4 kirkasta lasia ja Christina yritti saada uuden lasin vanhan malliseksi.<br \/>\n<a href=\"http:\/\/uumajalaiset.se\/?attachment_id=1149\" rel=\"attachment wp-att-1149\"><img loading=\"lazy\" decoding=\"async\" class=\"alignnone size-full wp-image-1149\" title=\"2012-03-17lauantaikerho (12)\" src=\"http:\/\/media.uumajalaiset.se\/2012\/03\/2012-03-17lauantaikerho-12.jpg\" alt=\"\" width=\"500\" height=\"375\" srcset=\"http:\/\/media.uumajalaiset.se\/2012\/03\/2012-03-17lauantaikerho-12.jpg 500w, http:\/\/media.uumajalaiset.se\/2012\/03\/2012-03-17lauantaikerho-12-150x112.jpg 150w, http:\/\/media.uumajalaiset.se\/2012\/03\/2012-03-17lauantaikerho-12-300x225.jpg 300w, http:\/\/media.uumajalaiset.se\/2012\/03\/2012-03-17lauantaikerho-12-400x300.jpg 400w\" sizes=\"auto, (max-width: 500px) 100vw, 500px\" \/><\/a><br \/>\nEnsi lauantaina ikkuna valmistuu.<br \/>\n<a href=\"http:\/\/uumajalaiset.se\/?attachment_id=1150\" rel=\"attachment wp-att-1150\"><img loading=\"lazy\" decoding=\"async\" class=\"alignnone size-full wp-image-1150\" title=\"2012-03-17lauantaikerho (14)\" src=\"http:\/\/media.uumajalaiset.se\/2012\/03\/2012-03-17lauantaikerho-14.jpg\" alt=\"\" width=\"500\" height=\"375\" srcset=\"http:\/\/media.uumajalaiset.se\/2012\/03\/2012-03-17lauantaikerho-14.jpg 500w, http:\/\/media.uumajalaiset.se\/2012\/03\/2012-03-17lauantaikerho-14-150x112.jpg 150w, http:\/\/media.uumajalaiset.se\/2012\/03\/2012-03-17lauantaikerho-14-300x225.jpg 300w, http:\/\/media.uumajalaiset.se\/2012\/03\/2012-03-17lauantaikerho-14-400x300.jpg 400w\" sizes=\"auto, (max-width: 500px) 100vw, 500px\" \/><\/a><br \/>\nTanskalainen Christina Kousgaard Hansen\u00a0Uumajan Arkkitehtikoulusta k\u00e4vi tutustumassa kerhon saunaan ja haastattelemassa kerholaisisa saunasta pohjoismaisen kulttuurin kehtona. H\u00e4n kertoi tutustuneensa Uumajassa jo viiteen saunaan, joista kerhon sauna oli paras.<\/p>\n<p>M\u00f6kill\u00e4 tapahtuu aina!<\/p>\n","protected":false},"excerpt":{"rendered":"<p>Lauantaisin tapahtuu kerhon m\u00f6kill\u00e4. T\u00e4n\u00e4kin lauantaina oli paikalla pari tusinaa ihmist\u00e4. Keitti\u00f6n p\u00f6yd\u00e4n \u00e4\u00e4ress\u00e4 maistui kahvi. &#8211; Ei t\u00e4\u00e4ll\u00e4 ujostella, kyll\u00e4 sin\u00e4 t\u00e4h\u00e4n penkille mahdut, sanoi Valma. Niilo teki ty\u00f6t\u00e4 k\u00e4sketty\u00e4. Er\u00e4s norjalais-ruotsalainen pari\u00a0oli p\u00e4iv\u00e4k\u00e4velyll\u00e4 ja he tulivat katsomaan, mit\u00e4 &hellip; <a href=\"http:\/\/uumajalaiset.se\/?p=1139\">L\u00e4s mer <span class=\"meta-nav\">&rarr;<\/span><\/a><\/p>\n","protected":false},"author":1,"featured_media":0,"comment_status":"open","ping_status":"open","sticky":false,"template":"","format":"gallery","meta":{"footnotes":""},"categories":[8],"tags":[],"class_list":["post-1139","post","type-post","status-publish","format-gallery","hentry","category-uutiset-2","post_format-post-format-gallery"],"_links":{"self":[{"href":"http:\/\/uumajalaiset.se\/index.php?rest_route=\/wp\/v2\/posts\/1139","targetHints":{"allow":["GET"]}}],"collection":[{"href":"http:\/\/uumajalaiset.se\/index.php?rest_route=\/wp\/v2\/posts"}],"about":[{"href":"http:\/\/uumajalaiset.se\/index.php?rest_route=\/wp\/v2\/types\/post"}],"author":[{"embeddable":true,"href":"http:\/\/uumajalaiset.se\/index.php?rest_route=\/wp\/v2\/users\/1"}],"replies":[{"embeddable":true,"href":"http:\/\/uumajalaiset.se\/index.php?rest_route=%2Fwp%2Fv2%2Fcomments&post=1139"}],"version-history":[{"count":7,"href":"http:\/\/uumajalaiset.se\/index.php?rest_route=\/wp\/v2\/posts\/1139\/revisions"}],"predecessor-version":[{"id":6501,"href":"http:\/\/uumajalaiset.se\/index.php?rest_route=\/wp\/v2\/posts\/1139\/revisions\/6501"}],"wp:attachment":[{"href":"http:\/\/uumajalaiset.se\/index.php?rest_route=%2Fwp%2Fv2%2Fmedia&parent=1139"}],"wp:term":[{"taxonomy":"category","embeddable":true,"href":"http:\/\/uumajalaiset.se\/index.php?rest_route=%2Fwp%2Fv2%2Fcategories&post=1139"},{"taxonomy":"post_tag","embeddable":true,"href":"http:\/\/uumajalaiset.se\/index.php?rest_route=%2Fwp%2Fv2%2Ftags&post=1139"}],"curies":[{"name":"wp","href":"https:\/\/api.w.org\/{rel}","templated":true}]}}