{"id":1680,"date":"2012-04-15T01:07:08","date_gmt":"2012-04-15T01:07:08","guid":{"rendered":"http:\/\/uumajalaiset.se\/?p=1680"},"modified":"2012-04-18T02:23:05","modified_gmt":"2012-04-18T02:23:05","slug":"maksuongelmat-pakottivat-siumin-kokoukseen","status":"publish","type":"post","link":"http:\/\/uumajalaiset.se\/?p=1680","title":{"rendered":"Maksuongelmat pakottivat SIUM:in kokoukseen"},"content":{"rendered":"<p><a href=\"http:\/\/uumajalaiset.se\/?attachment_id=1681\" rel=\"attachment wp-att-1681\"><img loading=\"lazy\" decoding=\"async\" class=\"alignnone size-full wp-image-1681\" title=\"2012-04-15siumm\u00f6te (3)\" src=\"http:\/\/media.uumajalaiset.se\/2012\/04\/2012-04-15siumm\u00f6te-3.jpg\" alt=\"\" width=\"500\" height=\"375\" srcset=\"http:\/\/media.uumajalaiset.se\/2012\/04\/2012-04-15siumm\u00f6te-3.jpg 500w, http:\/\/media.uumajalaiset.se\/2012\/04\/2012-04-15siumm\u00f6te-3-150x112.jpg 150w, http:\/\/media.uumajalaiset.se\/2012\/04\/2012-04-15siumm\u00f6te-3-300x225.jpg 300w, http:\/\/media.uumajalaiset.se\/2012\/04\/2012-04-15siumm\u00f6te-3-400x300.jpg 400w\" sizes=\"auto, (max-width: 500px) 100vw, 500px\" \/><\/a><br \/>\nMaksuongelmat, postin ja laskujen h\u00e4vi\u00e4minen, pakottivat vihdoinkin SIUM:in j\u00e4senkokoukseen. Puheenjohtaja Saman Nikmanesh edustaa IDSO:a (Iranska demokratiska studentorganisation)<br \/>\n<a href=\"http:\/\/uumajalaiset.se\/?attachment_id=1682\" rel=\"attachment wp-att-1682\"><img loading=\"lazy\" decoding=\"async\" class=\"alignnone size-full wp-image-1682\" title=\"2012-04-15siumm\u00f6te (2)\" src=\"http:\/\/media.uumajalaiset.se\/2012\/04\/2012-04-15siumm\u00f6te-2.jpg\" alt=\"\" width=\"500\" height=\"375\" srcset=\"http:\/\/media.uumajalaiset.se\/2012\/04\/2012-04-15siumm\u00f6te-2.jpg 500w, http:\/\/media.uumajalaiset.se\/2012\/04\/2012-04-15siumm\u00f6te-2-150x112.jpg 150w, http:\/\/media.uumajalaiset.se\/2012\/04\/2012-04-15siumm\u00f6te-2-300x225.jpg 300w, http:\/\/media.uumajalaiset.se\/2012\/04\/2012-04-15siumm\u00f6te-2-400x300.jpg 400w\" sizes=\"auto, (max-width: 500px) 100vw, 500px\" \/><\/a><br \/>\nAira Merhrani, Iranilaisten yhdistyksest\u00e4 ja Mona Linder yhdistyksest\u00e4 Visioner och attityder.<br \/>\n<a href=\"http:\/\/uumajalaiset.se\/?attachment_id=1683\" rel=\"attachment wp-att-1683\"><img loading=\"lazy\" decoding=\"async\" class=\"alignnone size-full wp-image-1683\" title=\"2012-04-15siumm\u00f6te (4)\" src=\"http:\/\/media.uumajalaiset.se\/2012\/04\/2012-04-15siumm\u00f6te-4.jpg\" alt=\"\" width=\"500\" height=\"375\" srcset=\"http:\/\/media.uumajalaiset.se\/2012\/04\/2012-04-15siumm\u00f6te-4.jpg 500w, http:\/\/media.uumajalaiset.se\/2012\/04\/2012-04-15siumm\u00f6te-4-150x112.jpg 150w, http:\/\/media.uumajalaiset.se\/2012\/04\/2012-04-15siumm\u00f6te-4-300x225.jpg 300w, http:\/\/media.uumajalaiset.se\/2012\/04\/2012-04-15siumm\u00f6te-4-400x300.jpg 400w\" sizes=\"auto, (max-width: 500px) 100vw, 500px\" \/><\/a><br \/>\nChaitanya (Chaitu), Meffrap &#8211; yhdistyksest\u00e4<br \/>\n<a href=\"http:\/\/uumajalaiset.se\/?attachment_id=1684\" rel=\"attachment wp-att-1684\"><img loading=\"lazy\" decoding=\"async\" class=\"alignnone size-full wp-image-1684\" title=\"2012-04-15siumm\u00f6te (6)\" src=\"http:\/\/media.uumajalaiset.se\/2012\/04\/2012-04-15siumm\u00f6te-6.jpg\" alt=\"\" width=\"500\" height=\"375\" srcset=\"http:\/\/media.uumajalaiset.se\/2012\/04\/2012-04-15siumm\u00f6te-6.jpg 500w, http:\/\/media.uumajalaiset.se\/2012\/04\/2012-04-15siumm\u00f6te-6-150x112.jpg 150w, http:\/\/media.uumajalaiset.se\/2012\/04\/2012-04-15siumm\u00f6te-6-300x225.jpg 300w, http:\/\/media.uumajalaiset.se\/2012\/04\/2012-04-15siumm\u00f6te-6-400x300.jpg 400w\" sizes=\"auto, (max-width: 500px) 100vw, 500px\" \/><\/a><br \/>\nJose Sobrino , SIUM:in varapuheenjohtaja, Pe\u00f1a Latina -yhdistyksest\u00e4 on pit\u00e4nyt paussia yhdistystoiminnasta. Paussia ovat pit\u00e4neet my\u00f6s rahastonhoitaja, joka oli Kurdistanissa puoli vuotta, ja sihteeri, jota ei ole n\u00e4kynyt vuoteen ja\u00a0vasta is\u00e4ksi tullut puheenjohtaja.<br \/>\n<a href=\"http:\/\/uumajalaiset.se\/?attachment_id=1685\" rel=\"attachment wp-att-1685\"><img loading=\"lazy\" decoding=\"async\" class=\"alignnone size-full wp-image-1685\" title=\"2012-04-15siumm\u00f6te (5)\" src=\"http:\/\/media.uumajalaiset.se\/2012\/04\/2012-04-15siumm\u00f6te-5.jpg\" alt=\"\" width=\"500\" height=\"375\" srcset=\"http:\/\/media.uumajalaiset.se\/2012\/04\/2012-04-15siumm\u00f6te-5.jpg 500w, http:\/\/media.uumajalaiset.se\/2012\/04\/2012-04-15siumm\u00f6te-5-150x112.jpg 150w, http:\/\/media.uumajalaiset.se\/2012\/04\/2012-04-15siumm\u00f6te-5-300x225.jpg 300w, http:\/\/media.uumajalaiset.se\/2012\/04\/2012-04-15siumm\u00f6te-5-400x300.jpg 400w\" sizes=\"auto, (max-width: 500px) 100vw, 500px\" \/><\/a><br \/>\nKim Borg Uumajan Suomalaisesta kerhosta oli kriittnen. SIUM:hoitaa radion, jonka kautta Uumajaan Suomalainen Kerhokin l\u00e4hett\u00e4\u00e4 ja muutaman kerran on jouduttu vet\u00e4m\u00e4\u00e4n kaapeli kerhon puhelimesta studioon, koska radion puhelin ei ole toiminut.<br \/>\n<a href=\"http:\/\/uumajalaiset.se\/?attachment_id=1686\" rel=\"attachment wp-att-1686\"><img loading=\"lazy\" decoding=\"async\" class=\"alignnone size-full wp-image-1686\" title=\"2012-04-15siumm\u00f6te (7)\" src=\"http:\/\/media.uumajalaiset.se\/2012\/04\/2012-04-15siumm\u00f6te-7.jpg\" alt=\"\" width=\"500\" height=\"375\" srcset=\"http:\/\/media.uumajalaiset.se\/2012\/04\/2012-04-15siumm\u00f6te-7.jpg 500w, http:\/\/media.uumajalaiset.se\/2012\/04\/2012-04-15siumm\u00f6te-7-150x112.jpg 150w, http:\/\/media.uumajalaiset.se\/2012\/04\/2012-04-15siumm\u00f6te-7-300x225.jpg 300w, http:\/\/media.uumajalaiset.se\/2012\/04\/2012-04-15siumm\u00f6te-7-400x300.jpg 400w\" sizes=\"auto, (max-width: 500px) 100vw, 500px\" \/><\/a><br \/>\nRatkaisua yritet\u00e4\u00e4n nyt l\u00f6yt\u00e4\u00e4 yhdess\u00e4. Ty\u00f6ryhm\u00e4: saman Nikmanesh, Olli Falben ja Kim Borg saavat jatkaa ty\u00f6t\u00e4\u00e4n weppiradion k\u00e4ynnist\u00e4miseksi ja SIUM. pit\u00e4\u00e4 ensimm\u00e4isen vuosikokouksen kahteen vuoteen 20.5.<\/p>\n","protected":false},"excerpt":{"rendered":"<p>Maksuongelmat, postin ja laskujen h\u00e4vi\u00e4minen, pakottivat vihdoinkin SIUM:in j\u00e4senkokoukseen. Puheenjohtaja Saman Nikmanesh edustaa IDSO:a (Iranska demokratiska studentorganisation) Aira Merhrani, Iranilaisten yhdistyksest\u00e4 ja Mona Linder yhdistyksest\u00e4 Visioner och attityder. Chaitanya (Chaitu), Meffrap &#8211; yhdistyksest\u00e4 Jose Sobrino , SIUM:in varapuheenjohtaja, Pe\u00f1a Latina &hellip; <a href=\"http:\/\/uumajalaiset.se\/?p=1680\">L\u00e4s mer <span class=\"meta-nav\">&rarr;<\/span><\/a><\/p>\n","protected":false},"author":1,"featured_media":0,"comment_status":"open","ping_status":"open","sticky":false,"template":"","format":"gallery","meta":{"footnotes":""},"categories":[8],"tags":[],"class_list":["post-1680","post","type-post","status-publish","format-gallery","hentry","category-uutiset-2","post_format-post-format-gallery"],"_links":{"self":[{"href":"http:\/\/uumajalaiset.se\/index.php?rest_route=\/wp\/v2\/posts\/1680","targetHints":{"allow":["GET"]}}],"collection":[{"href":"http:\/\/uumajalaiset.se\/index.php?rest_route=\/wp\/v2\/posts"}],"about":[{"href":"http:\/\/uumajalaiset.se\/index.php?rest_route=\/wp\/v2\/types\/post"}],"author":[{"embeddable":true,"href":"http:\/\/uumajalaiset.se\/index.php?rest_route=\/wp\/v2\/users\/1"}],"replies":[{"embeddable":true,"href":"http:\/\/uumajalaiset.se\/index.php?rest_route=%2Fwp%2Fv2%2Fcomments&post=1680"}],"version-history":[{"count":9,"href":"http:\/\/uumajalaiset.se\/index.php?rest_route=\/wp\/v2\/posts\/1680\/revisions"}],"predecessor-version":[{"id":1754,"href":"http:\/\/uumajalaiset.se\/index.php?rest_route=\/wp\/v2\/posts\/1680\/revisions\/1754"}],"wp:attachment":[{"href":"http:\/\/uumajalaiset.se\/index.php?rest_route=%2Fwp%2Fv2%2Fmedia&parent=1680"}],"wp:term":[{"taxonomy":"category","embeddable":true,"href":"http:\/\/uumajalaiset.se\/index.php?rest_route=%2Fwp%2Fv2%2Fcategories&post=1680"},{"taxonomy":"post_tag","embeddable":true,"href":"http:\/\/uumajalaiset.se\/index.php?rest_route=%2Fwp%2Fv2%2Ftags&post=1680"}],"curies":[{"name":"wp","href":"https:\/\/api.w.org\/{rel}","templated":true}]}}