{"id":1810,"date":"2012-04-19T05:00:18","date_gmt":"2012-04-19T05:00:18","guid":{"rendered":"http:\/\/uumajalaiset.se\/?p=1810"},"modified":"2012-04-19T06:16:19","modified_gmt":"2012-04-19T06:16:19","slug":"ruosufestivaalien-keskiviikko-meni-ideoiden-vaihtamiseksi","status":"publish","type":"post","link":"http:\/\/uumajalaiset.se\/?p=1810","title":{"rendered":"Ruosufestivaalien keskiviikko meni ideoiden vaihtamiseksi"},"content":{"rendered":"<p><a href=\"http:\/\/uumajalaiset.se\/?attachment_id=1811\" rel=\"attachment wp-att-1811\"><img loading=\"lazy\" decoding=\"async\" class=\"alignnone size-full wp-image-1811\" title=\"2012-04-18ruosufestivaali (1)\" src=\"http:\/\/media.uumajalaiset.se\/2012\/04\/2012-04-18ruosufestivaali-1.jpg\" alt=\"\" width=\"500\" height=\"375\" srcset=\"http:\/\/media.uumajalaiset.se\/2012\/04\/2012-04-18ruosufestivaali-1.jpg 500w, http:\/\/media.uumajalaiset.se\/2012\/04\/2012-04-18ruosufestivaali-1-150x112.jpg 150w, http:\/\/media.uumajalaiset.se\/2012\/04\/2012-04-18ruosufestivaali-1-300x225.jpg 300w, http:\/\/media.uumajalaiset.se\/2012\/04\/2012-04-18ruosufestivaali-1-400x300.jpg 400w\" sizes=\"auto, (max-width: 500px) 100vw, 500px\" \/><\/a><br \/>\nRuosufestivaalien keskiviikko tarjosi keskustelua Ruotsin kirkon ja erityisesti Mariakirkon kanssa. Lounasvieraana oli Gunnel Lagerqvist Mariakirkosta, joka ideoi paikalla olleiden tusinan vieraiden kanssa siit\u00e4, mit\u00e4 yhteisty\u00f6t\u00e4 tulevaisuudessa voisi tehd\u00e4.<br \/>\n<a href=\"http:\/\/uumajalaiset.se\/?attachment_id=1812\" rel=\"attachment wp-att-1812\"><img loading=\"lazy\" decoding=\"async\" class=\"alignnone size-full wp-image-1812\" title=\"2012-04-18ruosufestivaali (2)\" src=\"http:\/\/media.uumajalaiset.se\/2012\/04\/2012-04-18ruosufestivaali-2.jpg\" alt=\"\" width=\"500\" height=\"375\" srcset=\"http:\/\/media.uumajalaiset.se\/2012\/04\/2012-04-18ruosufestivaali-2.jpg 500w, http:\/\/media.uumajalaiset.se\/2012\/04\/2012-04-18ruosufestivaali-2-150x112.jpg 150w, http:\/\/media.uumajalaiset.se\/2012\/04\/2012-04-18ruosufestivaali-2-300x225.jpg 300w, http:\/\/media.uumajalaiset.se\/2012\/04\/2012-04-18ruosufestivaali-2-400x300.jpg 400w\" sizes=\"auto, (max-width: 500px) 100vw, 500px\" \/><\/a><br \/>\nYhteisi\u00e4 konsertteja, elokuvailtoja ja itsen\u00e4isyysp\u00e4iv\u00e4n kaltaisia juhlia olisi mukava j\u00e4rjest\u00e4\u00e4 Mariakirkossa, miettiv\u00e4t lounasvieraat. Yksi ihan konkreettinen esitys oli joulup\u00f6yd\u00e4n siirt\u00e4minen Mariakirkkoon, koska m\u00f6kin tilat ovat k\u00e4yneet hieman pieneksi joulup\u00f6yd\u00e4n j\u00e4rjest\u00e4miseen ja Mariakirkossa on hyv\u00e4t tilat. Samalla ehk\u00e4 l\u00f6ytyisi lis\u00e4\u00e4 kiinnostuneita ruokailijoita, onhan Mariakirkon alueella noin 250 Suomessa syntynytt\u00e4 henkil\u00f6\u00e4.<br \/>\n<a href=\"http:\/\/uumajalaiset.se\/?attachment_id=1813\" rel=\"attachment wp-att-1813\"><img loading=\"lazy\" decoding=\"async\" class=\"alignnone size-full wp-image-1813\" title=\"2012-04-18ruosufestivaali (3)\" src=\"http:\/\/media.uumajalaiset.se\/2012\/04\/2012-04-18ruosufestivaali-3.jpg\" alt=\"\" width=\"500\" height=\"375\" srcset=\"http:\/\/media.uumajalaiset.se\/2012\/04\/2012-04-18ruosufestivaali-3.jpg 500w, http:\/\/media.uumajalaiset.se\/2012\/04\/2012-04-18ruosufestivaali-3-150x112.jpg 150w, http:\/\/media.uumajalaiset.se\/2012\/04\/2012-04-18ruosufestivaali-3-300x225.jpg 300w, http:\/\/media.uumajalaiset.se\/2012\/04\/2012-04-18ruosufestivaali-3-400x300.jpg 400w\" sizes=\"auto, (max-width: 500px) 100vw, 500px\" \/><\/a><br \/>\nUumajan Suomalaisen kerhon puheenjohtaja Raili Borg ja Mariakirkon puheenjohtaja Gunnel Lagerqvist, yhteisin\u00e4 intressein\u00e4 Mariakirkon ja seurakuntaty\u00f6n kehitt\u00e4misen lis\u00e4ksi integraatiokysymykset.<br \/>\n<a href=\"http:\/\/uumajalaiset.se\/?attachment_id=1814\" rel=\"attachment wp-att-1814\"><img loading=\"lazy\" decoding=\"async\" class=\"alignnone size-full wp-image-1814\" title=\"2012-04-18ruosufestivaali (4)\" src=\"http:\/\/media.uumajalaiset.se\/2012\/04\/2012-04-18ruosufestivaali-4.jpg\" alt=\"\" width=\"500\" height=\"375\" srcset=\"http:\/\/media.uumajalaiset.se\/2012\/04\/2012-04-18ruosufestivaali-4.jpg 500w, http:\/\/media.uumajalaiset.se\/2012\/04\/2012-04-18ruosufestivaali-4-150x112.jpg 150w, http:\/\/media.uumajalaiset.se\/2012\/04\/2012-04-18ruosufestivaali-4-300x225.jpg 300w, http:\/\/media.uumajalaiset.se\/2012\/04\/2012-04-18ruosufestivaali-4-400x300.jpg 400w\" sizes=\"auto, (max-width: 500px) 100vw, 500px\" \/><\/a><br \/>\nM\u00f6kin kirjastohuoneesta tulee iltap\u00e4ivisin elokuvateatteri.<br \/>\n<a href=\"http:\/\/uumajalaiset.se\/?attachment_id=1815\" rel=\"attachment wp-att-1815\"><img loading=\"lazy\" decoding=\"async\" class=\"alignnone size-full wp-image-1815\" title=\"2012-04-18ruosufestivaali (5)\" src=\"http:\/\/media.uumajalaiset.se\/2012\/04\/2012-04-18ruosufestivaali-5.jpg\" alt=\"\" width=\"500\" height=\"375\" srcset=\"http:\/\/media.uumajalaiset.se\/2012\/04\/2012-04-18ruosufestivaali-5.jpg 500w, http:\/\/media.uumajalaiset.se\/2012\/04\/2012-04-18ruosufestivaali-5-150x112.jpg 150w, http:\/\/media.uumajalaiset.se\/2012\/04\/2012-04-18ruosufestivaali-5-300x225.jpg 300w, http:\/\/media.uumajalaiset.se\/2012\/04\/2012-04-18ruosufestivaali-5-400x300.jpg 400w\" sizes=\"auto, (max-width: 500px) 100vw, 500px\" \/><\/a><br \/>\nT\u00e4n\u00e4 keskiviikkoiltap\u00e4iv\u00e4n\u00e4 oli sohvalla tilaa useammallekin katsojalle.<br \/>\n<a href=\"http:\/\/uumajalaiset.se\/?attachment_id=1816\" rel=\"attachment wp-att-1816\"><img loading=\"lazy\" decoding=\"async\" class=\"alignnone size-full wp-image-1816\" title=\"2012-04-18ruosufestivaali (6)\" src=\"http:\/\/media.uumajalaiset.se\/2012\/04\/2012-04-18ruosufestivaali-6.jpg\" alt=\"\" width=\"500\" height=\"375\" srcset=\"http:\/\/media.uumajalaiset.se\/2012\/04\/2012-04-18ruosufestivaali-6.jpg 500w, http:\/\/media.uumajalaiset.se\/2012\/04\/2012-04-18ruosufestivaali-6-150x112.jpg 150w, http:\/\/media.uumajalaiset.se\/2012\/04\/2012-04-18ruosufestivaali-6-300x225.jpg 300w, http:\/\/media.uumajalaiset.se\/2012\/04\/2012-04-18ruosufestivaali-6-400x300.jpg 400w\" sizes=\"auto, (max-width: 500px) 100vw, 500px\" \/><\/a><br \/>\nIllalla piti Uumajan Suomalaisen kerhon johtokunta avoimen johtokunnan kokouksen, jota kaikki kiinnostuneet saivat seurata ja paikalta l\u00f6ytyikin\u00a0kourallinen kiinnostuneita. Johtokunta oli\u00a0 kutsunut vieraaksi ABF:n johtajan Ingela Wallrydin, joka kertoi ABF Umeregionin 100-vuotisjuhlakiertueesta 14-17.6 ja halusi ideoida kerhon kanssa juhlallisuuksien sis\u00e4lt\u00f6\u00e4.<br \/>\n<a href=\"http:\/\/uumajalaiset.se\/?attachment_id=1817\" rel=\"attachment wp-att-1817\"><img loading=\"lazy\" decoding=\"async\" class=\"alignnone size-full wp-image-1817\" title=\"2012-04-18ruosufestivaali (7)\" src=\"http:\/\/media.uumajalaiset.se\/2012\/04\/2012-04-18ruosufestivaali-7.jpg\" alt=\"\" width=\"500\" height=\"375\" srcset=\"http:\/\/media.uumajalaiset.se\/2012\/04\/2012-04-18ruosufestivaali-7.jpg 500w, http:\/\/media.uumajalaiset.se\/2012\/04\/2012-04-18ruosufestivaali-7-150x112.jpg 150w, http:\/\/media.uumajalaiset.se\/2012\/04\/2012-04-18ruosufestivaali-7-300x225.jpg 300w, http:\/\/media.uumajalaiset.se\/2012\/04\/2012-04-18ruosufestivaali-7-400x300.jpg 400w\" sizes=\"auto, (max-width: 500px) 100vw, 500px\" \/><\/a><br \/>\nErilaisia vaihtoehtoja palloteltiin p\u00e4iv\u00e4llisen aikana, esimerkiksi saunomista, karaokea, artistien vaihtoa. Suunnitelma j\u00e4tetiin hautumaan ja keskustelua jatketaan seuraavissa johtokunnissa.<br \/>\n<a href=\"http:\/\/uumajalaiset.se\/?attachment_id=1818\" rel=\"attachment wp-att-1818\"><img loading=\"lazy\" decoding=\"async\" class=\"alignnone size-full wp-image-1818\" title=\"2012-04-18ruosufestivaali (8)\" src=\"http:\/\/media.uumajalaiset.se\/2012\/04\/2012-04-18ruosufestivaali-8.jpg\" alt=\"\" width=\"500\" height=\"375\" srcset=\"http:\/\/media.uumajalaiset.se\/2012\/04\/2012-04-18ruosufestivaali-8.jpg 500w, http:\/\/media.uumajalaiset.se\/2012\/04\/2012-04-18ruosufestivaali-8-150x112.jpg 150w, http:\/\/media.uumajalaiset.se\/2012\/04\/2012-04-18ruosufestivaali-8-300x225.jpg 300w, http:\/\/media.uumajalaiset.se\/2012\/04\/2012-04-18ruosufestivaali-8-400x300.jpg 400w\" sizes=\"auto, (max-width: 500px) 100vw, 500px\" \/><\/a><br \/>\nKiva tavata ja keskustella.<br \/>\n<a href=\"http:\/\/uumajalaiset.se\/?attachment_id=1819\" rel=\"attachment wp-att-1819\"><img loading=\"lazy\" decoding=\"async\" class=\"alignnone size-full wp-image-1819\" title=\"2012-04-18ruosufestivaali (9)\" src=\"http:\/\/media.uumajalaiset.se\/2012\/04\/2012-04-18ruosufestivaali-9.jpg\" alt=\"\" width=\"500\" height=\"375\" srcset=\"http:\/\/media.uumajalaiset.se\/2012\/04\/2012-04-18ruosufestivaali-9.jpg 500w, http:\/\/media.uumajalaiset.se\/2012\/04\/2012-04-18ruosufestivaali-9-150x112.jpg 150w, http:\/\/media.uumajalaiset.se\/2012\/04\/2012-04-18ruosufestivaali-9-300x225.jpg 300w, http:\/\/media.uumajalaiset.se\/2012\/04\/2012-04-18ruosufestivaali-9-400x300.jpg 400w\" sizes=\"auto, (max-width: 500px) 100vw, 500px\" \/><\/a><br \/>\nKiva seurata keskustelua ja olla mukana ideoimassa.<br \/>\n<a href=\"http:\/\/uumajalaiset.se\/?attachment_id=1822\" rel=\"attachment wp-att-1822\"><img loading=\"lazy\" decoding=\"async\" class=\"alignnone  wp-image-1822\" title=\"201204RuosuKes1\" src=\"http:\/\/media.uumajalaiset.se\/2012\/04\/201204RuosuKes1.jpg\" alt=\"\" width=\"500\" height=\"375\" srcset=\"http:\/\/media.uumajalaiset.se\/2012\/04\/201204RuosuKes1.jpg 500w, http:\/\/media.uumajalaiset.se\/2012\/04\/201204RuosuKes1-150x112.jpg 150w, http:\/\/media.uumajalaiset.se\/2012\/04\/201204RuosuKes1-300x225.jpg 300w, http:\/\/media.uumajalaiset.se\/2012\/04\/201204RuosuKes1-400x300.jpg 400w\" sizes=\"auto, (max-width: 500px) 100vw, 500px\" \/><\/a><br \/>\nSelv\u00e4\u00e4 on, ett\u00e4 Uumajan Suomalainen kerho osallistuu ABF;n juhlallisuuksiin &#8211; olemmehan olleet mukana ABF:ss\u00e4 60-luvulta l\u00e4htien. Miten, siit\u00e4 keskustellaan jatkossa.<br \/>\n<a href=\"http:\/\/uumajalaiset.se\/?attachment_id=1823\" rel=\"attachment wp-att-1823\"><img loading=\"lazy\" decoding=\"async\" class=\"alignnone size-full wp-image-1823\" title=\"201204RuosuKes2\" src=\"http:\/\/media.uumajalaiset.se\/2012\/04\/201204RuosuKes2.jpg\" alt=\"\" width=\"500\" height=\"375\" srcset=\"http:\/\/media.uumajalaiset.se\/2012\/04\/201204RuosuKes2.jpg 500w, http:\/\/media.uumajalaiset.se\/2012\/04\/201204RuosuKes2-150x112.jpg 150w, http:\/\/media.uumajalaiset.se\/2012\/04\/201204RuosuKes2-300x225.jpg 300w, http:\/\/media.uumajalaiset.se\/2012\/04\/201204RuosuKes2-400x300.jpg 400w\" sizes=\"auto, (max-width: 500px) 100vw, 500px\" \/><\/a><br \/>\nMukava iltahetki\u00a0johtokunnan kokouksen aluksi. Johtokunnan kokous jatkui sitten noin kello kymmeneen ja urheimmatkin kuuntelijat v\u00e4syiv\u00e4t jo puoliv\u00e4liss\u00e4.<br \/>\nTorstaina lis\u00e4\u00e4 Ruosufestivaalia, muun muassa Runopubi.<\/p>\n<p>Foto: Kuka Milloinkin<\/p>\n","protected":false},"excerpt":{"rendered":"<p>Ruosufestivaalien keskiviikko tarjosi keskustelua Ruotsin kirkon ja erityisesti Mariakirkon kanssa. Lounasvieraana oli Gunnel Lagerqvist Mariakirkosta, joka ideoi paikalla olleiden tusinan vieraiden kanssa siit\u00e4, mit\u00e4 yhteisty\u00f6t\u00e4 tulevaisuudessa voisi tehd\u00e4. Yhteisi\u00e4 konsertteja, elokuvailtoja ja itsen\u00e4isyysp\u00e4iv\u00e4n kaltaisia juhlia olisi mukava j\u00e4rjest\u00e4\u00e4 Mariakirkossa, miettiv\u00e4t &hellip; <a href=\"http:\/\/uumajalaiset.se\/?p=1810\">L\u00e4s mer <span class=\"meta-nav\">&rarr;<\/span><\/a><\/p>\n","protected":false},"author":1,"featured_media":0,"comment_status":"open","ping_status":"open","sticky":false,"template":"","format":"gallery","meta":{"footnotes":""},"categories":[8],"tags":[],"class_list":["post-1810","post","type-post","status-publish","format-gallery","hentry","category-uutiset-2","post_format-post-format-gallery"],"_links":{"self":[{"href":"http:\/\/uumajalaiset.se\/index.php?rest_route=\/wp\/v2\/posts\/1810","targetHints":{"allow":["GET"]}}],"collection":[{"href":"http:\/\/uumajalaiset.se\/index.php?rest_route=\/wp\/v2\/posts"}],"about":[{"href":"http:\/\/uumajalaiset.se\/index.php?rest_route=\/wp\/v2\/types\/post"}],"author":[{"embeddable":true,"href":"http:\/\/uumajalaiset.se\/index.php?rest_route=\/wp\/v2\/users\/1"}],"replies":[{"embeddable":true,"href":"http:\/\/uumajalaiset.se\/index.php?rest_route=%2Fwp%2Fv2%2Fcomments&post=1810"}],"version-history":[{"count":13,"href":"http:\/\/uumajalaiset.se\/index.php?rest_route=\/wp\/v2\/posts\/1810\/revisions"}],"predecessor-version":[{"id":1826,"href":"http:\/\/uumajalaiset.se\/index.php?rest_route=\/wp\/v2\/posts\/1810\/revisions\/1826"}],"wp:attachment":[{"href":"http:\/\/uumajalaiset.se\/index.php?rest_route=%2Fwp%2Fv2%2Fmedia&parent=1810"}],"wp:term":[{"taxonomy":"category","embeddable":true,"href":"http:\/\/uumajalaiset.se\/index.php?rest_route=%2Fwp%2Fv2%2Fcategories&post=1810"},{"taxonomy":"post_tag","embeddable":true,"href":"http:\/\/uumajalaiset.se\/index.php?rest_route=%2Fwp%2Fv2%2Ftags&post=1810"}],"curies":[{"name":"wp","href":"https:\/\/api.w.org\/{rel}","templated":true}]}}