{"id":1870,"date":"2012-04-21T00:47:47","date_gmt":"2012-04-21T00:47:47","guid":{"rendered":"http:\/\/uumajalaiset.se\/?p=1870"},"modified":"2012-04-22T00:24:53","modified_gmt":"2012-04-22T00:24:53","slug":"perjantain-teemana-oli-uumaja-kultuuripaakaupunkina-2014","status":"publish","type":"post","link":"http:\/\/uumajalaiset.se\/?p=1870","title":{"rendered":"Perjantain teemana oli Uumaja kultuurip\u00e4\u00e4kaupunkina 2014"},"content":{"rendered":"<p><a href=\"http:\/\/uumajalaiset.se\/?attachment_id=1871\" rel=\"attachment wp-att-1871\"><img loading=\"lazy\" decoding=\"async\" class=\"alignnone size-full wp-image-1871\" title=\"2012-04-20ruosufestivaali (1)\" src=\"http:\/\/media.uumajalaiset.se\/2012\/04\/2012-04-20ruosufestivaali-1.jpg\" alt=\"\" width=\"500\" height=\"375\" srcset=\"http:\/\/media.uumajalaiset.se\/2012\/04\/2012-04-20ruosufestivaali-1.jpg 500w, http:\/\/media.uumajalaiset.se\/2012\/04\/2012-04-20ruosufestivaali-1-150x112.jpg 150w, http:\/\/media.uumajalaiset.se\/2012\/04\/2012-04-20ruosufestivaali-1-300x225.jpg 300w, http:\/\/media.uumajalaiset.se\/2012\/04\/2012-04-20ruosufestivaali-1-400x300.jpg 400w\" sizes=\"auto, (max-width: 500px) 100vw, 500px\" \/><\/a><br \/>\nRuosufestarien perjantain lounasmestarina oli Jari Prosi ja ruokalistalla Poikamiehen lohisoppaa, joka sai hyv\u00e4n vastaanoton.<br \/>\n<a href=\"http:\/\/uumajalaiset.se\/?attachment_id=1872\" rel=\"attachment wp-att-1872\"><img loading=\"lazy\" decoding=\"async\" class=\"alignnone size-full wp-image-1872\" title=\"2012-04-20ruosufestivaali (2)\" src=\"http:\/\/media.uumajalaiset.se\/2012\/04\/2012-04-20ruosufestivaali-2.jpg\" alt=\"\" width=\"500\" height=\"375\" srcset=\"http:\/\/media.uumajalaiset.se\/2012\/04\/2012-04-20ruosufestivaali-2.jpg 500w, http:\/\/media.uumajalaiset.se\/2012\/04\/2012-04-20ruosufestivaali-2-150x112.jpg 150w, http:\/\/media.uumajalaiset.se\/2012\/04\/2012-04-20ruosufestivaali-2-300x225.jpg 300w, http:\/\/media.uumajalaiset.se\/2012\/04\/2012-04-20ruosufestivaali-2-400x300.jpg 400w\" sizes=\"auto, (max-width: 500px) 100vw, 500px\" \/><\/a><br \/>\nPirkko Hirvonen ja Olli Falben seurasivat keitti\u00f6n p\u00f6yd\u00e4n \u00e4\u00e4rest\u00e4 valmisteluja.<br \/>\n<a href=\"http:\/\/uumajalaiset.se\/?attachment_id=1873\" rel=\"attachment wp-att-1873\"><img loading=\"lazy\" decoding=\"async\" class=\"alignnone size-full wp-image-1873\" title=\"2012-04-20ruosufestivaali (3)\" src=\"http:\/\/media.uumajalaiset.se\/2012\/04\/2012-04-20ruosufestivaali-3.jpg\" alt=\"\" width=\"500\" height=\"375\" srcset=\"http:\/\/media.uumajalaiset.se\/2012\/04\/2012-04-20ruosufestivaali-3.jpg 500w, http:\/\/media.uumajalaiset.se\/2012\/04\/2012-04-20ruosufestivaali-3-150x112.jpg 150w, http:\/\/media.uumajalaiset.se\/2012\/04\/2012-04-20ruosufestivaali-3-300x225.jpg 300w, http:\/\/media.uumajalaiset.se\/2012\/04\/2012-04-20ruosufestivaali-3-400x300.jpg 400w\" sizes=\"auto, (max-width: 500px) 100vw, 500px\" \/><\/a><br \/>\nLounastreffien vieraana oli Eila Horsmaj\u00e4rvi Uumajan kulttuurilautakunnasta.<br \/>\n<a href=\"http:\/\/uumajalaiset.se\/?attachment_id=1874\" rel=\"attachment wp-att-1874\"><img loading=\"lazy\" decoding=\"async\" class=\"alignnone size-full wp-image-1874\" title=\"2012-04-20ruosufestivaali (6)\" src=\"http:\/\/media.uumajalaiset.se\/2012\/04\/2012-04-20ruosufestivaali-6.jpg\" alt=\"\" width=\"500\" height=\"375\" srcset=\"http:\/\/media.uumajalaiset.se\/2012\/04\/2012-04-20ruosufestivaali-6.jpg 500w, http:\/\/media.uumajalaiset.se\/2012\/04\/2012-04-20ruosufestivaali-6-150x112.jpg 150w, http:\/\/media.uumajalaiset.se\/2012\/04\/2012-04-20ruosufestivaali-6-300x225.jpg 300w, http:\/\/media.uumajalaiset.se\/2012\/04\/2012-04-20ruosufestivaali-6-400x300.jpg 400w\" sizes=\"auto, (max-width: 500px) 100vw, 500px\" \/><\/a><br \/>\nEila Horsmaj\u00e4rvi antoi tilanneraportin siit\u00e4, mit\u00e4 Uumajan kulttuurip\u00e4\u00e4kaupunkiprojektille kuuluu.<br \/>\n<a href=\"http:\/\/uumajalaiset.se\/?attachment_id=1875\" rel=\"attachment wp-att-1875\"><img loading=\"lazy\" decoding=\"async\" class=\"alignnone size-full wp-image-1875\" title=\"2012-04-20ruosufestivaali (7)\" src=\"http:\/\/media.uumajalaiset.se\/2012\/04\/2012-04-20ruosufestivaali-7.jpg\" alt=\"\" width=\"500\" height=\"375\" srcset=\"http:\/\/media.uumajalaiset.se\/2012\/04\/2012-04-20ruosufestivaali-7.jpg 500w, http:\/\/media.uumajalaiset.se\/2012\/04\/2012-04-20ruosufestivaali-7-150x112.jpg 150w, http:\/\/media.uumajalaiset.se\/2012\/04\/2012-04-20ruosufestivaali-7-300x225.jpg 300w, http:\/\/media.uumajalaiset.se\/2012\/04\/2012-04-20ruosufestivaali-7-400x300.jpg 400w\" sizes=\"auto, (max-width: 500px) 100vw, 500px\" \/><\/a><br \/>\nH\u00e4n kertoi my\u00f6s mahdollisuuksista lainata kirjoja Yliopiston kirjastosta paikalliskirjastojen kautta.<br \/>\n<a href=\"http:\/\/uumajalaiset.se\/?attachment_id=1880\" rel=\"attachment wp-att-1880\"><img loading=\"lazy\" decoding=\"async\" title=\"2012-04-20ruosufestivaali (10)\" src=\"http:\/\/media.uumajalaiset.se\/2012\/04\/2012-04-20ruosufestivaali-10.jpg\" alt=\"\" width=\"500\" height=\"375\" \/><\/a><br \/>\n<a href=\"http:\/\/uumajalaiset.se\/?attachment_id=1878\" rel=\"attachment wp-att-1878\"><img loading=\"lazy\" decoding=\"async\" title=\"2012-04-20ruosufestivaali (8)\" src=\"http:\/\/media.uumajalaiset.se\/2012\/04\/2012-04-20ruosufestivaali-8.jpg\" alt=\"\" width=\"500\" height=\"375\" \/><\/a><br \/>\n<a href=\"http:\/\/uumajalaiset.se\/?attachment_id=1876\" rel=\"attachment wp-att-1876\"><img loading=\"lazy\" decoding=\"async\" class=\"alignnone size-full wp-image-1876\" title=\"2012-04-20ruosufestivaali (5)\" src=\"http:\/\/media.uumajalaiset.se\/2012\/04\/2012-04-20ruosufestivaali-5.jpg\" alt=\"\" width=\"500\" height=\"375\" srcset=\"http:\/\/media.uumajalaiset.se\/2012\/04\/2012-04-20ruosufestivaali-5.jpg 500w, http:\/\/media.uumajalaiset.se\/2012\/04\/2012-04-20ruosufestivaali-5-150x112.jpg 150w, http:\/\/media.uumajalaiset.se\/2012\/04\/2012-04-20ruosufestivaali-5-300x225.jpg 300w, http:\/\/media.uumajalaiset.se\/2012\/04\/2012-04-20ruosufestivaali-5-400x300.jpg 400w\" sizes=\"auto, (max-width: 500px) 100vw, 500px\" \/><\/a><br \/>\n<a href=\"http:\/\/uumajalaiset.se\/?attachment_id=1877\" rel=\"attachment wp-att-1877\"><img loading=\"lazy\" decoding=\"async\" class=\"alignnone size-full wp-image-1877\" title=\"2012-04-20ruosufestivaali (4)\" src=\"http:\/\/media.uumajalaiset.se\/2012\/04\/2012-04-20ruosufestivaali-4.jpg\" alt=\"\" width=\"500\" height=\"375\" srcset=\"http:\/\/media.uumajalaiset.se\/2012\/04\/2012-04-20ruosufestivaali-4.jpg 500w, http:\/\/media.uumajalaiset.se\/2012\/04\/2012-04-20ruosufestivaali-4-150x112.jpg 150w, http:\/\/media.uumajalaiset.se\/2012\/04\/2012-04-20ruosufestivaali-4-300x225.jpg 300w, http:\/\/media.uumajalaiset.se\/2012\/04\/2012-04-20ruosufestivaali-4-400x300.jpg 400w\" sizes=\"auto, (max-width: 500px) 100vw, 500px\" \/><\/a><br \/>\n<a href=\"http:\/\/uumajalaiset.se\/?attachment_id=1879\" rel=\"attachment wp-att-1879\"><img loading=\"lazy\" decoding=\"async\" class=\"alignnone size-full wp-image-1879\" title=\"2012-04-20ruosufestivaali (9)\" src=\"http:\/\/media.uumajalaiset.se\/2012\/04\/2012-04-20ruosufestivaali-9.jpg\" alt=\"\" width=\"508\" height=\"375\" srcset=\"http:\/\/media.uumajalaiset.se\/2012\/04\/2012-04-20ruosufestivaali-9.jpg 508w, http:\/\/media.uumajalaiset.se\/2012\/04\/2012-04-20ruosufestivaali-9-150x110.jpg 150w, http:\/\/media.uumajalaiset.se\/2012\/04\/2012-04-20ruosufestivaali-9-300x221.jpg 300w, http:\/\/media.uumajalaiset.se\/2012\/04\/2012-04-20ruosufestivaali-9-500x369.jpg 500w, http:\/\/media.uumajalaiset.se\/2012\/04\/2012-04-20ruosufestivaali-9-406x300.jpg 406w\" sizes=\"auto, (max-width: 508px) 100vw, 508px\" \/><\/a><br \/>\n<a href=\"http:\/\/uumajalaiset.se\/?attachment_id=1881\" rel=\"attachment wp-att-1881\"><img loading=\"lazy\" decoding=\"async\" class=\"alignnone size-full wp-image-1881\" title=\"2012-04-20ruosufestivaali (11)\" src=\"http:\/\/media.uumajalaiset.se\/2012\/04\/2012-04-20ruosufestivaali-11.jpg\" alt=\"\" width=\"500\" height=\"375\" srcset=\"http:\/\/media.uumajalaiset.se\/2012\/04\/2012-04-20ruosufestivaali-11.jpg 500w, http:\/\/media.uumajalaiset.se\/2012\/04\/2012-04-20ruosufestivaali-11-150x112.jpg 150w, http:\/\/media.uumajalaiset.se\/2012\/04\/2012-04-20ruosufestivaali-11-300x225.jpg 300w, http:\/\/media.uumajalaiset.se\/2012\/04\/2012-04-20ruosufestivaali-11-400x300.jpg 400w\" sizes=\"auto, (max-width: 500px) 100vw, 500px\" \/><\/a><br \/>\n<a href=\"http:\/\/uumajalaiset.se\/?attachment_id=1882\" rel=\"attachment wp-att-1882\"><img loading=\"lazy\" decoding=\"async\" class=\"alignnone size-full wp-image-1882\" title=\"2012-04-20ruosufestivaali (12)\" src=\"http:\/\/media.uumajalaiset.se\/2012\/04\/2012-04-20ruosufestivaali-12.jpg\" alt=\"\" width=\"500\" height=\"375\" srcset=\"http:\/\/media.uumajalaiset.se\/2012\/04\/2012-04-20ruosufestivaali-12.jpg 500w, http:\/\/media.uumajalaiset.se\/2012\/04\/2012-04-20ruosufestivaali-12-150x112.jpg 150w, http:\/\/media.uumajalaiset.se\/2012\/04\/2012-04-20ruosufestivaali-12-300x225.jpg 300w, http:\/\/media.uumajalaiset.se\/2012\/04\/2012-04-20ruosufestivaali-12-400x300.jpg 400w\" sizes=\"auto, (max-width: 500px) 100vw, 500px\" \/><\/a><br \/>\nJarin lohisoppa sai hyv\u00e4n vastaanoton.<br \/>\n<a href=\"http:\/\/uumajalaiset.se\/?attachment_id=1883\" rel=\"attachment wp-att-1883\"><img loading=\"lazy\" decoding=\"async\" class=\"alignnone size-full wp-image-1883\" title=\"2012-04-20ruosufestivaali (13)\" src=\"http:\/\/media.uumajalaiset.se\/2012\/04\/2012-04-20ruosufestivaali-13.jpg\" alt=\"\" width=\"500\" height=\"375\" srcset=\"http:\/\/media.uumajalaiset.se\/2012\/04\/2012-04-20ruosufestivaali-13.jpg 500w, http:\/\/media.uumajalaiset.se\/2012\/04\/2012-04-20ruosufestivaali-13-150x112.jpg 150w, http:\/\/media.uumajalaiset.se\/2012\/04\/2012-04-20ruosufestivaali-13-300x225.jpg 300w, http:\/\/media.uumajalaiset.se\/2012\/04\/2012-04-20ruosufestivaali-13-400x300.jpg 400w\" sizes=\"auto, (max-width: 500px) 100vw, 500px\" \/><\/a><br \/>\n<a href=\"http:\/\/uumajalaiset.se\/?attachment_id=1885\" rel=\"attachment wp-att-1885\"><img loading=\"lazy\" decoding=\"async\" class=\"alignnone size-full wp-image-1885\" title=\"2012-04-20ruosufestivaali (15)\" src=\"http:\/\/media.uumajalaiset.se\/2012\/04\/2012-04-20ruosufestivaali-15.jpg\" alt=\"\" width=\"500\" height=\"375\" srcset=\"http:\/\/media.uumajalaiset.se\/2012\/04\/2012-04-20ruosufestivaali-15.jpg 500w, http:\/\/media.uumajalaiset.se\/2012\/04\/2012-04-20ruosufestivaali-15-150x112.jpg 150w, http:\/\/media.uumajalaiset.se\/2012\/04\/2012-04-20ruosufestivaali-15-300x225.jpg 300w, http:\/\/media.uumajalaiset.se\/2012\/04\/2012-04-20ruosufestivaali-15-400x300.jpg 400w\" sizes=\"auto, (max-width: 500px) 100vw, 500px\" \/><\/a><br \/>\nIltap\u00e4iv\u00e4elokuvana oli lis\u00e4\u00e4 komisario Palmua.<br \/>\n<a href=\"http:\/\/uumajalaiset.se\/?attachment_id=1886\" rel=\"attachment wp-att-1886\"><img loading=\"lazy\" decoding=\"async\" class=\"alignnone size-full wp-image-1886\" title=\"2012-04-20ruosufestivaali (16)\" src=\"http:\/\/media.uumajalaiset.se\/2012\/04\/2012-04-20ruosufestivaali-16.jpg\" alt=\"\" width=\"500\" height=\"375\" srcset=\"http:\/\/media.uumajalaiset.se\/2012\/04\/2012-04-20ruosufestivaali-16.jpg 500w, http:\/\/media.uumajalaiset.se\/2012\/04\/2012-04-20ruosufestivaali-16-150x112.jpg 150w, http:\/\/media.uumajalaiset.se\/2012\/04\/2012-04-20ruosufestivaali-16-300x225.jpg 300w, http:\/\/media.uumajalaiset.se\/2012\/04\/2012-04-20ruosufestivaali-16-400x300.jpg 400w\" sizes=\"auto, (max-width: 500px) 100vw, 500px\" \/><\/a><br \/>\n<a href=\"http:\/\/uumajalaiset.se\/?attachment_id=1887\" rel=\"attachment wp-att-1887\"><img loading=\"lazy\" decoding=\"async\" class=\"alignnone size-full wp-image-1887\" title=\"2012-04-20ruosufestivaali (17)\" src=\"http:\/\/media.uumajalaiset.se\/2012\/04\/2012-04-20ruosufestivaali-17.jpg\" alt=\"\" width=\"500\" height=\"375\" srcset=\"http:\/\/media.uumajalaiset.se\/2012\/04\/2012-04-20ruosufestivaali-17.jpg 500w, http:\/\/media.uumajalaiset.se\/2012\/04\/2012-04-20ruosufestivaali-17-150x112.jpg 150w, http:\/\/media.uumajalaiset.se\/2012\/04\/2012-04-20ruosufestivaali-17-300x225.jpg 300w, http:\/\/media.uumajalaiset.se\/2012\/04\/2012-04-20ruosufestivaali-17-400x300.jpg 400w\" sizes=\"auto, (max-width: 500px) 100vw, 500px\" \/><\/a><br \/>\nJokelan Maire k\u00e4vi pitk\u00e4st\u00e4 aikaa m\u00f6kill\u00e4. Kiva n\u00e4hd\u00e4 Mairea ja ett\u00e4 h\u00e4n oli hyv\u00e4ss\u00e4 kunnossa.<br \/>\n<a href=\"http:\/\/uumajalaiset.se\/?attachment_id=1889\" rel=\"attachment wp-att-1889\"><img loading=\"lazy\" decoding=\"async\" class=\"alignnone size-full wp-image-1889\" title=\"2012-04-20ruosufestivaali (19)\" src=\"http:\/\/media.uumajalaiset.se\/2012\/04\/2012-04-20ruosufestivaali-19.jpg\" alt=\"\" width=\"500\" height=\"375\" srcset=\"http:\/\/media.uumajalaiset.se\/2012\/04\/2012-04-20ruosufestivaali-19.jpg 500w, http:\/\/media.uumajalaiset.se\/2012\/04\/2012-04-20ruosufestivaali-19-150x112.jpg 150w, http:\/\/media.uumajalaiset.se\/2012\/04\/2012-04-20ruosufestivaali-19-300x225.jpg 300w, http:\/\/media.uumajalaiset.se\/2012\/04\/2012-04-20ruosufestivaali-19-400x300.jpg 400w\" sizes=\"auto, (max-width: 500px) 100vw, 500px\" \/><\/a><br \/>\nIltaruuaksi oli karjalanpiirakoita eturuokana ja p\u00e4\u00e4ruokana karjalanpaistia.<br \/>\n<a href=\"http:\/\/uumajalaiset.se\/?attachment_id=1892\" rel=\"attachment wp-att-1892\"><img loading=\"lazy\" decoding=\"async\" title=\"2012-04-20ruosufestivaali (22)\" src=\"http:\/\/media.uumajalaiset.se\/2012\/04\/2012-04-20ruosufestivaali-22.jpg\" alt=\"\" width=\"500\" height=\"375\" \/><\/a><br \/>\n<a href=\"http:\/\/uumajalaiset.se\/?attachment_id=1890\" rel=\"attachment wp-att-1890\"><img loading=\"lazy\" decoding=\"async\" class=\"alignnone size-full wp-image-1890\" title=\"2012-04-20ruosufestivaali (20)\" src=\"http:\/\/media.uumajalaiset.se\/2012\/04\/2012-04-20ruosufestivaali-20.jpg\" alt=\"\" width=\"500\" height=\"375\" srcset=\"http:\/\/media.uumajalaiset.se\/2012\/04\/2012-04-20ruosufestivaali-20.jpg 500w, http:\/\/media.uumajalaiset.se\/2012\/04\/2012-04-20ruosufestivaali-20-150x112.jpg 150w, http:\/\/media.uumajalaiset.se\/2012\/04\/2012-04-20ruosufestivaali-20-300x225.jpg 300w, http:\/\/media.uumajalaiset.se\/2012\/04\/2012-04-20ruosufestivaali-20-400x300.jpg 400w\" sizes=\"auto, (max-width: 500px) 100vw, 500px\" \/><\/a><br \/>\n<a href=\"http:\/\/uumajalaiset.se\/?attachment_id=1891\" rel=\"attachment wp-att-1891\"><img loading=\"lazy\" decoding=\"async\" class=\"alignnone size-full wp-image-1891\" title=\"2012-04-20ruosufestivaali (21)\" src=\"http:\/\/media.uumajalaiset.se\/2012\/04\/2012-04-20ruosufestivaali-21.jpg\" alt=\"\" width=\"500\" height=\"375\" srcset=\"http:\/\/media.uumajalaiset.se\/2012\/04\/2012-04-20ruosufestivaali-21.jpg 500w, http:\/\/media.uumajalaiset.se\/2012\/04\/2012-04-20ruosufestivaali-21-150x112.jpg 150w, http:\/\/media.uumajalaiset.se\/2012\/04\/2012-04-20ruosufestivaali-21-300x225.jpg 300w, http:\/\/media.uumajalaiset.se\/2012\/04\/2012-04-20ruosufestivaali-21-400x300.jpg 400w\" sizes=\"auto, (max-width: 500px) 100vw, 500px\" \/><\/a><br \/>\nHenna ja Hannakin olivat mukana.<br \/>\n<a href=\"http:\/\/uumajalaiset.se\/?attachment_id=1893\" rel=\"attachment wp-att-1893\"><img loading=\"lazy\" decoding=\"async\" class=\"alignnone size-full wp-image-1893\" title=\"2012-04-20ruosufestivaali (23)\" src=\"http:\/\/media.uumajalaiset.se\/2012\/04\/2012-04-20ruosufestivaali-23.jpg\" alt=\"\" width=\"500\" height=\"375\" srcset=\"http:\/\/media.uumajalaiset.se\/2012\/04\/2012-04-20ruosufestivaali-23.jpg 500w, http:\/\/media.uumajalaiset.se\/2012\/04\/2012-04-20ruosufestivaali-23-150x112.jpg 150w, http:\/\/media.uumajalaiset.se\/2012\/04\/2012-04-20ruosufestivaali-23-300x225.jpg 300w, http:\/\/media.uumajalaiset.se\/2012\/04\/2012-04-20ruosufestivaali-23-400x300.jpg 400w\" sizes=\"auto, (max-width: 500px) 100vw, 500px\" \/><\/a><br \/>\n<a href=\"http:\/\/uumajalaiset.se\/?attachment_id=1894\" rel=\"attachment wp-att-1894\"><img loading=\"lazy\" decoding=\"async\" class=\"alignnone size-full wp-image-1894\" title=\"2012-04-20ruosufestivaali (24)\" src=\"http:\/\/media.uumajalaiset.se\/2012\/04\/2012-04-20ruosufestivaali-24.jpg\" alt=\"\" width=\"500\" height=\"375\" srcset=\"http:\/\/media.uumajalaiset.se\/2012\/04\/2012-04-20ruosufestivaali-24.jpg 500w, http:\/\/media.uumajalaiset.se\/2012\/04\/2012-04-20ruosufestivaali-24-150x112.jpg 150w, http:\/\/media.uumajalaiset.se\/2012\/04\/2012-04-20ruosufestivaali-24-300x225.jpg 300w, http:\/\/media.uumajalaiset.se\/2012\/04\/2012-04-20ruosufestivaali-24-400x300.jpg 400w\" sizes=\"auto, (max-width: 500px) 100vw, 500px\" \/><\/a><br \/>\nPerjantai-iltana ei ollutkaan m\u00f6kill\u00e4 tapahtumia, vaan Iron Sky elokuvan ensi-ilta oli kaupungissa.<br \/>\n<a href=\"http:\/\/uumajalaiset.se\/?attachment_id=1895\" rel=\"attachment wp-att-1895\"><img loading=\"lazy\" decoding=\"async\" class=\"alignnone size-full wp-image-1895\" title=\"2012-04-20ruosufestivaali (25)\" src=\"http:\/\/media.uumajalaiset.se\/2012\/04\/2012-04-20ruosufestivaali-25.jpg\" alt=\"\" width=\"500\" height=\"375\" srcset=\"http:\/\/media.uumajalaiset.se\/2012\/04\/2012-04-20ruosufestivaali-25.jpg 500w, http:\/\/media.uumajalaiset.se\/2012\/04\/2012-04-20ruosufestivaali-25-150x112.jpg 150w, http:\/\/media.uumajalaiset.se\/2012\/04\/2012-04-20ruosufestivaali-25-300x225.jpg 300w, http:\/\/media.uumajalaiset.se\/2012\/04\/2012-04-20ruosufestivaali-25-400x300.jpg 400w\" sizes=\"auto, (max-width: 500px) 100vw, 500px\" \/><\/a><br \/>\nGreta Garbon n\u00e4k\u00f6inen Ulla Rantap\u00e4\u00e4 l\u00e4hd\u00f6ss\u00e4 kotiin.<br \/>\n<a href=\"http:\/\/uumajalaiset.se\/?attachment_id=1896\" rel=\"attachment wp-att-1896\"><img loading=\"lazy\" decoding=\"async\" title=\"2012-04-20ruosufestivaali (27)\" src=\"http:\/\/media.uumajalaiset.se\/2012\/04\/2012-04-20ruosufestivaali-27.jpg\" alt=\"\" width=\"500\" height=\"375\" \/><\/a><br \/>\nViimeiseksi mieheksi m\u00f6kille j\u00e4i t\u00e4n\u00e4 perjantaina Tapio Tamminen &#8230;<br \/>\n<a href=\"http:\/\/uumajalaiset.se\/?attachment_id=1897\" rel=\"attachment wp-att-1897\"><img loading=\"lazy\" decoding=\"async\" class=\"alignnone size-full wp-image-1897\" title=\"2012-04-20ruosufestivaali (26)\" src=\"http:\/\/media.uumajalaiset.se\/2012\/04\/2012-04-20ruosufestivaali-26.jpg\" alt=\"\" width=\"500\" height=\"375\" srcset=\"http:\/\/media.uumajalaiset.se\/2012\/04\/2012-04-20ruosufestivaali-26.jpg 500w, http:\/\/media.uumajalaiset.se\/2012\/04\/2012-04-20ruosufestivaali-26-150x112.jpg 150w, http:\/\/media.uumajalaiset.se\/2012\/04\/2012-04-20ruosufestivaali-26-300x225.jpg 300w, http:\/\/media.uumajalaiset.se\/2012\/04\/2012-04-20ruosufestivaali-26-400x300.jpg 400w\" sizes=\"auto, (max-width: 500px) 100vw, 500px\" \/><\/a><br \/>\n&#8230; joka pani ihan oman elokuvan py\u00f6rim\u00e4\u00e4n, Arto Paasilinnan Hurmaava joukkoitsemurha j\u00e4i py\u00f6rim\u00e4\u00e4n kankaalle Tapion perjantai-illan iloksi.<\/p>\n<p>Lauantaina jatkuvat Ruosufestarit elokuvilla, saunalla\u00a0ja muulla toiminnalla.<\/p>\n<p>Foto: Borg<\/p>\n","protected":false},"excerpt":{"rendered":"<p>Ruosufestarien perjantain lounasmestarina oli Jari Prosi ja ruokalistalla Poikamiehen lohisoppaa, joka sai hyv\u00e4n vastaanoton. Pirkko Hirvonen ja Olli Falben seurasivat keitti\u00f6n p\u00f6yd\u00e4n \u00e4\u00e4rest\u00e4 valmisteluja. Lounastreffien vieraana oli Eila Horsmaj\u00e4rvi Uumajan kulttuurilautakunnasta. Eila Horsmaj\u00e4rvi antoi tilanneraportin siit\u00e4, mit\u00e4 Uumajan kulttuurip\u00e4\u00e4kaupunkiprojektille kuuluu. &hellip; <a href=\"http:\/\/uumajalaiset.se\/?p=1870\">L\u00e4s mer <span class=\"meta-nav\">&rarr;<\/span><\/a><\/p>\n","protected":false},"author":1,"featured_media":0,"comment_status":"open","ping_status":"open","sticky":false,"template":"","format":"gallery","meta":{"footnotes":""},"categories":[8],"tags":[],"class_list":["post-1870","post","type-post","status-publish","format-gallery","hentry","category-uutiset-2","post_format-post-format-gallery"],"_links":{"self":[{"href":"http:\/\/uumajalaiset.se\/index.php?rest_route=\/wp\/v2\/posts\/1870","targetHints":{"allow":["GET"]}}],"collection":[{"href":"http:\/\/uumajalaiset.se\/index.php?rest_route=\/wp\/v2\/posts"}],"about":[{"href":"http:\/\/uumajalaiset.se\/index.php?rest_route=\/wp\/v2\/types\/post"}],"author":[{"embeddable":true,"href":"http:\/\/uumajalaiset.se\/index.php?rest_route=\/wp\/v2\/users\/1"}],"replies":[{"embeddable":true,"href":"http:\/\/uumajalaiset.se\/index.php?rest_route=%2Fwp%2Fv2%2Fcomments&post=1870"}],"version-history":[{"count":4,"href":"http:\/\/uumajalaiset.se\/index.php?rest_route=\/wp\/v2\/posts\/1870\/revisions"}],"predecessor-version":[{"id":1936,"href":"http:\/\/uumajalaiset.se\/index.php?rest_route=\/wp\/v2\/posts\/1870\/revisions\/1936"}],"wp:attachment":[{"href":"http:\/\/uumajalaiset.se\/index.php?rest_route=%2Fwp%2Fv2%2Fmedia&parent=1870"}],"wp:term":[{"taxonomy":"category","embeddable":true,"href":"http:\/\/uumajalaiset.se\/index.php?rest_route=%2Fwp%2Fv2%2Fcategories&post=1870"},{"taxonomy":"post_tag","embeddable":true,"href":"http:\/\/uumajalaiset.se\/index.php?rest_route=%2Fwp%2Fv2%2Ftags&post=1870"}],"curies":[{"name":"wp","href":"https:\/\/api.w.org\/{rel}","templated":true}]}}