{"id":1964,"date":"2012-04-27T07:22:47","date_gmt":"2012-04-27T07:22:47","guid":{"rendered":"http:\/\/uumajalaiset.se\/?p=1964"},"modified":"2012-04-27T07:28:36","modified_gmt":"2012-04-27T07:28:36","slug":"veteraanien-paiva-27-4","status":"publish","type":"post","link":"http:\/\/uumajalaiset.se\/?p=1964","title":{"rendered":"Veteraanien p\u00e4iv\u00e4 27.4"},"content":{"rendered":"<p><a href=\"http:\/\/uumajalaiset.se\/?attachment_id=1965\" rel=\"attachment wp-att-1965\"><img loading=\"lazy\" decoding=\"async\" class=\"alignnone size-full wp-image-1965\" title=\"Suomen itsen\u00e4isyysp\u00e4iv\u00e4 2011\" src=\"http:\/\/media.uumajalaiset.se\/2012\/04\/2011-12-06itsen\u00e4isyysp\u00e4iv\u00e4-5.jpg\" alt=\"\" width=\"400\" height=\"300\" srcset=\"http:\/\/media.uumajalaiset.se\/2012\/04\/2011-12-06itsen\u00e4isyysp\u00e4iv\u00e4-5.jpg 400w, http:\/\/media.uumajalaiset.se\/2012\/04\/2011-12-06itsen\u00e4isyysp\u00e4iv\u00e4-5-150x112.jpg 150w, http:\/\/media.uumajalaiset.se\/2012\/04\/2011-12-06itsen\u00e4isyysp\u00e4iv\u00e4-5-300x225.jpg 300w\" sizes=\"auto, (max-width: 400px) 100vw, 400px\" \/><\/a><br \/>\nKansallista veteraanip\u00e4iv\u00e4\u00e4 on vietetty Lapin sodan p\u00e4\u00e4ttymisen vuosip\u00e4iv\u00e4n\u00e4 27.4. vuodesta 1987 l\u00e4htien. Juhlap\u00e4iv\u00e4\u00e4 kunnioitetaan juhlaliputuksella ja elossa olevien sotaveteraanien muistamisella. Kunnissa vietet\u00e4\u00e4n juhlatilaisuuksia, joita veteraanij\u00e4rjest\u00f6t j\u00e4rjest\u00e4v\u00e4t yhteisty\u00f6ss\u00e4 seurakuntien, puolustusvoimien, kansalais- ja maanpuolustus-j\u00e4rjest\u00f6jen, nuorisoj\u00e4rjest\u00f6jen ja eri paikallisten yhteis\u00f6jen kanssa. Joka vuosi on my\u00f6s yksi valtakunnallinen p\u00e4\u00e4tapahtuma.<\/p>\n<p>Veteraanien asiat olivat sodan j\u00e4lkeen Suomelle monin tavoin arka asia. Vasta 1980-luvulla, kun valtaosa sodassa olleista oli jo siirtynyt el\u00e4kkeelle, sodan aiheuttamat ristiriitaiset tunteet olivat selkiytyneet niin, ett\u00e4 voitiin ehdottaa kansallisen veteraanip\u00e4iv\u00e4n ottamista mukaan suomalaiseen juhlakalenteriin. Veteraanip\u00e4iv\u00e4n nime\u00e4minen oli valtiovallan tunnustus maan itsen\u00e4isyyden puolustajille.<\/p>\n<p>Sotaveteraanit osallistuivat Suomen sotiin vuosina 1939\u20131945. Talvisota k\u00e4ytiin 30.11.1939\u201313.3.1940, Jatkosota 25.6.1941\u201319.9.1944 ja Lapin sota 15.9.1944\u201327.4.1945. Rintamalla kului monilta yli 5 vuotta ja moni kokikin menett\u00e4neens\u00e4 siell\u00e4 parhaan ik\u00e4vaiheensa ja terveytens\u00e4.<\/p>\n<p>Sotiemme veteraaneja voidaan pit\u00e4\u00e4 kunniakansalaisina. He osallistuivat taisteluihin rintamalla ja puolustivat is\u00e4nmaamme itsen\u00e4isyytt\u00e4 ja vapautta. Sotiimme osallistuneiden miesten ja naisten yhteiskunnallisten etujen valvomisesta ja sotaveteraanien kuntoutuksesta huolehtivat nykyisin eri veteraanij\u00e4rjest\u00f6t. \u00a0 Kansallinen veteraanip\u00e4iv\u00e4 on vakiintunut liputusp\u00e4iv\u00e4. \u00a0 Jo 1920-luvulla perustetusta Lotta Sv\u00e4rd -j\u00e4rjest\u00f6st\u00e4 tuli sota-aikana osa puolustusvoimia.<\/p>\n","protected":false},"excerpt":{"rendered":"<p>Kansallista veteraanip\u00e4iv\u00e4\u00e4 on vietetty Lapin sodan p\u00e4\u00e4ttymisen vuosip\u00e4iv\u00e4n\u00e4 27.4. vuodesta 1987 l\u00e4htien. Juhlap\u00e4iv\u00e4\u00e4 kunnioitetaan juhlaliputuksella ja elossa olevien sotaveteraanien muistamisella. Kunnissa vietet\u00e4\u00e4n juhlatilaisuuksia, joita veteraanij\u00e4rjest\u00f6t j\u00e4rjest\u00e4v\u00e4t yhteisty\u00f6ss\u00e4 seurakuntien, puolustusvoimien, kansalais- ja maanpuolustus-j\u00e4rjest\u00f6jen, nuorisoj\u00e4rjest\u00f6jen ja eri paikallisten yhteis\u00f6jen kanssa. Joka vuosi &hellip; <a href=\"http:\/\/uumajalaiset.se\/?p=1964\">L\u00e4s mer <span class=\"meta-nav\">&rarr;<\/span><\/a><\/p>\n","protected":false},"author":1,"featured_media":0,"comment_status":"open","ping_status":"open","sticky":false,"template":"","format":"gallery","meta":{"footnotes":""},"categories":[8],"tags":[],"class_list":["post-1964","post","type-post","status-publish","format-gallery","hentry","category-uutiset-2","post_format-post-format-gallery"],"_links":{"self":[{"href":"http:\/\/uumajalaiset.se\/index.php?rest_route=\/wp\/v2\/posts\/1964","targetHints":{"allow":["GET"]}}],"collection":[{"href":"http:\/\/uumajalaiset.se\/index.php?rest_route=\/wp\/v2\/posts"}],"about":[{"href":"http:\/\/uumajalaiset.se\/index.php?rest_route=\/wp\/v2\/types\/post"}],"author":[{"embeddable":true,"href":"http:\/\/uumajalaiset.se\/index.php?rest_route=\/wp\/v2\/users\/1"}],"replies":[{"embeddable":true,"href":"http:\/\/uumajalaiset.se\/index.php?rest_route=%2Fwp%2Fv2%2Fcomments&post=1964"}],"version-history":[{"count":5,"href":"http:\/\/uumajalaiset.se\/index.php?rest_route=\/wp\/v2\/posts\/1964\/revisions"}],"predecessor-version":[{"id":1972,"href":"http:\/\/uumajalaiset.se\/index.php?rest_route=\/wp\/v2\/posts\/1964\/revisions\/1972"}],"wp:attachment":[{"href":"http:\/\/uumajalaiset.se\/index.php?rest_route=%2Fwp%2Fv2%2Fmedia&parent=1964"}],"wp:term":[{"taxonomy":"category","embeddable":true,"href":"http:\/\/uumajalaiset.se\/index.php?rest_route=%2Fwp%2Fv2%2Fcategories&post=1964"},{"taxonomy":"post_tag","embeddable":true,"href":"http:\/\/uumajalaiset.se\/index.php?rest_route=%2Fwp%2Fv2%2Ftags&post=1964"}],"curies":[{"name":"wp","href":"https:\/\/api.w.org\/{rel}","templated":true}]}}