{"id":2022,"date":"2012-04-28T10:52:48","date_gmt":"2012-04-28T10:52:48","guid":{"rendered":"http:\/\/uumajalaiset.se\/?p=2022"},"modified":"2012-04-29T11:12:52","modified_gmt":"2012-04-29T11:12:52","slug":"rasismin-vastainen-keskus-kokoontui-uumajassa","status":"publish","type":"post","link":"http:\/\/uumajalaiset.se\/?p=2022","title":{"rendered":"Rasismin vastainen keskus kokoontui Uumajassa"},"content":{"rendered":"<p><a href=\"http:\/\/uumajalaiset.se\/?attachment_id=2023\" rel=\"attachment wp-att-2023\"><img loading=\"lazy\" decoding=\"async\" class=\"alignnone size-full wp-image-2023\" title=\"2012-04-28CMR (2)\" src=\"http:\/\/media.uumajalaiset.se\/2012\/04\/2012-04-28CMR-2.jpg\" alt=\"\" width=\"500\" height=\"375\" srcset=\"http:\/\/media.uumajalaiset.se\/2012\/04\/2012-04-28CMR-2.jpg 500w, http:\/\/media.uumajalaiset.se\/2012\/04\/2012-04-28CMR-2-150x112.jpg 150w, http:\/\/media.uumajalaiset.se\/2012\/04\/2012-04-28CMR-2-300x225.jpg 300w, http:\/\/media.uumajalaiset.se\/2012\/04\/2012-04-28CMR-2-400x300.jpg 400w\" sizes=\"auto, (max-width: 500px) 100vw, 500px\" \/><\/a><br \/>\nCentrum mot rasism &#8211; valtakunnallinen Rasismin vastainen keskus kokoontui Uumajassa huhtikuun viimeisen\u00e4 viikonloppuna.<br \/>\n<a href=\"http:\/\/uumajalaiset.se\/?attachment_id=2024\" rel=\"attachment wp-att-2024\"><img loading=\"lazy\" decoding=\"async\" class=\"alignnone size-full wp-image-2024\" title=\"2012-04-28CMR (1)\" src=\"http:\/\/media.uumajalaiset.se\/2012\/04\/2012-04-28CMR-1.jpg\" alt=\"\" width=\"500\" height=\"375\" srcset=\"http:\/\/media.uumajalaiset.se\/2012\/04\/2012-04-28CMR-1.jpg 500w, http:\/\/media.uumajalaiset.se\/2012\/04\/2012-04-28CMR-1-150x112.jpg 150w, http:\/\/media.uumajalaiset.se\/2012\/04\/2012-04-28CMR-1-300x225.jpg 300w, http:\/\/media.uumajalaiset.se\/2012\/04\/2012-04-28CMR-1-400x300.jpg 400w\" sizes=\"auto, (max-width: 500px) 100vw, 500px\" \/><\/a><br \/>\nUumajan Suomalainen Kerho on ollut mukana Rasismin vastaisessa keskuksessa jo sen perustamisesta l\u00e4htien, itse asiassa jo siin\u00e4 valmistelevassa valiokunnassa, joka yhdess\u00e4 sen aikaisen Invandrarverketin kanssa suunitteli organisaation perustamista.<br \/>\n<a href=\"http:\/\/uumajalaiset.se\/?attachment_id=2025\" rel=\"attachment wp-att-2025\"><img loading=\"lazy\" decoding=\"async\" class=\"alignnone size-full wp-image-2025\" title=\"2012-04-28CMR (3)\" src=\"http:\/\/media.uumajalaiset.se\/2012\/04\/2012-04-28CMR-3.jpg\" alt=\"\" width=\"500\" height=\"375\" srcset=\"http:\/\/media.uumajalaiset.se\/2012\/04\/2012-04-28CMR-3.jpg 500w, http:\/\/media.uumajalaiset.se\/2012\/04\/2012-04-28CMR-3-150x112.jpg 150w, http:\/\/media.uumajalaiset.se\/2012\/04\/2012-04-28CMR-3-300x225.jpg 300w, http:\/\/media.uumajalaiset.se\/2012\/04\/2012-04-28CMR-3-400x300.jpg 400w\" sizes=\"auto, (max-width: 500px) 100vw, 500px\" \/><\/a><br \/>\nEntinen uumajalainen Ulla Lindstr\u00f6m on edelleen Rasismin vastaisen keskuksen johdossa.<br \/>\n<a href=\"http:\/\/uumajalaiset.se\/?attachment_id=2026\" rel=\"attachment wp-att-2026\"><img loading=\"lazy\" decoding=\"async\" class=\"alignnone size-full wp-image-2026\" title=\"2012-04-28CMR (5)\" src=\"http:\/\/media.uumajalaiset.se\/2012\/04\/2012-04-28CMR-5.jpg\" alt=\"\" width=\"500\" height=\"375\" srcset=\"http:\/\/media.uumajalaiset.se\/2012\/04\/2012-04-28CMR-5.jpg 500w, http:\/\/media.uumajalaiset.se\/2012\/04\/2012-04-28CMR-5-150x112.jpg 150w, http:\/\/media.uumajalaiset.se\/2012\/04\/2012-04-28CMR-5-300x225.jpg 300w, http:\/\/media.uumajalaiset.se\/2012\/04\/2012-04-28CMR-5-400x300.jpg 400w\" sizes=\"auto, (max-width: 500px) 100vw, 500px\" \/><\/a><br \/>\nUumajan Suomalaisen Kerhon puheenjohtaja Raili Borg (vasemmalla), entinen CMR:n kassanhoitaja, toimii nykyisin yhdityksen tilintarkastajana, t\u00e4ss\u00e4 SIUM:in puheenjohtajan Saman Nikmaneshin kanssa.<br \/>\n<a href=\"http:\/\/uumajalaiset.se\/?attachment_id=2027\" rel=\"attachment wp-att-2027\"><img loading=\"lazy\" decoding=\"async\" class=\"alignnone size-full wp-image-2027\" title=\"2012-04-28CMR (4)\" src=\"http:\/\/media.uumajalaiset.se\/2012\/04\/2012-04-28CMR-4.jpg\" alt=\"\" width=\"500\" height=\"375\" srcset=\"http:\/\/media.uumajalaiset.se\/2012\/04\/2012-04-28CMR-4.jpg 500w, http:\/\/media.uumajalaiset.se\/2012\/04\/2012-04-28CMR-4-150x112.jpg 150w, http:\/\/media.uumajalaiset.se\/2012\/04\/2012-04-28CMR-4-300x225.jpg 300w, http:\/\/media.uumajalaiset.se\/2012\/04\/2012-04-28CMR-4-400x300.jpg 400w\" sizes=\"auto, (max-width: 500px) 100vw, 500px\" \/><\/a><br \/>\nMariam Osman Sherifay (keskell\u00e4) on CMR:n puheenjohtaja Sundbybergist\u00e4.<br \/>\n&#8211; Sundbybergh\u00e4n kuuluu nyky\u00e4\u00e4n suomen kielen hallintoalueeseen. Olemme katselleet tarkkaan, miten Uumaja hoitaa v\u00e4hemmist\u00f6asiat ja oppineet paljon t\u00e4\u00e4lt\u00e4, sanoi Mariam Sherifay.\u00a0 &#8211; Saimme t\u00e4ss\u00e4 aikaisemmin kritiikki\u00e4 siit\u00e4, ettemme saaneet suomenkielist\u00e4 esikoulua toimimaan, mutta nyt meill\u00e4 on osasto ja siell\u00e4 jo kahdeksan lasta<br \/>\nVasemmalla 5 i12 -liikkeen edustaja H\u00e4rnosandista ja Gudrun Lindstr\u00f6m Uumajan Mariakirkosta.<\/p>\n","protected":false},"excerpt":{"rendered":"<p>Centrum mot rasism &#8211; valtakunnallinen Rasismin vastainen keskus kokoontui Uumajassa huhtikuun viimeisen\u00e4 viikonloppuna. Uumajan Suomalainen Kerho on ollut mukana Rasismin vastaisessa keskuksessa jo sen perustamisesta l\u00e4htien, itse asiassa jo siin\u00e4 valmistelevassa valiokunnassa, joka yhdess\u00e4 sen aikaisen Invandrarverketin kanssa suunitteli organisaation &hellip; <a href=\"http:\/\/uumajalaiset.se\/?p=2022\">L\u00e4s mer <span class=\"meta-nav\">&rarr;<\/span><\/a><\/p>\n","protected":false},"author":1,"featured_media":0,"comment_status":"open","ping_status":"open","sticky":false,"template":"","format":"gallery","meta":{"footnotes":""},"categories":[8],"tags":[],"class_list":["post-2022","post","type-post","status-publish","format-gallery","hentry","category-uutiset-2","post_format-post-format-gallery"],"_links":{"self":[{"href":"http:\/\/uumajalaiset.se\/index.php?rest_route=\/wp\/v2\/posts\/2022","targetHints":{"allow":["GET"]}}],"collection":[{"href":"http:\/\/uumajalaiset.se\/index.php?rest_route=\/wp\/v2\/posts"}],"about":[{"href":"http:\/\/uumajalaiset.se\/index.php?rest_route=\/wp\/v2\/types\/post"}],"author":[{"embeddable":true,"href":"http:\/\/uumajalaiset.se\/index.php?rest_route=\/wp\/v2\/users\/1"}],"replies":[{"embeddable":true,"href":"http:\/\/uumajalaiset.se\/index.php?rest_route=%2Fwp%2Fv2%2Fcomments&post=2022"}],"version-history":[{"count":5,"href":"http:\/\/uumajalaiset.se\/index.php?rest_route=\/wp\/v2\/posts\/2022\/revisions"}],"predecessor-version":[{"id":2032,"href":"http:\/\/uumajalaiset.se\/index.php?rest_route=\/wp\/v2\/posts\/2022\/revisions\/2032"}],"wp:attachment":[{"href":"http:\/\/uumajalaiset.se\/index.php?rest_route=%2Fwp%2Fv2%2Fmedia&parent=2022"}],"wp:term":[{"taxonomy":"category","embeddable":true,"href":"http:\/\/uumajalaiset.se\/index.php?rest_route=%2Fwp%2Fv2%2Fcategories&post=2022"},{"taxonomy":"post_tag","embeddable":true,"href":"http:\/\/uumajalaiset.se\/index.php?rest_route=%2Fwp%2Fv2%2Ftags&post=2022"}],"curies":[{"name":"wp","href":"https:\/\/api.w.org\/{rel}","templated":true}]}}