{"id":232,"date":"2011-10-28T05:14:57","date_gmt":"2011-10-28T05:14:57","guid":{"rendered":"http:\/\/blogg.uumajalaiset.se\/?p=232"},"modified":"2012-01-28T20:06:48","modified_gmt":"2012-01-28T20:06:48","slug":"tiedotustyoryhma-kehitysparlamentissa","status":"publish","type":"post","link":"http:\/\/uumajalaiset.se\/?p=232","title":{"rendered":"Tiedotusty\u00f6ryhm\u00e4 kehitysparlamentissa"},"content":{"rendered":"<p><a href=\"http:\/\/uumajalaiset.se\/?attachment_id=234\" rel=\"attachment wp-att-234\"><img loading=\"lazy\" decoding=\"async\" class=\"alignnone size-full wp-image-234\" title=\"KONICA MINOLTA DIGITAL CAMERA\" src=\"http:\/\/media.uumajalaiset.se\/2012\/01\/2011-10-29kehitysparlamentti-2.jpg\" alt=\"\" width=\"400\" height=\"300\" srcset=\"http:\/\/media.uumajalaiset.se\/2012\/01\/2011-10-29kehitysparlamentti-2.jpg 400w, http:\/\/media.uumajalaiset.se\/2012\/01\/2011-10-29kehitysparlamentti-2-300x225.jpg 300w\" sizes=\"auto, (max-width: 400px) 100vw, 400px\" \/><\/a><br \/>\nKehitysparlamentin teemana olivat tiedotus ja aikuiskoulutus. Mika Lahdensivu piti tiedotuskoulutusta.\u00a0Kerhon tiedotusty\u00f6ryhm\u00e4liset Raili Borg, Kim Borg ja Olli Falben tutustuivat innokkaina p\u00e4ivien materiaaliin.<a title=\"Lis\u00e4\u00e4 PJ:n blogissa\" href=\"http:\/\/railiborg.blogg.se\/2011\/october\/kehitysparlamentti-laivalla.html\"> Lis\u00e4\u00e4 Pj:n blogissa<\/a>.<br \/>\n\n\t\t<style type=\"text\/css\">\n\t\t\t#gallery-1 {\n\t\t\t\tmargin: auto;\n\t\t\t}\n\t\t\t#gallery-1 .gallery-item {\n\t\t\t\tfloat: left;\n\t\t\t\tmargin-top: 10px;\n\t\t\t\ttext-align: center;\n\t\t\t\twidth: 50%;\n\t\t\t}\n\t\t\t#gallery-1 img {\n\t\t\t\tborder: 2px solid #cfcfcf;\n\t\t\t}\n\t\t\t#gallery-1 .gallery-caption {\n\t\t\t\tmargin-left: 0;\n\t\t\t}\n\t\t\t\/* see gallery_shortcode() in wp-includes\/media.php *\/\n\t\t<\/style>\n\t\t<div id='gallery-1' class='gallery galleryid-232 gallery-columns-2 gallery-size-thumbnail'><dl class='gallery-item'>\n\t\t\t<dt class='gallery-icon landscape'>\n\t\t\t\t<a href='http:\/\/uumajalaiset.se\/?attachment_id=238'><img loading=\"lazy\" decoding=\"async\" width=\"150\" height=\"150\" src=\"http:\/\/media.uumajalaiset.se\/2011\/10\/2011-10-30laiva3_172671794-150x150.jpg\" class=\"attachment-thumbnail size-thumbnail\" alt=\"\" \/><\/a>\n\t\t\t<\/dt><\/dl><dl class='gallery-item'>\n\t\t\t<dt class='gallery-icon landscape'>\n\t\t\t\t<a href='http:\/\/uumajalaiset.se\/?attachment_id=235'><img loading=\"lazy\" decoding=\"async\" width=\"150\" height=\"150\" src=\"http:\/\/media.uumajalaiset.se\/2012\/01\/2011-10-29kehitysparlamentti-3-150x150.jpg\" class=\"attachment-thumbnail size-thumbnail\" alt=\"\" \/><\/a>\n\t\t\t<\/dt><\/dl><br style=\"clear: both\" \/><dl class='gallery-item'>\n\t\t\t<dt class='gallery-icon landscape'>\n\t\t\t\t<a href='http:\/\/uumajalaiset.se\/?attachment_id=234'><img loading=\"lazy\" decoding=\"async\" width=\"150\" height=\"150\" src=\"http:\/\/media.uumajalaiset.se\/2012\/01\/2011-10-29kehitysparlamentti-2-150x150.jpg\" class=\"attachment-thumbnail size-thumbnail\" alt=\"\" \/><\/a>\n\t\t\t<\/dt><\/dl><dl class='gallery-item'>\n\t\t\t<dt class='gallery-icon landscape'>\n\t\t\t\t<a href='http:\/\/uumajalaiset.se\/?attachment_id=233'><img loading=\"lazy\" decoding=\"async\" width=\"150\" height=\"150\" src=\"http:\/\/media.uumajalaiset.se\/2012\/01\/2011-10-29kehitysparlamentti-1-150x150.jpg\" class=\"attachment-thumbnail size-thumbnail\" alt=\"\" \/><\/a>\n\t\t\t<\/dt><\/dl><br style=\"clear: both\" \/>\n\t\t<\/div>\n<br \/>\nToivottavasti kehitysparlamentti tuo lis\u00e4\u00e4 innostusta tiedotukseen.\u00a0RSKL:n varapuheenjohtaja Sinikka Lindqvist ja puheenjohtaja Voitto Visuri olivat my\u00f6s kehitysparlamentissa.<\/p>\n","protected":false},"excerpt":{"rendered":"<p>Kehitysparlamentin teemana olivat tiedotus ja aikuiskoulutus. Mika Lahdensivu piti tiedotuskoulutusta.\u00a0Kerhon tiedotusty\u00f6ryhm\u00e4liset Raili Borg, Kim Borg ja Olli Falben tutustuivat innokkaina p\u00e4ivien materiaaliin. Lis\u00e4\u00e4 Pj:n blogissa. Toivottavasti kehitysparlamentti tuo lis\u00e4\u00e4 innostusta tiedotukseen.\u00a0RSKL:n varapuheenjohtaja Sinikka Lindqvist ja puheenjohtaja Voitto Visuri olivat my\u00f6s &hellip; <a href=\"http:\/\/uumajalaiset.se\/?p=232\">L\u00e4s mer <span class=\"meta-nav\">&rarr;<\/span><\/a><\/p>\n","protected":false},"author":1,"featured_media":0,"comment_status":"open","ping_status":"open","sticky":false,"template":"","format":"gallery","meta":{"footnotes":""},"categories":[8],"tags":[],"class_list":["post-232","post","type-post","status-publish","format-gallery","hentry","category-uutiset-2","post_format-post-format-gallery"],"_links":{"self":[{"href":"http:\/\/uumajalaiset.se\/index.php?rest_route=\/wp\/v2\/posts\/232","targetHints":{"allow":["GET"]}}],"collection":[{"href":"http:\/\/uumajalaiset.se\/index.php?rest_route=\/wp\/v2\/posts"}],"about":[{"href":"http:\/\/uumajalaiset.se\/index.php?rest_route=\/wp\/v2\/types\/post"}],"author":[{"embeddable":true,"href":"http:\/\/uumajalaiset.se\/index.php?rest_route=\/wp\/v2\/users\/1"}],"replies":[{"embeddable":true,"href":"http:\/\/uumajalaiset.se\/index.php?rest_route=%2Fwp%2Fv2%2Fcomments&post=232"}],"version-history":[{"count":11,"href":"http:\/\/uumajalaiset.se\/index.php?rest_route=\/wp\/v2\/posts\/232\/revisions"}],"predecessor-version":[{"id":581,"href":"http:\/\/uumajalaiset.se\/index.php?rest_route=\/wp\/v2\/posts\/232\/revisions\/581"}],"wp:attachment":[{"href":"http:\/\/uumajalaiset.se\/index.php?rest_route=%2Fwp%2Fv2%2Fmedia&parent=232"}],"wp:term":[{"taxonomy":"category","embeddable":true,"href":"http:\/\/uumajalaiset.se\/index.php?rest_route=%2Fwp%2Fv2%2Fcategories&post=232"},{"taxonomy":"post_tag","embeddable":true,"href":"http:\/\/uumajalaiset.se\/index.php?rest_route=%2Fwp%2Fv2%2Ftags&post=232"}],"curies":[{"name":"wp","href":"https:\/\/api.w.org\/{rel}","templated":true}]}}