{"id":2498,"date":"2012-06-02T18:23:38","date_gmt":"2012-06-02T18:23:38","guid":{"rendered":"http:\/\/uumajalaiset.se\/?p=2498"},"modified":"2012-06-05T00:06:55","modified_gmt":"2012-06-05T00:06:55","slug":"sade-pakotti-grillaajat-sisatiloihin","status":"publish","type":"post","link":"http:\/\/uumajalaiset.se\/?p=2498","title":{"rendered":"Sade pakotti grillaajat sis\u00e4tiloihin"},"content":{"rendered":"<p>Uumajan Suomalaisen Kerhon perinteinen grillijuhla jouduttiin pit\u00e4m\u00e4\u00e4n sis\u00e4tiloissa sateen takia. Paikalla oli parisenkymment\u00e4 kerholaista. Mm. Heli ja Lassa Aarnipuro eiv\u00e4t p\u00e4\u00e4sseet\u00a0grillijuhlaan koska\u00a0joku trombi, \u00e4killinen tuulenpuuska,\u00a0oli kaatanut suuren kuusen Rov\u00e5genin\u00a0tien yli.<br \/>\n<a href=\"http:\/\/uumajalaiset.se\/?attachment_id=2499\" rel=\"attachment wp-att-2499\"><img loading=\"lazy\" decoding=\"async\" class=\"alignnone size-full wp-image-2499\" title=\"2012-06-02 grillijuhla m\u00f6kill\u00e4 (6)\" src=\"http:\/\/media.uumajalaiset.se\/2012\/06\/2012-06-02-grillijuhla-m\u00f6kill\u00e4-6.jpg\" alt=\"\" width=\"500\" height=\"375\" srcset=\"http:\/\/media.uumajalaiset.se\/2012\/06\/2012-06-02-grillijuhla-m\u00f6kill\u00e4-6.jpg 500w, http:\/\/media.uumajalaiset.se\/2012\/06\/2012-06-02-grillijuhla-m\u00f6kill\u00e4-6-150x112.jpg 150w, http:\/\/media.uumajalaiset.se\/2012\/06\/2012-06-02-grillijuhla-m\u00f6kill\u00e4-6-300x225.jpg 300w, http:\/\/media.uumajalaiset.se\/2012\/06\/2012-06-02-grillijuhla-m\u00f6kill\u00e4-6-400x300.jpg 400w\" sizes=\"auto, (max-width: 500px) 100vw, 500px\" \/><\/a><br \/>\nGrillimestarina toimi Vesku P\u00e4iv\u00e4rinne.<br \/>\n<a href=\"http:\/\/uumajalaiset.se\/?attachment_id=2500\" rel=\"attachment wp-att-2500\"><img loading=\"lazy\" decoding=\"async\" class=\"alignnone size-full wp-image-2500\" title=\"2012-06-02 grillijuhla m\u00f6kill\u00e4 (7)\" src=\"http:\/\/media.uumajalaiset.se\/2012\/06\/2012-06-02-grillijuhla-m\u00f6kill\u00e4-7.jpg\" alt=\"\" width=\"500\" height=\"375\" srcset=\"http:\/\/media.uumajalaiset.se\/2012\/06\/2012-06-02-grillijuhla-m\u00f6kill\u00e4-7.jpg 500w, http:\/\/media.uumajalaiset.se\/2012\/06\/2012-06-02-grillijuhla-m\u00f6kill\u00e4-7-150x112.jpg 150w, http:\/\/media.uumajalaiset.se\/2012\/06\/2012-06-02-grillijuhla-m\u00f6kill\u00e4-7-300x225.jpg 300w, http:\/\/media.uumajalaiset.se\/2012\/06\/2012-06-02-grillijuhla-m\u00f6kill\u00e4-7-400x300.jpg 400w\" sizes=\"auto, (max-width: 500px) 100vw, 500px\" \/><\/a><br \/>\nHienosti paistuivat marinoidut kotletit.<br \/>\n<a href=\"http:\/\/uumajalaiset.se\/?attachment_id=2501\" rel=\"attachment wp-att-2501\"><img loading=\"lazy\" decoding=\"async\" class=\"alignnone size-full wp-image-2501\" title=\"2012-06-02 grillijuhla m\u00f6kill\u00e4 (1)\" src=\"http:\/\/media.uumajalaiset.se\/2012\/06\/2012-06-02-grillijuhla-m\u00f6kill\u00e4-1.jpg\" alt=\"\" width=\"500\" height=\"375\" srcset=\"http:\/\/media.uumajalaiset.se\/2012\/06\/2012-06-02-grillijuhla-m\u00f6kill\u00e4-1.jpg 500w, http:\/\/media.uumajalaiset.se\/2012\/06\/2012-06-02-grillijuhla-m\u00f6kill\u00e4-1-150x112.jpg 150w, http:\/\/media.uumajalaiset.se\/2012\/06\/2012-06-02-grillijuhla-m\u00f6kill\u00e4-1-300x225.jpg 300w, http:\/\/media.uumajalaiset.se\/2012\/06\/2012-06-02-grillijuhla-m\u00f6kill\u00e4-1-400x300.jpg 400w\" sizes=\"auto, (max-width: 500px) 100vw, 500px\" \/><\/a><br \/>\nMarjatta Forsells oli tehnyt kauniin kev\u00e4isen kattauksen.<br \/>\n<a href=\"http:\/\/uumajalaiset.se\/?attachment_id=2502\" rel=\"attachment wp-att-2502\"><img loading=\"lazy\" decoding=\"async\" class=\"alignnone size-full wp-image-2502\" title=\"2012-06-02 grillijuhla m\u00f6kill\u00e4 (2)\" src=\"http:\/\/media.uumajalaiset.se\/2012\/06\/2012-06-02-grillijuhla-m\u00f6kill\u00e4-2.jpg\" alt=\"\" width=\"500\" height=\"375\" srcset=\"http:\/\/media.uumajalaiset.se\/2012\/06\/2012-06-02-grillijuhla-m\u00f6kill\u00e4-2.jpg 500w, http:\/\/media.uumajalaiset.se\/2012\/06\/2012-06-02-grillijuhla-m\u00f6kill\u00e4-2-150x112.jpg 150w, http:\/\/media.uumajalaiset.se\/2012\/06\/2012-06-02-grillijuhla-m\u00f6kill\u00e4-2-300x225.jpg 300w, http:\/\/media.uumajalaiset.se\/2012\/06\/2012-06-02-grillijuhla-m\u00f6kill\u00e4-2-400x300.jpg 400w\" sizes=\"auto, (max-width: 500px) 100vw, 500px\" \/><\/a><br \/>\nAila Vuorinen, Airi Tikkanen ja Ritva Jokinen olivat paikalla ensimm\u00e4isin\u00e4.<br \/>\n<a href=\"http:\/\/uumajalaiset.se\/?attachment_id=2503\" rel=\"attachment wp-att-2503\"><img loading=\"lazy\" decoding=\"async\" class=\"alignnone size-full wp-image-2503\" title=\"2012-06-02 grillijuhla m\u00f6kill\u00e4 (3)\" src=\"http:\/\/media.uumajalaiset.se\/2012\/06\/2012-06-02-grillijuhla-m\u00f6kill\u00e4-3.jpg\" alt=\"\" width=\"500\" height=\"375\" srcset=\"http:\/\/media.uumajalaiset.se\/2012\/06\/2012-06-02-grillijuhla-m\u00f6kill\u00e4-3.jpg 500w, http:\/\/media.uumajalaiset.se\/2012\/06\/2012-06-02-grillijuhla-m\u00f6kill\u00e4-3-150x112.jpg 150w, http:\/\/media.uumajalaiset.se\/2012\/06\/2012-06-02-grillijuhla-m\u00f6kill\u00e4-3-300x225.jpg 300w, http:\/\/media.uumajalaiset.se\/2012\/06\/2012-06-02-grillijuhla-m\u00f6kill\u00e4-3-400x300.jpg 400w\" sizes=\"auto, (max-width: 500px) 100vw, 500px\" \/><\/a><br \/>\nP\u00f6yd\u00e4st\u00e4 l\u00f6ytyi naposteltavia vihanneksi odotellessa.<br \/>\n<a href=\"http:\/\/uumajalaiset.se\/?attachment_id=2504\" rel=\"attachment wp-att-2504\"><img loading=\"lazy\" decoding=\"async\" class=\"alignnone size-full wp-image-2504\" title=\"2012-06-02 grillijuhla m\u00f6kill\u00e4 (4)\" src=\"http:\/\/media.uumajalaiset.se\/2012\/06\/2012-06-02-grillijuhla-m\u00f6kill\u00e4-4.jpg\" alt=\"\" width=\"500\" height=\"375\" srcset=\"http:\/\/media.uumajalaiset.se\/2012\/06\/2012-06-02-grillijuhla-m\u00f6kill\u00e4-4.jpg 500w, http:\/\/media.uumajalaiset.se\/2012\/06\/2012-06-02-grillijuhla-m\u00f6kill\u00e4-4-150x112.jpg 150w, http:\/\/media.uumajalaiset.se\/2012\/06\/2012-06-02-grillijuhla-m\u00f6kill\u00e4-4-300x225.jpg 300w, http:\/\/media.uumajalaiset.se\/2012\/06\/2012-06-02-grillijuhla-m\u00f6kill\u00e4-4-400x300.jpg 400w\" sizes=\"auto, (max-width: 500px) 100vw, 500px\" \/><\/a><br \/>\nVille oli paikalla tytt\u00f6yst\u00e4v\u00e4ns\u00e4 kanssa.<br \/>\n<a href=\"http:\/\/uumajalaiset.se\/?attachment_id=2505\" rel=\"attachment wp-att-2505\"><img loading=\"lazy\" decoding=\"async\" class=\"alignnone size-full wp-image-2505\" title=\"2012-06-02 grillijuhla m\u00f6kill\u00e4 (5)\" src=\"http:\/\/media.uumajalaiset.se\/2012\/06\/2012-06-02-grillijuhla-m\u00f6kill\u00e4-5.jpg\" alt=\"\" width=\"500\" height=\"375\" srcset=\"http:\/\/media.uumajalaiset.se\/2012\/06\/2012-06-02-grillijuhla-m\u00f6kill\u00e4-5.jpg 500w, http:\/\/media.uumajalaiset.se\/2012\/06\/2012-06-02-grillijuhla-m\u00f6kill\u00e4-5-150x112.jpg 150w, http:\/\/media.uumajalaiset.se\/2012\/06\/2012-06-02-grillijuhla-m\u00f6kill\u00e4-5-300x225.jpg 300w, http:\/\/media.uumajalaiset.se\/2012\/06\/2012-06-02-grillijuhla-m\u00f6kill\u00e4-5-400x300.jpg 400w\" sizes=\"auto, (max-width: 500px) 100vw, 500px\" \/><\/a><br \/>\nMarjatta Forsellskin ehti hetkeksi istahtamaan kaiken touhun keskell\u00e4.<br \/>\n<a href=\"http:\/\/uumajalaiset.se\/?attachment_id=2506\" rel=\"attachment wp-att-2506\"><img loading=\"lazy\" decoding=\"async\" class=\"alignnone size-full wp-image-2506\" title=\"2012-06-02 grillijuhla m\u00f6kill\u00e4 (8)\" src=\"http:\/\/media.uumajalaiset.se\/2012\/06\/2012-06-02-grillijuhla-m\u00f6kill\u00e4-8.jpg\" alt=\"\" width=\"500\" height=\"375\" srcset=\"http:\/\/media.uumajalaiset.se\/2012\/06\/2012-06-02-grillijuhla-m\u00f6kill\u00e4-8.jpg 500w, http:\/\/media.uumajalaiset.se\/2012\/06\/2012-06-02-grillijuhla-m\u00f6kill\u00e4-8-150x112.jpg 150w, http:\/\/media.uumajalaiset.se\/2012\/06\/2012-06-02-grillijuhla-m\u00f6kill\u00e4-8-300x225.jpg 300w, http:\/\/media.uumajalaiset.se\/2012\/06\/2012-06-02-grillijuhla-m\u00f6kill\u00e4-8-400x300.jpg 400w\" sizes=\"auto, (max-width: 500px) 100vw, 500px\" \/><\/a><br \/>\nSallattiakin saattoi maistella odotellessa.<br \/>\n<a href=\"http:\/\/uumajalaiset.se\/?attachment_id=2507\" rel=\"attachment wp-att-2507\"><img loading=\"lazy\" decoding=\"async\" class=\"alignnone size-full wp-image-2507\" title=\"2012-06-02 grillijuhla m\u00f6kill\u00e4 (9)\" src=\"http:\/\/media.uumajalaiset.se\/2012\/06\/2012-06-02-grillijuhla-m\u00f6kill\u00e4-9.jpg\" alt=\"\" width=\"500\" height=\"375\" srcset=\"http:\/\/media.uumajalaiset.se\/2012\/06\/2012-06-02-grillijuhla-m\u00f6kill\u00e4-9.jpg 500w, http:\/\/media.uumajalaiset.se\/2012\/06\/2012-06-02-grillijuhla-m\u00f6kill\u00e4-9-150x112.jpg 150w, http:\/\/media.uumajalaiset.se\/2012\/06\/2012-06-02-grillijuhla-m\u00f6kill\u00e4-9-300x225.jpg 300w, http:\/\/media.uumajalaiset.se\/2012\/06\/2012-06-02-grillijuhla-m\u00f6kill\u00e4-9-400x300.jpg 400w\" sizes=\"auto, (max-width: 500px) 100vw, 500px\" \/><\/a><br \/>\nKim Borg nauratti naisia, ainakin t\u00e4ss\u00e4 Mirjami Kivinieme\u00e4.<br \/>\n<a href=\"http:\/\/uumajalaiset.se\/?attachment_id=2508\" rel=\"attachment wp-att-2508\"><img loading=\"lazy\" decoding=\"async\" class=\"alignnone size-full wp-image-2508\" title=\"2012-06-02 grillijuhla m\u00f6kill\u00e4 (10)\" src=\"http:\/\/media.uumajalaiset.se\/2012\/06\/2012-06-02-grillijuhla-m\u00f6kill\u00e4-10.jpg\" alt=\"\" width=\"500\" height=\"375\" srcset=\"http:\/\/media.uumajalaiset.se\/2012\/06\/2012-06-02-grillijuhla-m\u00f6kill\u00e4-10.jpg 500w, http:\/\/media.uumajalaiset.se\/2012\/06\/2012-06-02-grillijuhla-m\u00f6kill\u00e4-10-150x112.jpg 150w, http:\/\/media.uumajalaiset.se\/2012\/06\/2012-06-02-grillijuhla-m\u00f6kill\u00e4-10-300x225.jpg 300w, http:\/\/media.uumajalaiset.se\/2012\/06\/2012-06-02-grillijuhla-m\u00f6kill\u00e4-10-400x300.jpg 400w\" sizes=\"auto, (max-width: 500px) 100vw, 500px\" \/><\/a><br \/>\nGrillatut kotletit perunalaatikon ja salaatin kera maistuivat tosi hyv\u00e4lle. J\u00e4lkiruokana oli j\u00e4\u00e4tel\u00f6\u00e4 ja tuoreita mansikoita tummalla suklaalla koristeltuna sek\u00e4 Marjatta Forsellsin tekem\u00e4 tosi mahtava kahvileip\u00e4p\u00f6yt\u00e4 kaksine kakkuineen ja eri tyyppisine vehn\u00e4leipineen.<br \/>\n<a href=\"http:\/\/uumajalaiset.se\/?attachment_id=2509\" rel=\"attachment wp-att-2509\"><img loading=\"lazy\" decoding=\"async\" class=\"alignnone size-full wp-image-2509\" title=\"2012-06-02 grillijuhla m\u00f6kill\u00e4 (11)\" src=\"http:\/\/media.uumajalaiset.se\/2012\/06\/2012-06-02-grillijuhla-m\u00f6kill\u00e4-11.jpg\" alt=\"\" width=\"500\" height=\"375\" srcset=\"http:\/\/media.uumajalaiset.se\/2012\/06\/2012-06-02-grillijuhla-m\u00f6kill\u00e4-11.jpg 500w, http:\/\/media.uumajalaiset.se\/2012\/06\/2012-06-02-grillijuhla-m\u00f6kill\u00e4-11-150x112.jpg 150w, http:\/\/media.uumajalaiset.se\/2012\/06\/2012-06-02-grillijuhla-m\u00f6kill\u00e4-11-300x225.jpg 300w, http:\/\/media.uumajalaiset.se\/2012\/06\/2012-06-02-grillijuhla-m\u00f6kill\u00e4-11-400x300.jpg 400w\" sizes=\"auto, (max-width: 500px) 100vw, 500px\" \/><\/a><br \/>\nRuokailun p\u00e4\u00e4tteeksi vedettin karaokevehkeet esiin ja Vesku P\u00e4iv\u00e4rinne viihdytti paikalle j\u00e4\u00e4neit\u00e4 laulullaan.<br \/>\n<a href=\"http:\/\/uumajalaiset.se\/?attachment_id=2510\" rel=\"attachment wp-att-2510\"><img loading=\"lazy\" decoding=\"async\" class=\"alignnone size-full wp-image-2510\" title=\"2012-06-02 grillijuhla m\u00f6kill\u00e4 (12)\" src=\"http:\/\/media.uumajalaiset.se\/2012\/06\/2012-06-02-grillijuhla-m\u00f6kill\u00e4-12.jpg\" alt=\"\" width=\"500\" height=\"375\" srcset=\"http:\/\/media.uumajalaiset.se\/2012\/06\/2012-06-02-grillijuhla-m\u00f6kill\u00e4-12.jpg 500w, http:\/\/media.uumajalaiset.se\/2012\/06\/2012-06-02-grillijuhla-m\u00f6kill\u00e4-12-150x112.jpg 150w, http:\/\/media.uumajalaiset.se\/2012\/06\/2012-06-02-grillijuhla-m\u00f6kill\u00e4-12-300x225.jpg 300w, http:\/\/media.uumajalaiset.se\/2012\/06\/2012-06-02-grillijuhla-m\u00f6kill\u00e4-12-400x300.jpg 400w\" sizes=\"auto, (max-width: 500px) 100vw, 500px\" \/><\/a><br \/>\nVeskun kuorotytt\u00f6in\u00e4 t\u00e4ss\u00e4 puheenjohtaja Raili Borg ja Mirjami Kiviniemi.<br \/>\n<a href=\"http:\/\/uumajalaiset.se\/?attachment_id=2511\" rel=\"attachment wp-att-2511\"><img loading=\"lazy\" decoding=\"async\" class=\"alignnone size-full wp-image-2511\" title=\"2012-06-02 grillijuhla m\u00f6kill\u00e4 (13)\" src=\"http:\/\/media.uumajalaiset.se\/2012\/06\/2012-06-02-grillijuhla-m\u00f6kill\u00e4-13.jpg\" alt=\"\" width=\"500\" height=\"375\" srcset=\"http:\/\/media.uumajalaiset.se\/2012\/06\/2012-06-02-grillijuhla-m\u00f6kill\u00e4-13.jpg 500w, http:\/\/media.uumajalaiset.se\/2012\/06\/2012-06-02-grillijuhla-m\u00f6kill\u00e4-13-150x112.jpg 150w, http:\/\/media.uumajalaiset.se\/2012\/06\/2012-06-02-grillijuhla-m\u00f6kill\u00e4-13-300x225.jpg 300w, http:\/\/media.uumajalaiset.se\/2012\/06\/2012-06-02-grillijuhla-m\u00f6kill\u00e4-13-400x300.jpg 400w\" sizes=\"auto, (max-width: 500px) 100vw, 500px\" \/><\/a><br \/>\nVesku ja Torsten.<br \/>\n<a href=\"http:\/\/uumajalaiset.se\/?attachment_id=2512\" rel=\"attachment wp-att-2512\"><img loading=\"lazy\" decoding=\"async\" class=\"alignnone size-full wp-image-2512\" title=\"2012-06-02 grillijuhla m\u00f6kill\u00e4 (14)\" src=\"http:\/\/media.uumajalaiset.se\/2012\/06\/2012-06-02-grillijuhla-m\u00f6kill\u00e4-14.jpg\" alt=\"\" width=\"500\" height=\"375\" srcset=\"http:\/\/media.uumajalaiset.se\/2012\/06\/2012-06-02-grillijuhla-m\u00f6kill\u00e4-14.jpg 500w, http:\/\/media.uumajalaiset.se\/2012\/06\/2012-06-02-grillijuhla-m\u00f6kill\u00e4-14-150x112.jpg 150w, http:\/\/media.uumajalaiset.se\/2012\/06\/2012-06-02-grillijuhla-m\u00f6kill\u00e4-14-300x225.jpg 300w, http:\/\/media.uumajalaiset.se\/2012\/06\/2012-06-02-grillijuhla-m\u00f6kill\u00e4-14-400x300.jpg 400w\" sizes=\"auto, (max-width: 500px) 100vw, 500px\" \/><\/a><br \/>\nMarjatta ja Torsten panivat jalalla koreasti.<br \/>\n<a href=\"http:\/\/uumajalaiset.se\/?attachment_id=2513\" rel=\"attachment wp-att-2513\"><img loading=\"lazy\" decoding=\"async\" class=\"alignnone size-full wp-image-2513\" title=\"2012-06-02 grillijuhla m\u00f6kill\u00e4 (15)\" src=\"http:\/\/media.uumajalaiset.se\/2012\/06\/2012-06-02-grillijuhla-m\u00f6kill\u00e4-15.jpg\" alt=\"\" width=\"500\" height=\"375\" srcset=\"http:\/\/media.uumajalaiset.se\/2012\/06\/2012-06-02-grillijuhla-m\u00f6kill\u00e4-15.jpg 500w, http:\/\/media.uumajalaiset.se\/2012\/06\/2012-06-02-grillijuhla-m\u00f6kill\u00e4-15-150x112.jpg 150w, http:\/\/media.uumajalaiset.se\/2012\/06\/2012-06-02-grillijuhla-m\u00f6kill\u00e4-15-300x225.jpg 300w, http:\/\/media.uumajalaiset.se\/2012\/06\/2012-06-02-grillijuhla-m\u00f6kill\u00e4-15-400x300.jpg 400w\" sizes=\"auto, (max-width: 500px) 100vw, 500px\" \/><\/a><br \/>\nVesku, Torsten ja Marjatta Uumajan Suomalaisen Kerhon m\u00f6kill\u00e4 sateisessa suviy\u00f6ss\u00e4.<\/p>\n<p>Foto:Borg<\/p>\n","protected":false},"excerpt":{"rendered":"<p>Uumajan Suomalaisen Kerhon perinteinen grillijuhla jouduttiin pit\u00e4m\u00e4\u00e4n sis\u00e4tiloissa sateen takia. Paikalla oli parisenkymment\u00e4 kerholaista. Mm. Heli ja Lassa Aarnipuro eiv\u00e4t p\u00e4\u00e4sseet\u00a0grillijuhlaan koska\u00a0joku trombi, \u00e4killinen tuulenpuuska,\u00a0oli kaatanut suuren kuusen Rov\u00e5genin\u00a0tien yli. Grillimestarina toimi Vesku P\u00e4iv\u00e4rinne. Hienosti paistuivat marinoidut kotletit. Marjatta Forsells &hellip; <a href=\"http:\/\/uumajalaiset.se\/?p=2498\">L\u00e4s mer <span class=\"meta-nav\">&rarr;<\/span><\/a><\/p>\n","protected":false},"author":1,"featured_media":0,"comment_status":"open","ping_status":"open","sticky":false,"template":"","format":"gallery","meta":{"footnotes":""},"categories":[8],"tags":[],"class_list":["post-2498","post","type-post","status-publish","format-gallery","hentry","category-uutiset-2","post_format-post-format-gallery"],"_links":{"self":[{"href":"http:\/\/uumajalaiset.se\/index.php?rest_route=\/wp\/v2\/posts\/2498","targetHints":{"allow":["GET"]}}],"collection":[{"href":"http:\/\/uumajalaiset.se\/index.php?rest_route=\/wp\/v2\/posts"}],"about":[{"href":"http:\/\/uumajalaiset.se\/index.php?rest_route=\/wp\/v2\/types\/post"}],"author":[{"embeddable":true,"href":"http:\/\/uumajalaiset.se\/index.php?rest_route=\/wp\/v2\/users\/1"}],"replies":[{"embeddable":true,"href":"http:\/\/uumajalaiset.se\/index.php?rest_route=%2Fwp%2Fv2%2Fcomments&post=2498"}],"version-history":[{"count":11,"href":"http:\/\/uumajalaiset.se\/index.php?rest_route=\/wp\/v2\/posts\/2498\/revisions"}],"predecessor-version":[{"id":2516,"href":"http:\/\/uumajalaiset.se\/index.php?rest_route=\/wp\/v2\/posts\/2498\/revisions\/2516"}],"wp:attachment":[{"href":"http:\/\/uumajalaiset.se\/index.php?rest_route=%2Fwp%2Fv2%2Fmedia&parent=2498"}],"wp:term":[{"taxonomy":"category","embeddable":true,"href":"http:\/\/uumajalaiset.se\/index.php?rest_route=%2Fwp%2Fv2%2Fcategories&post=2498"},{"taxonomy":"post_tag","embeddable":true,"href":"http:\/\/uumajalaiset.se\/index.php?rest_route=%2Fwp%2Fv2%2Ftags&post=2498"}],"curies":[{"name":"wp","href":"https:\/\/api.w.org\/{rel}","templated":true}]}}