{"id":2520,"date":"2012-06-03T22:21:52","date_gmt":"2012-06-03T22:21:52","guid":{"rendered":"http:\/\/uumajalaiset.se\/?p=2520"},"modified":"2012-06-04T22:26:14","modified_gmt":"2012-06-04T22:26:14","slug":"vahemmistofestivaali-tulossa","status":"publish","type":"post","link":"http:\/\/uumajalaiset.se\/?p=2520","title":{"rendered":"V\u00e4hemmist\u00f6festivaali tulossa"},"content":{"rendered":"<p><a href=\"http:\/\/uumajalaiset.se\/?attachment_id=2521\" rel=\"attachment wp-att-2521\"><img loading=\"lazy\" decoding=\"async\" class=\"alignnone size-full wp-image-2521\" title=\"2012-06-03planering_minoritetsfestival (2)\" src=\"http:\/\/media.uumajalaiset.se\/2012\/06\/2012-06-03planering_minoritetsfestival-2.jpg\" alt=\"\" width=\"500\" height=\"375\" srcset=\"http:\/\/media.uumajalaiset.se\/2012\/06\/2012-06-03planering_minoritetsfestival-2.jpg 500w, http:\/\/media.uumajalaiset.se\/2012\/06\/2012-06-03planering_minoritetsfestival-2-150x112.jpg 150w, http:\/\/media.uumajalaiset.se\/2012\/06\/2012-06-03planering_minoritetsfestival-2-300x225.jpg 300w, http:\/\/media.uumajalaiset.se\/2012\/06\/2012-06-03planering_minoritetsfestival-2-400x300.jpg 400w\" sizes=\"auto, (max-width: 500px) 100vw, 500px\" \/><\/a><br \/>\nUumajan kunta suunnittelee yhdess\u00e4 kansallisten v\u00e4hemmist\u00f6jen kanssa V\u00e4hemmist\u00f6festivaalia 29.9 noin klo 11.00 &#8211; 16.00 Kaupungin Folkets Husille.<\/p>\n<p>Tarkoituksena on huomioida kunnan kansalliset v\u00e4hemmist\u00f6t. Ohjelman suunnittelu ja rahoituksen haku on juuri alkanut.<\/p>\n","protected":false},"excerpt":{"rendered":"<p>Uumajan kunta suunnittelee yhdess\u00e4 kansallisten v\u00e4hemmist\u00f6jen kanssa V\u00e4hemmist\u00f6festivaalia 29.9 noin klo 11.00 &#8211; 16.00 Kaupungin Folkets Husille. Tarkoituksena on huomioida kunnan kansalliset v\u00e4hemmist\u00f6t. Ohjelman suunnittelu ja rahoituksen haku on juuri alkanut.<\/p>\n","protected":false},"author":1,"featured_media":0,"comment_status":"open","ping_status":"open","sticky":false,"template":"","format":"gallery","meta":{"footnotes":""},"categories":[8],"tags":[],"class_list":["post-2520","post","type-post","status-publish","format-gallery","hentry","category-uutiset-2","post_format-post-format-gallery"],"_links":{"self":[{"href":"http:\/\/uumajalaiset.se\/index.php?rest_route=\/wp\/v2\/posts\/2520","targetHints":{"allow":["GET"]}}],"collection":[{"href":"http:\/\/uumajalaiset.se\/index.php?rest_route=\/wp\/v2\/posts"}],"about":[{"href":"http:\/\/uumajalaiset.se\/index.php?rest_route=\/wp\/v2\/types\/post"}],"author":[{"embeddable":true,"href":"http:\/\/uumajalaiset.se\/index.php?rest_route=\/wp\/v2\/users\/1"}],"replies":[{"embeddable":true,"href":"http:\/\/uumajalaiset.se\/index.php?rest_route=%2Fwp%2Fv2%2Fcomments&post=2520"}],"version-history":[{"count":2,"href":"http:\/\/uumajalaiset.se\/index.php?rest_route=\/wp\/v2\/posts\/2520\/revisions"}],"predecessor-version":[{"id":2523,"href":"http:\/\/uumajalaiset.se\/index.php?rest_route=\/wp\/v2\/posts\/2520\/revisions\/2523"}],"wp:attachment":[{"href":"http:\/\/uumajalaiset.se\/index.php?rest_route=%2Fwp%2Fv2%2Fmedia&parent=2520"}],"wp:term":[{"taxonomy":"category","embeddable":true,"href":"http:\/\/uumajalaiset.se\/index.php?rest_route=%2Fwp%2Fv2%2Fcategories&post=2520"},{"taxonomy":"post_tag","embeddable":true,"href":"http:\/\/uumajalaiset.se\/index.php?rest_route=%2Fwp%2Fv2%2Ftags&post=2520"}],"curies":[{"name":"wp","href":"https:\/\/api.w.org\/{rel}","templated":true}]}}