{"id":2779,"date":"2012-06-17T21:24:46","date_gmt":"2012-06-17T21:24:46","guid":{"rendered":"http:\/\/uumajalaiset.se\/?p=2779"},"modified":"2012-06-19T03:31:50","modified_gmt":"2012-06-19T03:31:50","slug":"kerho-juhli-siumin-kanssa-abfn-100-vuotisjuhlaa","status":"publish","type":"post","link":"http:\/\/uumajalaiset.se\/?p=2779","title":{"rendered":"Kerho juhli SIUM:in kanssa ABF:n 100-vuotisjuhlaa"},"content":{"rendered":"<p><a href=\"http:\/\/uumajalaiset.se\/?attachment_id=2781\" rel=\"attachment wp-att-2781\"><img loading=\"lazy\" decoding=\"async\" class=\"alignnone size-full wp-image-2781\" title=\"2012-06-17SIUMin festit ABF 100 vuotta (1)\" src=\"http:\/\/media.uumajalaiset.se\/2012\/06\/2012-06-17SIUMin-festit-ABF-100-vuotta-1.jpg\" alt=\"\" width=\"500\" height=\"375\" srcset=\"http:\/\/media.uumajalaiset.se\/2012\/06\/2012-06-17SIUMin-festit-ABF-100-vuotta-1.jpg 500w, http:\/\/media.uumajalaiset.se\/2012\/06\/2012-06-17SIUMin-festit-ABF-100-vuotta-1-150x112.jpg 150w, http:\/\/media.uumajalaiset.se\/2012\/06\/2012-06-17SIUMin-festit-ABF-100-vuotta-1-300x225.jpg 300w, http:\/\/media.uumajalaiset.se\/2012\/06\/2012-06-17SIUMin-festit-ABF-100-vuotta-1-400x300.jpg 400w\" sizes=\"auto, (max-width: 500px) 100vw, 500px\" \/><\/a><br \/>\nUumajan Suomalainen Kerho juhli\u00a0SIUM:in kanssa \u00a0ABF:n 100-vuotissyntt\u00e4reit\u00e4.<br \/>\nAlkuper\u00e4isen\u00e4 ideanahan oli juhlia m\u00f6kill\u00e4 tangon, saunan ja vihtojen voimalla, mutta kun m\u00f6kki oli varattu. T\u00e4m\u00e4 oli siis suunitelma B,\u00a0mutta varsin onnistunut siit\u00e4 tuli. Aida Mehrani Iranilaisten yhdistyksest\u00e4 oli tehnyt oikein hienon yst\u00e4v\u00e4nkakun, jossa olivat SIUM:in parhaat yst\u00e4v\u00e4t ABF:n lis\u00e4ksi.<br \/>\n<a href=\"http:\/\/uumajalaiset.se\/?attachment_id=2782\" rel=\"attachment wp-att-2782\"><img loading=\"lazy\" decoding=\"async\" class=\"alignnone size-full wp-image-2782\" title=\"2012-06-17SIUMin festit ABF 100 vuotta (2)\" src=\"http:\/\/media.uumajalaiset.se\/2012\/06\/2012-06-17SIUMin-festit-ABF-100-vuotta-2.jpg\" alt=\"\" width=\"500\" height=\"375\" srcset=\"http:\/\/media.uumajalaiset.se\/2012\/06\/2012-06-17SIUMin-festit-ABF-100-vuotta-2.jpg 500w, http:\/\/media.uumajalaiset.se\/2012\/06\/2012-06-17SIUMin-festit-ABF-100-vuotta-2-150x112.jpg 150w, http:\/\/media.uumajalaiset.se\/2012\/06\/2012-06-17SIUMin-festit-ABF-100-vuotta-2-300x225.jpg 300w, http:\/\/media.uumajalaiset.se\/2012\/06\/2012-06-17SIUMin-festit-ABF-100-vuotta-2-400x300.jpg 400w\" sizes=\"auto, (max-width: 500px) 100vw, 500px\" \/><\/a><br \/>\nSalaattip\u00f6yt\u00e4 oli valmis.<br \/>\n<a href=\"http:\/\/uumajalaiset.se\/?attachment_id=2783\" rel=\"attachment wp-att-2783\"><img loading=\"lazy\" decoding=\"async\" class=\"alignnone size-full wp-image-2783\" title=\"2012-06-17SIUMin festit ABF 100 vuotta (3)\" src=\"http:\/\/media.uumajalaiset.se\/2012\/06\/2012-06-17SIUMin-festit-ABF-100-vuotta-3.jpg\" alt=\"\" width=\"500\" height=\"375\" srcset=\"http:\/\/media.uumajalaiset.se\/2012\/06\/2012-06-17SIUMin-festit-ABF-100-vuotta-3.jpg 500w, http:\/\/media.uumajalaiset.se\/2012\/06\/2012-06-17SIUMin-festit-ABF-100-vuotta-3-150x112.jpg 150w, http:\/\/media.uumajalaiset.se\/2012\/06\/2012-06-17SIUMin-festit-ABF-100-vuotta-3-300x225.jpg 300w, http:\/\/media.uumajalaiset.se\/2012\/06\/2012-06-17SIUMin-festit-ABF-100-vuotta-3-400x300.jpg 400w\" sizes=\"auto, (max-width: 500px) 100vw, 500px\" \/><\/a><br \/>\nAlkupaloja mutusteltavaksi.<br \/>\n<a href=\"http:\/\/uumajalaiset.se\/?attachment_id=2784\" rel=\"attachment wp-att-2784\"><img loading=\"lazy\" decoding=\"async\" class=\"alignnone size-full wp-image-2784\" title=\"2012-06-17SIUMin festit ABF 100 vuotta (4)\" src=\"http:\/\/media.uumajalaiset.se\/2012\/06\/2012-06-17SIUMin-festit-ABF-100-vuotta-4.jpg\" alt=\"\" width=\"500\" height=\"375\" srcset=\"http:\/\/media.uumajalaiset.se\/2012\/06\/2012-06-17SIUMin-festit-ABF-100-vuotta-4.jpg 500w, http:\/\/media.uumajalaiset.se\/2012\/06\/2012-06-17SIUMin-festit-ABF-100-vuotta-4-150x112.jpg 150w, http:\/\/media.uumajalaiset.se\/2012\/06\/2012-06-17SIUMin-festit-ABF-100-vuotta-4-300x225.jpg 300w, http:\/\/media.uumajalaiset.se\/2012\/06\/2012-06-17SIUMin-festit-ABF-100-vuotta-4-400x300.jpg 400w\" sizes=\"auto, (max-width: 500px) 100vw, 500px\" \/><\/a><br \/>\nGrillien luona k\u00e4vi aikamoinen tohina. T\u00e4ss\u00e4 Eritrealaisten naistenyhdistyksest\u00e4 Tsehainesi Biten kebab -puikkojen paistossa. Taustalla columbialainen Jose Sobrino ja eritrealainen Araja, jonka sukunime\u00e4 en uskalla ulkomuistista kirjottaa.<br \/>\n<a href=\"http:\/\/uumajalaiset.se\/?attachment_id=2785\" rel=\"attachment wp-att-2785\"><img loading=\"lazy\" decoding=\"async\" class=\"alignnone size-full wp-image-2785\" title=\"2012-06-17SIUMin festit ABF 100 vuotta (5)\" src=\"http:\/\/media.uumajalaiset.se\/2012\/06\/2012-06-17SIUMin-festit-ABF-100-vuotta-5.jpg\" alt=\"\" width=\"500\" height=\"375\" srcset=\"http:\/\/media.uumajalaiset.se\/2012\/06\/2012-06-17SIUMin-festit-ABF-100-vuotta-5.jpg 500w, http:\/\/media.uumajalaiset.se\/2012\/06\/2012-06-17SIUMin-festit-ABF-100-vuotta-5-150x112.jpg 150w, http:\/\/media.uumajalaiset.se\/2012\/06\/2012-06-17SIUMin-festit-ABF-100-vuotta-5-300x225.jpg 300w, http:\/\/media.uumajalaiset.se\/2012\/06\/2012-06-17SIUMin-festit-ABF-100-vuotta-5-400x300.jpg 400w\" sizes=\"auto, (max-width: 500px) 100vw, 500px\" \/><\/a><br \/>\nTsehainesi ja Araja.<br \/>\n<a href=\"http:\/\/uumajalaiset.se\/?attachment_id=2787\" rel=\"attachment wp-att-2787\"><img loading=\"lazy\" decoding=\"async\" class=\"alignnone size-full wp-image-2787\" title=\"2012-06-17SIUMin festit ABF 100 vuotta (6)\" src=\"http:\/\/media.uumajalaiset.se\/2012\/06\/2012-06-17SIUMin-festit-ABF-100-vuotta-6.jpg\" alt=\"\" width=\"500\" height=\"375\" srcset=\"http:\/\/media.uumajalaiset.se\/2012\/06\/2012-06-17SIUMin-festit-ABF-100-vuotta-6.jpg 500w, http:\/\/media.uumajalaiset.se\/2012\/06\/2012-06-17SIUMin-festit-ABF-100-vuotta-6-150x112.jpg 150w, http:\/\/media.uumajalaiset.se\/2012\/06\/2012-06-17SIUMin-festit-ABF-100-vuotta-6-300x225.jpg 300w, http:\/\/media.uumajalaiset.se\/2012\/06\/2012-06-17SIUMin-festit-ABF-100-vuotta-6-400x300.jpg 400w\" sizes=\"auto, (max-width: 500px) 100vw, 500px\" \/><\/a><br \/>\nKananlihagrilliss\u00e4 huseerasi columbialainen Jose Sobrino Pe\u00f1a Latina yhdistyksest\u00e4..<br \/>\n<a href=\"http:\/\/uumajalaiset.se\/?attachment_id=2788\" rel=\"attachment wp-att-2788\"><img loading=\"lazy\" decoding=\"async\" class=\"alignnone size-full wp-image-2788\" title=\"2012-06-17SIUMin festit ABF 100 vuotta (7)\" src=\"http:\/\/media.uumajalaiset.se\/2012\/06\/2012-06-17SIUMin-festit-ABF-100-vuotta-7.jpg\" alt=\"\" width=\"500\" height=\"375\" srcset=\"http:\/\/media.uumajalaiset.se\/2012\/06\/2012-06-17SIUMin-festit-ABF-100-vuotta-7.jpg 500w, http:\/\/media.uumajalaiset.se\/2012\/06\/2012-06-17SIUMin-festit-ABF-100-vuotta-7-150x112.jpg 150w, http:\/\/media.uumajalaiset.se\/2012\/06\/2012-06-17SIUMin-festit-ABF-100-vuotta-7-300x225.jpg 300w, http:\/\/media.uumajalaiset.se\/2012\/06\/2012-06-17SIUMin-festit-ABF-100-vuotta-7-400x300.jpg 400w\" sizes=\"auto, (max-width: 500px) 100vw, 500px\" \/><\/a><br \/>\nSiin\u00e4 paistuvat saffranissa ja joghurtissa marinoidut kananfileet.<br \/>\n<a href=\"http:\/\/uumajalaiset.se\/?attachment_id=2790\" rel=\"attachment wp-att-2790\"><img loading=\"lazy\" decoding=\"async\" class=\"alignnone size-full wp-image-2790\" title=\"2012-06-17SIUMin festit ABF 100 vuotta (8)\" src=\"http:\/\/media.uumajalaiset.se\/2012\/06\/2012-06-17SIUMin-festit-ABF-100-vuotta-8.jpg\" alt=\"\" width=\"500\" height=\"375\" srcset=\"http:\/\/media.uumajalaiset.se\/2012\/06\/2012-06-17SIUMin-festit-ABF-100-vuotta-8.jpg 500w, http:\/\/media.uumajalaiset.se\/2012\/06\/2012-06-17SIUMin-festit-ABF-100-vuotta-8-150x112.jpg 150w, http:\/\/media.uumajalaiset.se\/2012\/06\/2012-06-17SIUMin-festit-ABF-100-vuotta-8-300x225.jpg 300w, http:\/\/media.uumajalaiset.se\/2012\/06\/2012-06-17SIUMin-festit-ABF-100-vuotta-8-400x300.jpg 400w\" sizes=\"auto, (max-width: 500px) 100vw, 500px\" \/><\/a><br \/>\nKurdilainen Nawsad Ahmed toi lis\u00e4\u00e4 lihaa paistumaan.<br \/>\n<a href=\"http:\/\/uumajalaiset.se\/?attachment_id=2829\" rel=\"attachment wp-att-2829\"><img loading=\"lazy\" decoding=\"async\" class=\"alignnone size-full wp-image-2829\" title=\"2012-06-17SIUMin festit ABF 100 vuotta (37)\" src=\"http:\/\/media.uumajalaiset.se\/2012\/06\/2012-06-17SIUMin-festit-ABF-100-vuotta-37.jpg\" alt=\"\" width=\"500\" height=\"375\" srcset=\"http:\/\/media.uumajalaiset.se\/2012\/06\/2012-06-17SIUMin-festit-ABF-100-vuotta-37.jpg 500w, http:\/\/media.uumajalaiset.se\/2012\/06\/2012-06-17SIUMin-festit-ABF-100-vuotta-37-150x112.jpg 150w, http:\/\/media.uumajalaiset.se\/2012\/06\/2012-06-17SIUMin-festit-ABF-100-vuotta-37-300x225.jpg 300w, http:\/\/media.uumajalaiset.se\/2012\/06\/2012-06-17SIUMin-festit-ABF-100-vuotta-37-400x300.jpg 400w\" sizes=\"auto, (max-width: 500px) 100vw, 500px\" \/><\/a><br \/>\nMeffrap yhdistyksen pojille oli\u00a0ensimm\u00e4inen kerta kun he tekiv\u00e4t kebabia.<br \/>\n<a href=\"http:\/\/uumajalaiset.se\/?attachment_id=2791\" rel=\"attachment wp-att-2791\"><img loading=\"lazy\" decoding=\"async\" class=\"alignnone size-full wp-image-2791\" title=\"2012-06-17SIUMin festit ABF 100 vuotta (9)\" src=\"http:\/\/media.uumajalaiset.se\/2012\/06\/2012-06-17SIUMin-festit-ABF-100-vuotta-9.jpg\" alt=\"\" width=\"500\" height=\"375\" srcset=\"http:\/\/media.uumajalaiset.se\/2012\/06\/2012-06-17SIUMin-festit-ABF-100-vuotta-9.jpg 500w, http:\/\/media.uumajalaiset.se\/2012\/06\/2012-06-17SIUMin-festit-ABF-100-vuotta-9-150x112.jpg 150w, http:\/\/media.uumajalaiset.se\/2012\/06\/2012-06-17SIUMin-festit-ABF-100-vuotta-9-300x225.jpg 300w, http:\/\/media.uumajalaiset.se\/2012\/06\/2012-06-17SIUMin-festit-ABF-100-vuotta-9-400x300.jpg 400w\" sizes=\"auto, (max-width: 500px) 100vw, 500px\" \/><\/a><br \/>\nKurdi Sale miettii, olisikohan\u00a0h\u00e4nellekin t\u00e4ss\u00e4 ruuanlaitossa\u00a0t\u00f6it\u00e4.<br \/>\n<a href=\"http:\/\/uumajalaiset.se\/?attachment_id=2792\" rel=\"attachment wp-att-2792\"><img loading=\"lazy\" decoding=\"async\" class=\"alignnone size-full wp-image-2792\" title=\"2012-06-17SIUMin festit ABF 100 vuotta (10)\" src=\"http:\/\/media.uumajalaiset.se\/2012\/06\/2012-06-17SIUMin-festit-ABF-100-vuotta-10.jpg\" alt=\"\" width=\"500\" height=\"375\" srcset=\"http:\/\/media.uumajalaiset.se\/2012\/06\/2012-06-17SIUMin-festit-ABF-100-vuotta-10.jpg 500w, http:\/\/media.uumajalaiset.se\/2012\/06\/2012-06-17SIUMin-festit-ABF-100-vuotta-10-150x112.jpg 150w, http:\/\/media.uumajalaiset.se\/2012\/06\/2012-06-17SIUMin-festit-ABF-100-vuotta-10-300x225.jpg 300w, http:\/\/media.uumajalaiset.se\/2012\/06\/2012-06-17SIUMin-festit-ABF-100-vuotta-10-400x300.jpg 400w\" sizes=\"auto, (max-width: 500px) 100vw, 500px\" \/><\/a><br \/>\nAika aloittaa sy\u00f6minen. Jabar Amin ei turhaan kursaillut, ruoka j\u00e4\u00e4htyi nopeasti.<br \/>\n<a href=\"http:\/\/uumajalaiset.se\/?attachment_id=2830\" rel=\"attachment wp-att-2830\"><img loading=\"lazy\" decoding=\"async\" class=\"alignnone size-full wp-image-2830\" title=\"2012-06-17SIUMin festit ABF 100 vuotta (38)\" src=\"http:\/\/media.uumajalaiset.se\/2012\/06\/2012-06-17SIUMin-festit-ABF-100-vuotta-38.jpg\" alt=\"\" width=\"500\" height=\"375\" srcset=\"http:\/\/media.uumajalaiset.se\/2012\/06\/2012-06-17SIUMin-festit-ABF-100-vuotta-38.jpg 500w, http:\/\/media.uumajalaiset.se\/2012\/06\/2012-06-17SIUMin-festit-ABF-100-vuotta-38-150x112.jpg 150w, http:\/\/media.uumajalaiset.se\/2012\/06\/2012-06-17SIUMin-festit-ABF-100-vuotta-38-300x225.jpg 300w, http:\/\/media.uumajalaiset.se\/2012\/06\/2012-06-17SIUMin-festit-ABF-100-vuotta-38-400x300.jpg 400w\" sizes=\"auto, (max-width: 500px) 100vw, 500px\" \/><\/a><br \/>\nSalaattip\u00f6yt\u00e4 maistui.<br \/>\n<a href=\"http:\/\/uumajalaiset.se\/?attachment_id=2793\" rel=\"attachment wp-att-2793\"><img loading=\"lazy\" decoding=\"async\" class=\"alignnone size-full wp-image-2793\" title=\"2012-06-17SIUMin festit ABF 100 vuotta (11)\" src=\"http:\/\/media.uumajalaiset.se\/2012\/06\/2012-06-17SIUMin-festit-ABF-100-vuotta-11.jpg\" alt=\"\" width=\"500\" height=\"375\" srcset=\"http:\/\/media.uumajalaiset.se\/2012\/06\/2012-06-17SIUMin-festit-ABF-100-vuotta-11.jpg 500w, http:\/\/media.uumajalaiset.se\/2012\/06\/2012-06-17SIUMin-festit-ABF-100-vuotta-11-150x112.jpg 150w, http:\/\/media.uumajalaiset.se\/2012\/06\/2012-06-17SIUMin-festit-ABF-100-vuotta-11-300x225.jpg 300w, http:\/\/media.uumajalaiset.se\/2012\/06\/2012-06-17SIUMin-festit-ABF-100-vuotta-11-400x300.jpg 400w\" sizes=\"auto, (max-width: 500px) 100vw, 500px\" \/><\/a><br \/>\nP\u00f6yd\u00e4t t\u00e4yttyiv\u00e4t.<br \/>\n<a href=\"http:\/\/uumajalaiset.se\/?attachment_id=2831\" rel=\"attachment wp-att-2831\"><img loading=\"lazy\" decoding=\"async\" class=\"alignnone size-full wp-image-2831\" title=\"2012-06-17SIUMin festit ABF 100 vuotta (39)\" src=\"http:\/\/media.uumajalaiset.se\/2012\/06\/2012-06-17SIUMin-festit-ABF-100-vuotta-39.jpg\" alt=\"\" width=\"500\" height=\"375\" srcset=\"http:\/\/media.uumajalaiset.se\/2012\/06\/2012-06-17SIUMin-festit-ABF-100-vuotta-39.jpg 500w, http:\/\/media.uumajalaiset.se\/2012\/06\/2012-06-17SIUMin-festit-ABF-100-vuotta-39-150x112.jpg 150w, http:\/\/media.uumajalaiset.se\/2012\/06\/2012-06-17SIUMin-festit-ABF-100-vuotta-39-300x225.jpg 300w, http:\/\/media.uumajalaiset.se\/2012\/06\/2012-06-17SIUMin-festit-ABF-100-vuotta-39-400x300.jpg 400w\" sizes=\"auto, (max-width: 500px) 100vw, 500px\" \/><\/a><br \/>\nOlli Falbenkin kerkisi sy\u00f6m\u00e4\u00e4n ennen Usuran l\u00e4hetyst\u00e4.<br \/>\n<a href=\"http:\/\/uumajalaiset.se\/?attachment_id=2794\" rel=\"attachment wp-att-2794\"><img loading=\"lazy\" decoding=\"async\" class=\"alignnone size-full wp-image-2794\" title=\"2012-06-17SIUMin festit ABF 100 vuotta (12)\" src=\"http:\/\/media.uumajalaiset.se\/2012\/06\/2012-06-17SIUMin-festit-ABF-100-vuotta-12.jpg\" alt=\"\" width=\"500\" height=\"375\" srcset=\"http:\/\/media.uumajalaiset.se\/2012\/06\/2012-06-17SIUMin-festit-ABF-100-vuotta-12.jpg 500w, http:\/\/media.uumajalaiset.se\/2012\/06\/2012-06-17SIUMin-festit-ABF-100-vuotta-12-150x112.jpg 150w, http:\/\/media.uumajalaiset.se\/2012\/06\/2012-06-17SIUMin-festit-ABF-100-vuotta-12-300x225.jpg 300w, http:\/\/media.uumajalaiset.se\/2012\/06\/2012-06-17SIUMin-festit-ABF-100-vuotta-12-400x300.jpg 400w\" sizes=\"auto, (max-width: 500px) 100vw, 500px\" \/><\/a><br \/>\nKeykaus (Kave) Abbassi ja Jabar Amin. Nyky\u00e4\u00e4n voi Jabaria tituleerata valtiop\u00e4iv\u00e4mieheksi.<br \/>\n<a href=\"http:\/\/uumajalaiset.se\/?attachment_id=2800\" rel=\"attachment wp-att-2800\"><img loading=\"lazy\" decoding=\"async\" class=\"alignnone size-full wp-image-2800\" title=\"2012-06-17SIUMin festit ABF 100 vuotta (15)\" src=\"http:\/\/media.uumajalaiset.se\/2012\/06\/2012-06-17SIUMin-festit-ABF-100-vuotta-152.jpg\" alt=\"\" width=\"500\" height=\"375\" srcset=\"http:\/\/media.uumajalaiset.se\/2012\/06\/2012-06-17SIUMin-festit-ABF-100-vuotta-152.jpg 500w, http:\/\/media.uumajalaiset.se\/2012\/06\/2012-06-17SIUMin-festit-ABF-100-vuotta-152-150x112.jpg 150w, http:\/\/media.uumajalaiset.se\/2012\/06\/2012-06-17SIUMin-festit-ABF-100-vuotta-152-300x225.jpg 300w, http:\/\/media.uumajalaiset.se\/2012\/06\/2012-06-17SIUMin-festit-ABF-100-vuotta-152-400x300.jpg 400w\" sizes=\"auto, (max-width: 500px) 100vw, 500px\" \/><\/a><br \/>\nSalen kanssa juttelemassa Solveg ja Gudrun Mariakirkosta.<br \/>\n<a href=\"http:\/\/uumajalaiset.se\/?attachment_id=2803\" rel=\"attachment wp-att-2803\"><img loading=\"lazy\" decoding=\"async\" class=\"alignnone size-full wp-image-2803\" title=\"2012-06-17SIUMin festit ABF 100 vuotta (18)\" src=\"http:\/\/media.uumajalaiset.se\/2012\/06\/2012-06-17SIUMin-festit-ABF-100-vuotta-18.jpg\" alt=\"\" width=\"500\" height=\"375\" srcset=\"http:\/\/media.uumajalaiset.se\/2012\/06\/2012-06-17SIUMin-festit-ABF-100-vuotta-18.jpg 500w, http:\/\/media.uumajalaiset.se\/2012\/06\/2012-06-17SIUMin-festit-ABF-100-vuotta-18-150x112.jpg 150w, http:\/\/media.uumajalaiset.se\/2012\/06\/2012-06-17SIUMin-festit-ABF-100-vuotta-18-300x225.jpg 300w, http:\/\/media.uumajalaiset.se\/2012\/06\/2012-06-17SIUMin-festit-ABF-100-vuotta-18-400x300.jpg 400w\" sizes=\"auto, (max-width: 500px) 100vw, 500px\" \/><\/a><br \/>\nMarjatta Forsells l\u00f6ysi puhekaverin Gudrunista.<br \/>\n<a href=\"http:\/\/uumajalaiset.se\/?attachment_id=2804\" rel=\"attachment wp-att-2804\"><img loading=\"lazy\" decoding=\"async\" class=\"alignnone size-full wp-image-2804\" title=\"2012-06-17SIUMin festit ABF 100 vuotta (19)\" src=\"http:\/\/media.uumajalaiset.se\/2012\/06\/2012-06-17SIUMin-festit-ABF-100-vuotta-19.jpg\" alt=\"\" width=\"500\" height=\"375\" srcset=\"http:\/\/media.uumajalaiset.se\/2012\/06\/2012-06-17SIUMin-festit-ABF-100-vuotta-19.jpg 500w, http:\/\/media.uumajalaiset.se\/2012\/06\/2012-06-17SIUMin-festit-ABF-100-vuotta-19-150x112.jpg 150w, http:\/\/media.uumajalaiset.se\/2012\/06\/2012-06-17SIUMin-festit-ABF-100-vuotta-19-300x225.jpg 300w, http:\/\/media.uumajalaiset.se\/2012\/06\/2012-06-17SIUMin-festit-ABF-100-vuotta-19-400x300.jpg 400w\" sizes=\"auto, (max-width: 500px) 100vw, 500px\" \/><\/a><br \/>\nSamoin Sadusta ja Mariannesta.<br \/>\n<a href=\"http:\/\/uumajalaiset.se\/?attachment_id=2801\" rel=\"attachment wp-att-2801\"><img loading=\"lazy\" decoding=\"async\" class=\"alignnone size-full wp-image-2801\" title=\"2012-06-17SIUMin festit ABF 100 vuotta (16)\" src=\"http:\/\/media.uumajalaiset.se\/2012\/06\/2012-06-17SIUMin-festit-ABF-100-vuotta-16.jpg\" alt=\"\" width=\"500\" height=\"375\" srcset=\"http:\/\/media.uumajalaiset.se\/2012\/06\/2012-06-17SIUMin-festit-ABF-100-vuotta-16.jpg 500w, http:\/\/media.uumajalaiset.se\/2012\/06\/2012-06-17SIUMin-festit-ABF-100-vuotta-16-150x112.jpg 150w, http:\/\/media.uumajalaiset.se\/2012\/06\/2012-06-17SIUMin-festit-ABF-100-vuotta-16-300x225.jpg 300w, http:\/\/media.uumajalaiset.se\/2012\/06\/2012-06-17SIUMin-festit-ABF-100-vuotta-16-400x300.jpg 400w\" sizes=\"auto, (max-width: 500px) 100vw, 500px\" \/><\/a><br \/>\nLeila.<br \/>\n<a href=\"http:\/\/uumajalaiset.se\/?attachment_id=2802\" rel=\"attachment wp-att-2802\"><img loading=\"lazy\" decoding=\"async\" class=\"alignnone size-full wp-image-2802\" title=\"2012-06-17SIUMin festit ABF 100 vuotta (17)\" src=\"http:\/\/media.uumajalaiset.se\/2012\/06\/2012-06-17SIUMin-festit-ABF-100-vuotta-17.jpg\" alt=\"\" width=\"500\" height=\"375\" srcset=\"http:\/\/media.uumajalaiset.se\/2012\/06\/2012-06-17SIUMin-festit-ABF-100-vuotta-17.jpg 500w, http:\/\/media.uumajalaiset.se\/2012\/06\/2012-06-17SIUMin-festit-ABF-100-vuotta-17-150x112.jpg 150w, http:\/\/media.uumajalaiset.se\/2012\/06\/2012-06-17SIUMin-festit-ABF-100-vuotta-17-300x225.jpg 300w, http:\/\/media.uumajalaiset.se\/2012\/06\/2012-06-17SIUMin-festit-ABF-100-vuotta-17-400x300.jpg 400w\" sizes=\"auto, (max-width: 500px) 100vw, 500px\" \/><\/a><br \/>\n<a href=\"http:\/\/uumajalaiset.se\/?attachment_id=2795\" rel=\"attachment wp-att-2795\"><img loading=\"lazy\" decoding=\"async\" class=\"alignnone size-full wp-image-2795\" title=\"2012-06-17SIUMin festit ABF 100 vuotta (13)\" src=\"http:\/\/media.uumajalaiset.se\/2012\/06\/2012-06-17SIUMin-festit-ABF-100-vuotta-13.jpg\" alt=\"\" width=\"500\" height=\"375\" srcset=\"http:\/\/media.uumajalaiset.se\/2012\/06\/2012-06-17SIUMin-festit-ABF-100-vuotta-13.jpg 500w, http:\/\/media.uumajalaiset.se\/2012\/06\/2012-06-17SIUMin-festit-ABF-100-vuotta-13-150x112.jpg 150w, http:\/\/media.uumajalaiset.se\/2012\/06\/2012-06-17SIUMin-festit-ABF-100-vuotta-13-300x225.jpg 300w, http:\/\/media.uumajalaiset.se\/2012\/06\/2012-06-17SIUMin-festit-ABF-100-vuotta-13-400x300.jpg 400w\" sizes=\"auto, (max-width: 500px) 100vw, 500px\" \/><\/a><br \/>\nABF:n\u00a0 Py\u00f6r\u00e4ilij\u00e4pojat saapuivat paikalle.<br \/>\n<a href=\"http:\/\/uumajalaiset.se\/?attachment_id=2798\" rel=\"attachment wp-att-2798\"><img loading=\"lazy\" decoding=\"async\" class=\"alignnone size-full wp-image-2798\" title=\"2012-06-17SIUMin festit ABF 100 vuotta (14)\" src=\"http:\/\/media.uumajalaiset.se\/2012\/06\/2012-06-17SIUMin-festit-ABF-100-vuotta-14.jpg\" alt=\"\" width=\"500\" height=\"375\" srcset=\"http:\/\/media.uumajalaiset.se\/2012\/06\/2012-06-17SIUMin-festit-ABF-100-vuotta-14.jpg 500w, http:\/\/media.uumajalaiset.se\/2012\/06\/2012-06-17SIUMin-festit-ABF-100-vuotta-14-150x112.jpg 150w, http:\/\/media.uumajalaiset.se\/2012\/06\/2012-06-17SIUMin-festit-ABF-100-vuotta-14-300x225.jpg 300w, http:\/\/media.uumajalaiset.se\/2012\/06\/2012-06-17SIUMin-festit-ABF-100-vuotta-14-400x300.jpg 400w\" sizes=\"auto, (max-width: 500px) 100vw, 500px\" \/><\/a><br \/>\nHieno kuva.<br \/>\n<a href=\"http:\/\/uumajalaiset.se\/?attachment_id=2827\" rel=\"attachment wp-att-2827\"><img loading=\"lazy\" decoding=\"async\" class=\"alignnone size-full wp-image-2827\" title=\"2012-06-17SIUMin festit ABF 100 vuotta (36)\" src=\"http:\/\/media.uumajalaiset.se\/2012\/06\/2012-06-17SIUMin-festit-ABF-100-vuotta-36.jpg\" alt=\"\" width=\"500\" height=\"375\" srcset=\"http:\/\/media.uumajalaiset.se\/2012\/06\/2012-06-17SIUMin-festit-ABF-100-vuotta-36.jpg 500w, http:\/\/media.uumajalaiset.se\/2012\/06\/2012-06-17SIUMin-festit-ABF-100-vuotta-36-150x112.jpg 150w, http:\/\/media.uumajalaiset.se\/2012\/06\/2012-06-17SIUMin-festit-ABF-100-vuotta-36-300x225.jpg 300w, http:\/\/media.uumajalaiset.se\/2012\/06\/2012-06-17SIUMin-festit-ABF-100-vuotta-36-400x300.jpg 400w\" sizes=\"auto, (max-width: 500px) 100vw, 500px\" \/><\/a><br \/>\nABF:n py\u00f6r\u00e4ilij\u00e4t ehtiv\u00e4t hiukan huilata ruuan ja Birgitan kanssa.<br \/>\n<a href=\"http:\/\/uumajalaiset.se\/?attachment_id=2805\" rel=\"attachment wp-att-2805\"><img loading=\"lazy\" decoding=\"async\" class=\"alignnone size-full wp-image-2805\" title=\"2012-06-17SIUMin festit ABF 100 vuotta (20)\" src=\"http:\/\/media.uumajalaiset.se\/2012\/06\/2012-06-17SIUMin-festit-ABF-100-vuotta-20.jpg\" alt=\"\" width=\"500\" height=\"375\" srcset=\"http:\/\/media.uumajalaiset.se\/2012\/06\/2012-06-17SIUMin-festit-ABF-100-vuotta-20.jpg 500w, http:\/\/media.uumajalaiset.se\/2012\/06\/2012-06-17SIUMin-festit-ABF-100-vuotta-20-150x112.jpg 150w, http:\/\/media.uumajalaiset.se\/2012\/06\/2012-06-17SIUMin-festit-ABF-100-vuotta-20-300x225.jpg 300w, http:\/\/media.uumajalaiset.se\/2012\/06\/2012-06-17SIUMin-festit-ABF-100-vuotta-20-400x300.jpg 400w\" sizes=\"auto, (max-width: 500px) 100vw, 500px\" \/><\/a><br \/>\nSitten poseerattiin.Satu, Raili ja Marianne sek\u00e4 pikkutytt\u00f6, jonka nime\u00e4 en muista.<br \/>\n<a href=\"http:\/\/uumajalaiset.se\/?attachment_id=2806\" rel=\"attachment wp-att-2806\"><img loading=\"lazy\" decoding=\"async\" class=\"alignnone size-full wp-image-2806\" title=\"2012-06-17SIUMin festit ABF 100 vuotta (21)\" src=\"http:\/\/media.uumajalaiset.se\/2012\/06\/2012-06-17SIUMin-festit-ABF-100-vuotta-21.jpg\" alt=\"\" width=\"500\" height=\"373\" srcset=\"http:\/\/media.uumajalaiset.se\/2012\/06\/2012-06-17SIUMin-festit-ABF-100-vuotta-21.jpg 500w, http:\/\/media.uumajalaiset.se\/2012\/06\/2012-06-17SIUMin-festit-ABF-100-vuotta-21-150x111.jpg 150w, http:\/\/media.uumajalaiset.se\/2012\/06\/2012-06-17SIUMin-festit-ABF-100-vuotta-21-300x223.jpg 300w, http:\/\/media.uumajalaiset.se\/2012\/06\/2012-06-17SIUMin-festit-ABF-100-vuotta-21-402x300.jpg 402w\" sizes=\"auto, (max-width: 500px) 100vw, 500px\" \/><\/a><br \/>\nPekka Nyman, Satu Schwartz, Birgitta Ridback, Marianne Schwartz\u00a0ja pkkutytt\u00f6nen.<br \/>\n<a href=\"http:\/\/uumajalaiset.se\/?attachment_id=2807\" rel=\"attachment wp-att-2807\"><img loading=\"lazy\" decoding=\"async\" class=\"alignnone size-full wp-image-2807\" title=\"2012-06-17SIUMin festit ABF 100 vuotta (22)\" src=\"http:\/\/media.uumajalaiset.se\/2012\/06\/2012-06-17SIUMin-festit-ABF-100-vuotta-22.jpg\" alt=\"\" width=\"500\" height=\"375\" srcset=\"http:\/\/media.uumajalaiset.se\/2012\/06\/2012-06-17SIUMin-festit-ABF-100-vuotta-22.jpg 500w, http:\/\/media.uumajalaiset.se\/2012\/06\/2012-06-17SIUMin-festit-ABF-100-vuotta-22-150x112.jpg 150w, http:\/\/media.uumajalaiset.se\/2012\/06\/2012-06-17SIUMin-festit-ABF-100-vuotta-22-300x225.jpg 300w, http:\/\/media.uumajalaiset.se\/2012\/06\/2012-06-17SIUMin-festit-ABF-100-vuotta-22-400x300.jpg 400w\" sizes=\"auto, (max-width: 500px) 100vw, 500px\" \/><\/a><br \/>\nPekka Nyman halusi heti kuvaan Midnattsolen &#8211; tanssitytt\u00f6jen kanssa.<br \/>\n<a href=\"http:\/\/uumajalaiset.se\/?attachment_id=2808\" rel=\"attachment wp-att-2808\"><img loading=\"lazy\" decoding=\"async\" class=\"alignnone size-full wp-image-2808\" title=\"2012-06-17SIUMin festit ABF 100 vuotta (23)\" src=\"http:\/\/media.uumajalaiset.se\/2012\/06\/2012-06-17SIUMin-festit-ABF-100-vuotta-23.jpg\" alt=\"\" width=\"500\" height=\"375\" srcset=\"http:\/\/media.uumajalaiset.se\/2012\/06\/2012-06-17SIUMin-festit-ABF-100-vuotta-23.jpg 500w, http:\/\/media.uumajalaiset.se\/2012\/06\/2012-06-17SIUMin-festit-ABF-100-vuotta-23-150x112.jpg 150w, http:\/\/media.uumajalaiset.se\/2012\/06\/2012-06-17SIUMin-festit-ABF-100-vuotta-23-300x225.jpg 300w, http:\/\/media.uumajalaiset.se\/2012\/06\/2012-06-17SIUMin-festit-ABF-100-vuotta-23-400x300.jpg 400w\" sizes=\"auto, (max-width: 500px) 100vw, 500px\" \/><\/a><br \/>\nSatu ja Mariannekin Midnattsolen tanssitytt\u00f6jen kanssa.<br \/>\n<a href=\"http:\/\/uumajalaiset.se\/?attachment_id=2809\" rel=\"attachment wp-att-2809\"><img loading=\"lazy\" decoding=\"async\" class=\"alignnone size-full wp-image-2809\" title=\"2012-06-17SIUMin festit ABF 100 vuotta (25)\" src=\"http:\/\/media.uumajalaiset.se\/2012\/06\/2012-06-17SIUMin-festit-ABF-100-vuotta-25.jpg\" alt=\"\" width=\"500\" height=\"375\" srcset=\"http:\/\/media.uumajalaiset.se\/2012\/06\/2012-06-17SIUMin-festit-ABF-100-vuotta-25.jpg 500w, http:\/\/media.uumajalaiset.se\/2012\/06\/2012-06-17SIUMin-festit-ABF-100-vuotta-25-150x112.jpg 150w, http:\/\/media.uumajalaiset.se\/2012\/06\/2012-06-17SIUMin-festit-ABF-100-vuotta-25-300x225.jpg 300w, http:\/\/media.uumajalaiset.se\/2012\/06\/2012-06-17SIUMin-festit-ABF-100-vuotta-25-400x300.jpg 400w\" sizes=\"auto, (max-width: 500px) 100vw, 500px\" \/><\/a><br \/>\nAida kuningattarenena keskell\u00e4.<br \/>\n<a href=\"http:\/\/uumajalaiset.se\/?attachment_id=2810\" rel=\"attachment wp-att-2810\"><img loading=\"lazy\" decoding=\"async\" class=\"alignnone size-full wp-image-2810\" title=\"2012-06-17SIUMin festit ABF 100 vuotta (26)\" src=\"http:\/\/media.uumajalaiset.se\/2012\/06\/2012-06-17SIUMin-festit-ABF-100-vuotta-26.jpg\" alt=\"\" width=\"500\" height=\"375\" srcset=\"http:\/\/media.uumajalaiset.se\/2012\/06\/2012-06-17SIUMin-festit-ABF-100-vuotta-26.jpg 500w, http:\/\/media.uumajalaiset.se\/2012\/06\/2012-06-17SIUMin-festit-ABF-100-vuotta-26-150x112.jpg 150w, http:\/\/media.uumajalaiset.se\/2012\/06\/2012-06-17SIUMin-festit-ABF-100-vuotta-26-300x225.jpg 300w, http:\/\/media.uumajalaiset.se\/2012\/06\/2012-06-17SIUMin-festit-ABF-100-vuotta-26-400x300.jpg 400w\" sizes=\"auto, (max-width: 500px) 100vw, 500px\" \/><\/a><br \/>\nRailikin p\u00e4\u00e4si Suomitytt\u00f6n\u00e4 viel\u00e4 radio-ohjelman keskell\u00e4 mukaan.<br \/>\n<a href=\"http:\/\/uumajalaiset.se\/?attachment_id=2811\" rel=\"attachment wp-att-2811\"><img loading=\"lazy\" decoding=\"async\" class=\"alignnone size-full wp-image-2811\" title=\"2012-06-17SIUMin festit ABF 100 vuotta (24)\" src=\"http:\/\/media.uumajalaiset.se\/2012\/06\/2012-06-17SIUMin-festit-ABF-100-vuotta-24.jpg\" alt=\"\" width=\"500\" height=\"375\" srcset=\"http:\/\/media.uumajalaiset.se\/2012\/06\/2012-06-17SIUMin-festit-ABF-100-vuotta-24.jpg 500w, http:\/\/media.uumajalaiset.se\/2012\/06\/2012-06-17SIUMin-festit-ABF-100-vuotta-24-150x112.jpg 150w, http:\/\/media.uumajalaiset.se\/2012\/06\/2012-06-17SIUMin-festit-ABF-100-vuotta-24-300x225.jpg 300w, http:\/\/media.uumajalaiset.se\/2012\/06\/2012-06-17SIUMin-festit-ABF-100-vuotta-24-400x300.jpg 400w\" sizes=\"auto, (max-width: 500px) 100vw, 500px\" \/><\/a><br \/>\nT\u00e4ss\u00e4 Raili ja Aida.<\/p>\n<p><a href=\"http:\/\/uumajalaiset.se\/?attachment_id=2812\" rel=\"attachment wp-att-2812\"><img loading=\"lazy\" decoding=\"async\" class=\"alignnone size-full wp-image-2812\" title=\"2012-06-17SIUMin festit ABF 100 vuotta (27)\" src=\"http:\/\/media.uumajalaiset.se\/2012\/06\/2012-06-17SIUMin-festit-ABF-100-vuotta-27.jpg\" alt=\"\" width=\"500\" height=\"375\" srcset=\"http:\/\/media.uumajalaiset.se\/2012\/06\/2012-06-17SIUMin-festit-ABF-100-vuotta-27.jpg 500w, http:\/\/media.uumajalaiset.se\/2012\/06\/2012-06-17SIUMin-festit-ABF-100-vuotta-27-150x112.jpg 150w, http:\/\/media.uumajalaiset.se\/2012\/06\/2012-06-17SIUMin-festit-ABF-100-vuotta-27-300x225.jpg 300w, http:\/\/media.uumajalaiset.se\/2012\/06\/2012-06-17SIUMin-festit-ABF-100-vuotta-27-400x300.jpg 400w\" sizes=\"auto, (max-width: 500px) 100vw, 500px\" \/><\/a><br \/>\nSitten saattoi vain nauttia tytt\u00f6jen tanssista.<br \/>\n<a href=\"http:\/\/uumajalaiset.se\/?attachment_id=2813\" rel=\"attachment wp-att-2813\"><img loading=\"lazy\" decoding=\"async\" class=\"alignnone size-full wp-image-2813\" title=\"2012-06-17SIUMin festit ABF 100 vuotta (28)\" src=\"http:\/\/media.uumajalaiset.se\/2012\/06\/2012-06-17SIUMin-festit-ABF-100-vuotta-28.jpg\" alt=\"\" width=\"500\" height=\"375\" srcset=\"http:\/\/media.uumajalaiset.se\/2012\/06\/2012-06-17SIUMin-festit-ABF-100-vuotta-28.jpg 500w, http:\/\/media.uumajalaiset.se\/2012\/06\/2012-06-17SIUMin-festit-ABF-100-vuotta-28-150x112.jpg 150w, http:\/\/media.uumajalaiset.se\/2012\/06\/2012-06-17SIUMin-festit-ABF-100-vuotta-28-300x225.jpg 300w, http:\/\/media.uumajalaiset.se\/2012\/06\/2012-06-17SIUMin-festit-ABF-100-vuotta-28-400x300.jpg 400w\" sizes=\"auto, (max-width: 500px) 100vw, 500px\" \/><\/a><br \/>\n<a href=\"http:\/\/uumajalaiset.se\/?attachment_id=2815\" rel=\"attachment wp-att-2815\"><img loading=\"lazy\" decoding=\"async\" class=\"alignnone size-full wp-image-2815\" title=\"2012-06-17SIUMin festit ABF 100 vuotta (30)\" src=\"http:\/\/media.uumajalaiset.se\/2012\/06\/2012-06-17SIUMin-festit-ABF-100-vuotta-30.jpg\" alt=\"\" width=\"500\" height=\"375\" srcset=\"http:\/\/media.uumajalaiset.se\/2012\/06\/2012-06-17SIUMin-festit-ABF-100-vuotta-30.jpg 500w, http:\/\/media.uumajalaiset.se\/2012\/06\/2012-06-17SIUMin-festit-ABF-100-vuotta-30-150x112.jpg 150w, http:\/\/media.uumajalaiset.se\/2012\/06\/2012-06-17SIUMin-festit-ABF-100-vuotta-30-300x225.jpg 300w, http:\/\/media.uumajalaiset.se\/2012\/06\/2012-06-17SIUMin-festit-ABF-100-vuotta-30-400x300.jpg 400w\" sizes=\"auto, (max-width: 500px) 100vw, 500px\" \/><\/a><\/p>\n<p><a href=\"http:\/\/uumajalaiset.se\/?attachment_id=2816\" rel=\"attachment wp-att-2816\"><img loading=\"lazy\" decoding=\"async\" class=\"alignnone  wp-image-2816\" title=\"2012-06-17SIUMin festit ABF 100 vuotta (31)\" src=\"http:\/\/media.uumajalaiset.se\/2012\/06\/2012-06-17SIUMin-festit-ABF-100-vuotta-31.jpg\" alt=\"\" width=\"500\" height=\"375\" srcset=\"http:\/\/media.uumajalaiset.se\/2012\/06\/2012-06-17SIUMin-festit-ABF-100-vuotta-31.jpg 500w, http:\/\/media.uumajalaiset.se\/2012\/06\/2012-06-17SIUMin-festit-ABF-100-vuotta-31-150x112.jpg 150w, http:\/\/media.uumajalaiset.se\/2012\/06\/2012-06-17SIUMin-festit-ABF-100-vuotta-31-300x225.jpg 300w, http:\/\/media.uumajalaiset.se\/2012\/06\/2012-06-17SIUMin-festit-ABF-100-vuotta-31-400x300.jpg 400w\" sizes=\"auto, (max-width: 500px) 100vw, 500px\" \/><\/a><br \/>\n<a href=\"http:\/\/uumajalaiset.se\/?attachment_id=2817\" rel=\"attachment wp-att-2817\"><img loading=\"lazy\" decoding=\"async\" title=\"2012-06-17SIUMin festit ABF 100 vuotta (32)\" src=\"http:\/\/media.uumajalaiset.se\/2012\/06\/2012-06-17SIUMin-festit-ABF-100-vuotta-32.jpg\" alt=\"\" width=\"500\" height=\"375\" \/><\/a><a href=\"http:\/\/uumajalaiset.se\/?attachment_id=2814\" rel=\"attachment wp-att-2814\"><img loading=\"lazy\" decoding=\"async\" title=\"2012-06-17SIUMin festit ABF 100 vuotta (29)\" src=\"http:\/\/media.uumajalaiset.se\/2012\/06\/2012-06-17SIUMin-festit-ABF-100-vuotta-29.jpg\" alt=\"\" width=\"500\" height=\"375\" \/><\/a><br \/>\n<a href=\"http:\/\/uumajalaiset.se\/?attachment_id=2818\" rel=\"attachment wp-att-2818\"><img loading=\"lazy\" decoding=\"async\" class=\"alignnone size-full wp-image-2818\" title=\"2012-06-17SIUMin festit ABF 100 vuotta (33)\" src=\"http:\/\/media.uumajalaiset.se\/2012\/06\/2012-06-17SIUMin-festit-ABF-100-vuotta-33.jpg\" alt=\"\" width=\"500\" height=\"375\" srcset=\"http:\/\/media.uumajalaiset.se\/2012\/06\/2012-06-17SIUMin-festit-ABF-100-vuotta-33.jpg 500w, http:\/\/media.uumajalaiset.se\/2012\/06\/2012-06-17SIUMin-festit-ABF-100-vuotta-33-150x112.jpg 150w, http:\/\/media.uumajalaiset.se\/2012\/06\/2012-06-17SIUMin-festit-ABF-100-vuotta-33-300x225.jpg 300w, http:\/\/media.uumajalaiset.se\/2012\/06\/2012-06-17SIUMin-festit-ABF-100-vuotta-33-400x300.jpg 400w\" sizes=\"auto, (max-width: 500px) 100vw, 500px\" \/><\/a><br \/>\nTosi kivaa kun tytt\u00f6j\u00e4 tanssitutti viel\u00e4 j\u00e4lkeenkin p\u00e4in.<br \/>\n<a href=\"http:\/\/uumajalaiset.se\/?attachment_id=2819\" rel=\"attachment wp-att-2819\"><img loading=\"lazy\" decoding=\"async\" class=\"alignnone size-full wp-image-2819\" title=\"2012-06-17SIUMin festit ABF 100 vuotta (34)\" src=\"http:\/\/media.uumajalaiset.se\/2012\/06\/2012-06-17SIUMin-festit-ABF-100-vuotta-34.jpg\" alt=\"\" width=\"500\" height=\"375\" srcset=\"http:\/\/media.uumajalaiset.se\/2012\/06\/2012-06-17SIUMin-festit-ABF-100-vuotta-34.jpg 500w, http:\/\/media.uumajalaiset.se\/2012\/06\/2012-06-17SIUMin-festit-ABF-100-vuotta-34-150x112.jpg 150w, http:\/\/media.uumajalaiset.se\/2012\/06\/2012-06-17SIUMin-festit-ABF-100-vuotta-34-300x225.jpg 300w, http:\/\/media.uumajalaiset.se\/2012\/06\/2012-06-17SIUMin-festit-ABF-100-vuotta-34-400x300.jpg 400w\" sizes=\"auto, (max-width: 500px) 100vw, 500px\" \/><\/a><br \/>\nN\u00e4m\u00e4 tyt\u00f6t todella n\u00e4yttiv\u00e4t nauttivan tanssista.<br \/>\n<a href=\"http:\/\/uumajalaiset.se\/?attachment_id=2820\" rel=\"attachment wp-att-2820\"><img loading=\"lazy\" decoding=\"async\" class=\"alignnone size-full wp-image-2820\" title=\"2012-06-17SIUMin festit ABF 100 vuotta (35)\" src=\"http:\/\/media.uumajalaiset.se\/2012\/06\/2012-06-17SIUMin-festit-ABF-100-vuotta-35.jpg\" alt=\"\" width=\"500\" height=\"375\" srcset=\"http:\/\/media.uumajalaiset.se\/2012\/06\/2012-06-17SIUMin-festit-ABF-100-vuotta-35.jpg 500w, http:\/\/media.uumajalaiset.se\/2012\/06\/2012-06-17SIUMin-festit-ABF-100-vuotta-35-150x112.jpg 150w, http:\/\/media.uumajalaiset.se\/2012\/06\/2012-06-17SIUMin-festit-ABF-100-vuotta-35-300x225.jpg 300w, http:\/\/media.uumajalaiset.se\/2012\/06\/2012-06-17SIUMin-festit-ABF-100-vuotta-35-400x300.jpg 400w\" sizes=\"auto, (max-width: 500px) 100vw, 500px\" \/><\/a><br \/>\nYleis\u00f6 osasi ymm\u00e4rt\u00e4\u00e4 tanssien hienouden. Tyt\u00f6t kertoivat, ett\u00e4 tanssit olivat kooste erilaisista saman alkuper\u00e4n kulttuureista, arabialainen persialainen, romani, intialainen, jne. Hienoa t\u00e4m\u00e4 oli.<br \/>\n<a href=\"http:\/\/uumajalaiset.se\/?attachment_id=2780\" rel=\"attachment wp-att-2780\"><img loading=\"lazy\" decoding=\"async\" class=\"alignnone size-full wp-image-2780\" title=\"201206Rail&amp;Abf\" src=\"http:\/\/media.uumajalaiset.se\/2012\/06\/201206RailAbf.jpg\" alt=\"\" width=\"500\" height=\"375\" srcset=\"http:\/\/media.uumajalaiset.se\/2012\/06\/201206RailAbf.jpg 500w, http:\/\/media.uumajalaiset.se\/2012\/06\/201206RailAbf-150x112.jpg 150w, http:\/\/media.uumajalaiset.se\/2012\/06\/201206RailAbf-300x225.jpg 300w, http:\/\/media.uumajalaiset.se\/2012\/06\/201206RailAbf-400x300.jpg 400w\" sizes=\"auto, (max-width: 500px) 100vw, 500px\" \/><\/a><br \/>\nABF;n py\u00f6r\u00e4ilij\u00e4pojat k\u00e4viv\u00e4t Usuran studiossa kertomassa ABF:n 100-vuotispy\u00f6r\u00e4ilyst\u00e4\u00e4n ABF Umeregionin ymp\u00e4ri. He olivat py\u00f6r\u00e4illeet noin 400 km nelj\u00e4ss\u00e4 p\u00e4iv\u00e4ss\u00e4 ja pys\u00e4htyneet juhlimaan ABF matkan varrella. Joka puolelta l\u00f6ytyi kulttuuritapahtumia ja tuntui ihan oikealta ett\u00e4 Mariehemiss\u00e4 nyt SIUM ja Uumajan Suomalainen Kerho kunnioittivat satavuotista t\u00e4ll\u00e4 festill\u00e4, jossa k\u00e4vi noin 50 henkil\u00f6\u00e4,<\/p>\n<p>Usura l\u00e4hetti ensimm\u00e4isen webbil\u00e4hetyksens\u00e4 kohta kahteen vuoteen. Festit alkoivat kahdelta, Usura kolmesta puoli kuuteen, Raili juoksi hikisen\u00e4 festeist\u00e4 studioon ja takaisin.Mutta kivaa oli.<\/p>\n<p>Foto:Borg &amp;Falben<\/p>\n","protected":false},"excerpt":{"rendered":"<p>Uumajan Suomalainen Kerho juhli\u00a0SIUM:in kanssa \u00a0ABF:n 100-vuotissyntt\u00e4reit\u00e4. Alkuper\u00e4isen\u00e4 ideanahan oli juhlia m\u00f6kill\u00e4 tangon, saunan ja vihtojen voimalla, mutta kun m\u00f6kki oli varattu. T\u00e4m\u00e4 oli siis suunitelma B,\u00a0mutta varsin onnistunut siit\u00e4 tuli. Aida Mehrani Iranilaisten yhdistyksest\u00e4 oli tehnyt oikein hienon yst\u00e4v\u00e4nkakun, &hellip; <a href=\"http:\/\/uumajalaiset.se\/?p=2779\">L\u00e4s mer <span class=\"meta-nav\">&rarr;<\/span><\/a><\/p>\n","protected":false},"author":1,"featured_media":0,"comment_status":"open","ping_status":"open","sticky":false,"template":"","format":"gallery","meta":{"footnotes":""},"categories":[8],"tags":[],"class_list":["post-2779","post","type-post","status-publish","format-gallery","hentry","category-uutiset-2","post_format-post-format-gallery"],"_links":{"self":[{"href":"http:\/\/uumajalaiset.se\/index.php?rest_route=\/wp\/v2\/posts\/2779","targetHints":{"allow":["GET"]}}],"collection":[{"href":"http:\/\/uumajalaiset.se\/index.php?rest_route=\/wp\/v2\/posts"}],"about":[{"href":"http:\/\/uumajalaiset.se\/index.php?rest_route=\/wp\/v2\/types\/post"}],"author":[{"embeddable":true,"href":"http:\/\/uumajalaiset.se\/index.php?rest_route=\/wp\/v2\/users\/1"}],"replies":[{"embeddable":true,"href":"http:\/\/uumajalaiset.se\/index.php?rest_route=%2Fwp%2Fv2%2Fcomments&post=2779"}],"version-history":[{"count":22,"href":"http:\/\/uumajalaiset.se\/index.php?rest_route=\/wp\/v2\/posts\/2779\/revisions"}],"predecessor-version":[{"id":2789,"href":"http:\/\/uumajalaiset.se\/index.php?rest_route=\/wp\/v2\/posts\/2779\/revisions\/2789"}],"wp:attachment":[{"href":"http:\/\/uumajalaiset.se\/index.php?rest_route=%2Fwp%2Fv2%2Fmedia&parent=2779"}],"wp:term":[{"taxonomy":"category","embeddable":true,"href":"http:\/\/uumajalaiset.se\/index.php?rest_route=%2Fwp%2Fv2%2Fcategories&post=2779"},{"taxonomy":"post_tag","embeddable":true,"href":"http:\/\/uumajalaiset.se\/index.php?rest_route=%2Fwp%2Fv2%2Ftags&post=2779"}],"curies":[{"name":"wp","href":"https:\/\/api.w.org\/{rel}","templated":true}]}}