{"id":2859,"date":"2012-06-22T07:55:36","date_gmt":"2012-06-22T07:55:36","guid":{"rendered":"http:\/\/uumajalaiset.se\/?p=2859"},"modified":"2012-06-23T11:21:06","modified_gmt":"2012-06-23T11:21:06","slug":"juhannusaattoa-mokilla","status":"publish","type":"post","link":"http:\/\/uumajalaiset.se\/?p=2859","title":{"rendered":"Juhannusaattoa m\u00f6kill\u00e4"},"content":{"rendered":"<p>Uumajan Suomalaisen Kerhon m\u00f6kill\u00e4 paistoi juhannusaattona aurinko. Joitakin kerholaisia oli jo puoleltap\u00e4ivin ilmestynyt paikalle.<br \/>\n<a href=\"http:\/\/uumajalaiset.se\/?attachment_id=2860\" rel=\"attachment wp-att-2860\"><img loading=\"lazy\" decoding=\"async\" class=\"alignnone size-full wp-image-2860\" title=\"2012-06-22Juhannusaatto2012\" src=\"http:\/\/media.uumajalaiset.se\/2012\/06\/2012-06-22Juhannusaatto2012.jpg\" alt=\"\" width=\"500\" height=\"375\" srcset=\"http:\/\/media.uumajalaiset.se\/2012\/06\/2012-06-22Juhannusaatto2012.jpg 500w, http:\/\/media.uumajalaiset.se\/2012\/06\/2012-06-22Juhannusaatto2012-150x112.jpg 150w, http:\/\/media.uumajalaiset.se\/2012\/06\/2012-06-22Juhannusaatto2012-300x225.jpg 300w, http:\/\/media.uumajalaiset.se\/2012\/06\/2012-06-22Juhannusaatto2012-400x300.jpg 400w\" sizes=\"auto, (max-width: 500px) 100vw, 500px\" \/><\/a><br \/>\nKim Borg, Marjatta Forsells ja Olli Falben.<br \/>\n<a href=\"http:\/\/uumajalaiset.se\/?attachment_id=2861\" rel=\"attachment wp-att-2861\"><img loading=\"lazy\" decoding=\"async\" class=\"alignnone size-full wp-image-2861\" title=\"2012-06-22Juhannusaatto2012 (1)\" src=\"http:\/\/media.uumajalaiset.se\/2012\/06\/2012-06-22Juhannusaatto2012-1.jpg\" alt=\"\" width=\"500\" height=\"375\" srcset=\"http:\/\/media.uumajalaiset.se\/2012\/06\/2012-06-22Juhannusaatto2012-1.jpg 500w, http:\/\/media.uumajalaiset.se\/2012\/06\/2012-06-22Juhannusaatto2012-1-150x112.jpg 150w, http:\/\/media.uumajalaiset.se\/2012\/06\/2012-06-22Juhannusaatto2012-1-300x225.jpg 300w, http:\/\/media.uumajalaiset.se\/2012\/06\/2012-06-22Juhannusaatto2012-1-400x300.jpg 400w\" sizes=\"auto, (max-width: 500px) 100vw, 500px\" \/><\/a><br \/>\nOlihan siell\u00e4 Raili Borgkin.<br \/>\n<a href=\"http:\/\/uumajalaiset.se\/?attachment_id=2862\" rel=\"attachment wp-att-2862\"><img loading=\"lazy\" decoding=\"async\" class=\"alignnone size-full wp-image-2862\" title=\"2012-06-22Juhannusaatto2012 (2)\" src=\"http:\/\/media.uumajalaiset.se\/2012\/06\/2012-06-22Juhannusaatto2012-2.jpg\" alt=\"\" width=\"500\" height=\"375\" srcset=\"http:\/\/media.uumajalaiset.se\/2012\/06\/2012-06-22Juhannusaatto2012-2.jpg 500w, http:\/\/media.uumajalaiset.se\/2012\/06\/2012-06-22Juhannusaatto2012-2-150x112.jpg 150w, http:\/\/media.uumajalaiset.se\/2012\/06\/2012-06-22Juhannusaatto2012-2-300x225.jpg 300w, http:\/\/media.uumajalaiset.se\/2012\/06\/2012-06-22Juhannusaatto2012-2-400x300.jpg 400w\" sizes=\"auto, (max-width: 500px) 100vw, 500px\" \/><\/a><br \/>\nKukahan sielt\u00e4 vihdan takaa luuraa?<br \/>\n<a href=\"http:\/\/uumajalaiset.se\/?attachment_id=2863\" rel=\"attachment wp-att-2863\"><img loading=\"lazy\" decoding=\"async\" class=\"alignnone size-full wp-image-2863\" title=\"2012-06-22Juhannusaatto2012 (3)\" src=\"http:\/\/media.uumajalaiset.se\/2012\/06\/2012-06-22Juhannusaatto2012-3.jpg\" alt=\"\" width=\"500\" height=\"375\" srcset=\"http:\/\/media.uumajalaiset.se\/2012\/06\/2012-06-22Juhannusaatto2012-3.jpg 500w, http:\/\/media.uumajalaiset.se\/2012\/06\/2012-06-22Juhannusaatto2012-3-150x112.jpg 150w, http:\/\/media.uumajalaiset.se\/2012\/06\/2012-06-22Juhannusaatto2012-3-300x225.jpg 300w, http:\/\/media.uumajalaiset.se\/2012\/06\/2012-06-22Juhannusaatto2012-3-400x300.jpg 400w\" sizes=\"auto, (max-width: 500px) 100vw, 500px\" \/><\/a><br \/>\nEi Rauno vaan Mauno Pihlajamaa.<br \/>\n<a href=\"http:\/\/uumajalaiset.se\/?attachment_id=2864\" rel=\"attachment wp-att-2864\"><img loading=\"lazy\" decoding=\"async\" class=\"alignnone size-full wp-image-2864\" title=\"2012-06-22Juhannusaatto2012 (4)\" src=\"http:\/\/media.uumajalaiset.se\/2012\/06\/2012-06-22Juhannusaatto2012-4.jpg\" alt=\"\" width=\"500\" height=\"375\" srcset=\"http:\/\/media.uumajalaiset.se\/2012\/06\/2012-06-22Juhannusaatto2012-4.jpg 500w, http:\/\/media.uumajalaiset.se\/2012\/06\/2012-06-22Juhannusaatto2012-4-150x112.jpg 150w, http:\/\/media.uumajalaiset.se\/2012\/06\/2012-06-22Juhannusaatto2012-4-300x225.jpg 300w, http:\/\/media.uumajalaiset.se\/2012\/06\/2012-06-22Juhannusaatto2012-4-400x300.jpg 400w\" sizes=\"auto, (max-width: 500px) 100vw, 500px\" \/><\/a><br \/>\nIrma Larssonkin poikkesi kerhon m\u00f6kill\u00e4 menness\u00e4\u00e4n omalle m\u00f6killeen.<br \/>\n<a href=\"http:\/\/uumajalaiset.se\/?attachment_id=2865\" rel=\"attachment wp-att-2865\"><img loading=\"lazy\" decoding=\"async\" class=\"alignnone size-full wp-image-2865\" title=\"2012-06-22Juhannusaatto2012 (5)\" src=\"http:\/\/media.uumajalaiset.se\/2012\/06\/2012-06-22Juhannusaatto2012-5.jpg\" alt=\"\" width=\"500\" height=\"375\" srcset=\"http:\/\/media.uumajalaiset.se\/2012\/06\/2012-06-22Juhannusaatto2012-5.jpg 500w, http:\/\/media.uumajalaiset.se\/2012\/06\/2012-06-22Juhannusaatto2012-5-150x112.jpg 150w, http:\/\/media.uumajalaiset.se\/2012\/06\/2012-06-22Juhannusaatto2012-5-300x225.jpg 300w, http:\/\/media.uumajalaiset.se\/2012\/06\/2012-06-22Juhannusaatto2012-5-400x300.jpg 400w\" sizes=\"auto, (max-width: 500px) 100vw, 500px\" \/><\/a><br \/>\nYhden grillin vahtimiseen tarvitaan v\u00e4hint\u00e4\u00e4n nelj\u00e4 miest\u00e4.<br \/>\n<a href=\"http:\/\/uumajalaiset.se\/?attachment_id=2866\" rel=\"attachment wp-att-2866\"><img loading=\"lazy\" decoding=\"async\" class=\"alignnone size-full wp-image-2866\" title=\"2012-06-22Juhannusaatto2012 (6)\" src=\"http:\/\/media.uumajalaiset.se\/2012\/06\/2012-06-22Juhannusaatto2012-6.jpg\" alt=\"\" width=\"500\" height=\"375\" srcset=\"http:\/\/media.uumajalaiset.se\/2012\/06\/2012-06-22Juhannusaatto2012-6.jpg 500w, http:\/\/media.uumajalaiset.se\/2012\/06\/2012-06-22Juhannusaatto2012-6-150x112.jpg 150w, http:\/\/media.uumajalaiset.se\/2012\/06\/2012-06-22Juhannusaatto2012-6-300x225.jpg 300w, http:\/\/media.uumajalaiset.se\/2012\/06\/2012-06-22Juhannusaatto2012-6-400x300.jpg 400w\" sizes=\"auto, (max-width: 500px) 100vw, 500px\" \/><\/a><br \/>\nEi onneksi t\u00e4m\u00e4 grilli l\u00e4htenyt karkuun.<br \/>\n<a href=\"http:\/\/uumajalaiset.se\/?attachment_id=2867\" rel=\"attachment wp-att-2867\"><img loading=\"lazy\" decoding=\"async\" class=\"alignnone size-full wp-image-2867\" title=\"2012-06-22Juhannusaatto2012 (7)\" src=\"http:\/\/media.uumajalaiset.se\/2012\/06\/2012-06-22Juhannusaatto2012-7.jpg\" alt=\"\" width=\"500\" height=\"375\" srcset=\"http:\/\/media.uumajalaiset.se\/2012\/06\/2012-06-22Juhannusaatto2012-7.jpg 500w, http:\/\/media.uumajalaiset.se\/2012\/06\/2012-06-22Juhannusaatto2012-7-150x112.jpg 150w, http:\/\/media.uumajalaiset.se\/2012\/06\/2012-06-22Juhannusaatto2012-7-300x225.jpg 300w, http:\/\/media.uumajalaiset.se\/2012\/06\/2012-06-22Juhannusaatto2012-7-400x300.jpg 400w\" sizes=\"auto, (max-width: 500px) 100vw, 500px\" \/><\/a><br \/>\nNaiset juttelivat auringon paisteessa.<br \/>\n<a href=\"http:\/\/uumajalaiset.se\/?attachment_id=2868\" rel=\"attachment wp-att-2868\"><img loading=\"lazy\" decoding=\"async\" class=\"alignnone size-full wp-image-2868\" title=\"2012-06-22Juhannusaatto2012 (8)\" src=\"http:\/\/media.uumajalaiset.se\/2012\/06\/2012-06-22Juhannusaatto2012-8.jpg\" alt=\"\" width=\"500\" height=\"375\" srcset=\"http:\/\/media.uumajalaiset.se\/2012\/06\/2012-06-22Juhannusaatto2012-8.jpg 500w, http:\/\/media.uumajalaiset.se\/2012\/06\/2012-06-22Juhannusaatto2012-8-150x112.jpg 150w, http:\/\/media.uumajalaiset.se\/2012\/06\/2012-06-22Juhannusaatto2012-8-300x225.jpg 300w, http:\/\/media.uumajalaiset.se\/2012\/06\/2012-06-22Juhannusaatto2012-8-400x300.jpg 400w\" sizes=\"auto, (max-width: 500px) 100vw, 500px\" \/><\/a><br \/>\nLarssonin Irma alkoi jo mietti\u00e4 matkan jatkamista.<br \/>\n<a href=\"http:\/\/uumajalaiset.se\/?attachment_id=2869\" rel=\"attachment wp-att-2869\"><img loading=\"lazy\" decoding=\"async\" class=\"alignnone size-full wp-image-2869\" title=\"2012-06-22Juhannusaatto2012 (9)\" src=\"http:\/\/media.uumajalaiset.se\/2012\/06\/2012-06-22Juhannusaatto2012-9.jpg\" alt=\"\" width=\"500\" height=\"375\" srcset=\"http:\/\/media.uumajalaiset.se\/2012\/06\/2012-06-22Juhannusaatto2012-9.jpg 500w, http:\/\/media.uumajalaiset.se\/2012\/06\/2012-06-22Juhannusaatto2012-9-150x112.jpg 150w, http:\/\/media.uumajalaiset.se\/2012\/06\/2012-06-22Juhannusaatto2012-9-300x225.jpg 300w, http:\/\/media.uumajalaiset.se\/2012\/06\/2012-06-22Juhannusaatto2012-9-400x300.jpg 400w\" sizes=\"auto, (max-width: 500px) 100vw, 500px\" \/><\/a><br \/>\nHirvosen Pirkko kavereineen oli jo kerinnyt k\u00e4yd\u00e4 juhannusaunassa.<br \/>\n<a href=\"http:\/\/uumajalaiset.se\/?attachment_id=2870\" rel=\"attachment wp-att-2870\"><img loading=\"lazy\" decoding=\"async\" class=\"alignnone size-full wp-image-2870\" title=\"2012-06-22Juhannusaatto2012 (10)\" src=\"http:\/\/media.uumajalaiset.se\/2012\/06\/2012-06-22Juhannusaatto2012-10.jpg\" alt=\"\" width=\"500\" height=\"375\" srcset=\"http:\/\/media.uumajalaiset.se\/2012\/06\/2012-06-22Juhannusaatto2012-10.jpg 500w, http:\/\/media.uumajalaiset.se\/2012\/06\/2012-06-22Juhannusaatto2012-10-150x112.jpg 150w, http:\/\/media.uumajalaiset.se\/2012\/06\/2012-06-22Juhannusaatto2012-10-300x225.jpg 300w, http:\/\/media.uumajalaiset.se\/2012\/06\/2012-06-22Juhannusaatto2012-10-400x300.jpg 400w\" sizes=\"auto, (max-width: 500px) 100vw, 500px\" \/><\/a><br \/>\nGrillin ristikolla kypsyiv\u00e4t lihanpalat.<\/p>\n<p><a href=\"http:\/\/uumajalaiset.se\/?attachment_id=2875\" rel=\"attachment wp-att-2875\"><img loading=\"lazy\" decoding=\"async\" title=\"2012-06-22Juhannusaatto2012 (14)\" src=\"http:\/\/media.uumajalaiset.se\/2012\/06\/2012-06-22Juhannusaatto2012-14.jpg\" alt=\"\" width=\"500\" height=\"375\" \/><\/a><br \/>\nSilli\u00e4, kermaviili\u00e4,uusia perunoita, lihaa, salaattia ja eri kastikkeita. &#8211; No joo, niukin naukin kelepas, sanoi lapualainen festfixari.<br \/>\n<a href=\"http:\/\/uumajalaiset.se\/?attachment_id=2873\" rel=\"attachment wp-att-2873\"><img loading=\"lazy\" decoding=\"async\" class=\"alignnone size-full wp-image-2873\" title=\"2012-06-22Juhannusaatto2012 (12)\" src=\"http:\/\/media.uumajalaiset.se\/2012\/06\/2012-06-22Juhannusaatto2012-12.jpg\" alt=\"\" width=\"500\" height=\"375\" srcset=\"http:\/\/media.uumajalaiset.se\/2012\/06\/2012-06-22Juhannusaatto2012-12.jpg 500w, http:\/\/media.uumajalaiset.se\/2012\/06\/2012-06-22Juhannusaatto2012-12-150x112.jpg 150w, http:\/\/media.uumajalaiset.se\/2012\/06\/2012-06-22Juhannusaatto2012-12-300x225.jpg 300w, http:\/\/media.uumajalaiset.se\/2012\/06\/2012-06-22Juhannusaatto2012-12-400x300.jpg 400w\" sizes=\"auto, (max-width: 500px) 100vw, 500px\" \/><\/a><br \/>\nKimin ja Marjatan mielest\u00e4 olivat uudet perunat oikein hyvi\u00e4.<a href=\"http:\/\/uumajalaiset.se\/?attachment_id=2874\" rel=\"attachment wp-att-2874\"><img loading=\"lazy\" decoding=\"async\" class=\"alignnone size-full wp-image-2874\" title=\"2012-06-22Juhannusaatto2012 (13)\" src=\"http:\/\/media.uumajalaiset.se\/2012\/06\/2012-06-22Juhannusaatto2012-13.jpg\" alt=\"\" width=\"500\" height=\"375\" srcset=\"http:\/\/media.uumajalaiset.se\/2012\/06\/2012-06-22Juhannusaatto2012-13.jpg 500w, http:\/\/media.uumajalaiset.se\/2012\/06\/2012-06-22Juhannusaatto2012-13-150x112.jpg 150w, http:\/\/media.uumajalaiset.se\/2012\/06\/2012-06-22Juhannusaatto2012-13-300x225.jpg 300w, http:\/\/media.uumajalaiset.se\/2012\/06\/2012-06-22Juhannusaatto2012-13-400x300.jpg 400w\" sizes=\"auto, (max-width: 500px) 100vw, 500px\" \/><\/a><\/p>\n<p><a href=\"http:\/\/uumajalaiset.se\/?attachment_id=2872\" rel=\"attachment wp-att-2872\"><img loading=\"lazy\" decoding=\"async\" title=\"2012-06-22Juhannusaatto2012 (11)\" src=\"http:\/\/media.uumajalaiset.se\/2012\/06\/2012-06-22Juhannusaatto2012-111.jpg\" alt=\"\" width=\"500\" height=\"375\" \/><\/a><br \/>\nMaituivathan ne puheenjohtajallekin. Juhannusaaton juhliminen jatkui m\u00f6kill\u00e4.<br \/>\n<a href=\"http:\/\/uumajalaiset.se\/?attachment_id=2876\" rel=\"attachment wp-att-2876\"><img loading=\"lazy\" decoding=\"async\" class=\"alignnone size-full wp-image-2876\" title=\"2012-06-22Juhannusaatto2012 (15)\" src=\"http:\/\/media.uumajalaiset.se\/2012\/06\/2012-06-22Juhannusaatto2012-15.jpg\" alt=\"\" width=\"500\" height=\"375\" srcset=\"http:\/\/media.uumajalaiset.se\/2012\/06\/2012-06-22Juhannusaatto2012-15.jpg 500w, http:\/\/media.uumajalaiset.se\/2012\/06\/2012-06-22Juhannusaatto2012-15-150x112.jpg 150w, http:\/\/media.uumajalaiset.se\/2012\/06\/2012-06-22Juhannusaatto2012-15-300x225.jpg 300w, http:\/\/media.uumajalaiset.se\/2012\/06\/2012-06-22Juhannusaatto2012-15-400x300.jpg 400w\" sizes=\"auto, (max-width: 500px) 100vw, 500px\" \/><\/a><br \/>\nIllan vieraita odotti muun muassa Arjan hieno sillitorttu.<\/p>\n<p>Foto: Borg<\/p>\n","protected":false},"excerpt":{"rendered":"<p>Uumajan Suomalaisen Kerhon m\u00f6kill\u00e4 paistoi juhannusaattona aurinko. Joitakin kerholaisia oli jo puoleltap\u00e4ivin ilmestynyt paikalle. Kim Borg, Marjatta Forsells ja Olli Falben. Olihan siell\u00e4 Raili Borgkin. Kukahan sielt\u00e4 vihdan takaa luuraa? Ei Rauno vaan Mauno Pihlajamaa. Irma Larssonkin poikkesi kerhon m\u00f6kill\u00e4 &hellip; <a href=\"http:\/\/uumajalaiset.se\/?p=2859\">L\u00e4s mer <span class=\"meta-nav\">&rarr;<\/span><\/a><\/p>\n","protected":false},"author":1,"featured_media":0,"comment_status":"open","ping_status":"open","sticky":false,"template":"","format":"gallery","meta":{"footnotes":""},"categories":[8],"tags":[],"class_list":["post-2859","post","type-post","status-publish","format-gallery","hentry","category-uutiset-2","post_format-post-format-gallery"],"_links":{"self":[{"href":"http:\/\/uumajalaiset.se\/index.php?rest_route=\/wp\/v2\/posts\/2859","targetHints":{"allow":["GET"]}}],"collection":[{"href":"http:\/\/uumajalaiset.se\/index.php?rest_route=\/wp\/v2\/posts"}],"about":[{"href":"http:\/\/uumajalaiset.se\/index.php?rest_route=\/wp\/v2\/types\/post"}],"author":[{"embeddable":true,"href":"http:\/\/uumajalaiset.se\/index.php?rest_route=\/wp\/v2\/users\/1"}],"replies":[{"embeddable":true,"href":"http:\/\/uumajalaiset.se\/index.php?rest_route=%2Fwp%2Fv2%2Fcomments&post=2859"}],"version-history":[{"count":4,"href":"http:\/\/uumajalaiset.se\/index.php?rest_route=\/wp\/v2\/posts\/2859\/revisions"}],"predecessor-version":[{"id":2880,"href":"http:\/\/uumajalaiset.se\/index.php?rest_route=\/wp\/v2\/posts\/2859\/revisions\/2880"}],"wp:attachment":[{"href":"http:\/\/uumajalaiset.se\/index.php?rest_route=%2Fwp%2Fv2%2Fmedia&parent=2859"}],"wp:term":[{"taxonomy":"category","embeddable":true,"href":"http:\/\/uumajalaiset.se\/index.php?rest_route=%2Fwp%2Fv2%2Fcategories&post=2859"},{"taxonomy":"post_tag","embeddable":true,"href":"http:\/\/uumajalaiset.se\/index.php?rest_route=%2Fwp%2Fv2%2Ftags&post=2859"}],"curies":[{"name":"wp","href":"https:\/\/api.w.org\/{rel}","templated":true}]}}