{"id":2887,"date":"2012-06-25T18:59:17","date_gmt":"2012-06-25T18:59:17","guid":{"rendered":"http:\/\/uumajalaiset.se\/?p=2887"},"modified":"2012-07-24T20:28:49","modified_gmt":"2012-07-24T20:28:49","slug":"kesakahvila-kaynnnistyi","status":"publish","type":"post","link":"http:\/\/uumajalaiset.se\/?p=2887","title":{"rendered":"Kes\u00e4kahvila k\u00e4ynnistyi"},"content":{"rendered":"<p>Uumajan Suomalaisen Kerhon kes\u00e4kahvila m\u00f6kill\u00e4, Olle Fiskares v\u00e4g 14,\u00a0 k\u00e4ynnistyi maanantaina. Paikalla olivat Marjatta Forsellsin ja Raili Borgin lis\u00e4ksi Merja Olsson, joka on lupautunut auttamaan kes\u00e4kahvilassa tarvittaessa ja Christina Borg, joka p\u00e4iv\u00e4n kunniaksi seisoi sek\u00e4 kameran ett\u00e4 videokameran takana. Kes\u00e4kahvilan taiden\u00e4yttelyj\u00e4rjestys muuttui hieman kun osoittautui, ett\u00e4 t\u00e4m\u00e4n viikon perjantaina oli m\u00f6kki varattu. T\u00e4ll\u00e4 viikolla ei ole taiden\u00e4yttely\u00e4. Kes\u00e4taiden\u00e4yttelyn avajaiset ovat ensi viikon maanantaina.<\/p>\n<p>M\u00f6kki on auki joka viikko maanantaista torstaihin 12.00 -18.00, ja lauantaina 14.00 -18.00, Perjantaina m\u00f6kki on suljettu. Kes\u00e4kahvilan pit\u00e4j\u00e4t p\u00e4\u00e4ttiv\u00e4t lis\u00e4t\u00e4 kahvilan ruokalistaan pullakahvien lis\u00e4ksi sillivoileiv\u00e4n sek\u00e4 p\u00e4iv\u00e4n sopan, joka tarjoillaan klo 16.00 kahdellakymmenenell\u00e4 viidell\u00e4 kruunulla. Maanantaina k\u00e4vi m\u00f6killa 17 henkil\u00f6\u00e4.<br \/>\n<a href=\"http:\/\/uumajalaiset.se\/?attachment_id=2888\" rel=\"attachment wp-att-2888\"><img loading=\"lazy\" decoding=\"async\" class=\"alignnone size-full wp-image-2888\" title=\"2012-06-25kes\u00e4kahvila\" src=\"http:\/\/media.uumajalaiset.se\/2012\/06\/2012-06-25kes\u00e4kahvila.jpg\" alt=\"\" width=\"500\" height=\"375\" srcset=\"http:\/\/media.uumajalaiset.se\/2012\/06\/2012-06-25kes\u00e4kahvila.jpg 500w, http:\/\/media.uumajalaiset.se\/2012\/06\/2012-06-25kes\u00e4kahvila-150x112.jpg 150w, http:\/\/media.uumajalaiset.se\/2012\/06\/2012-06-25kes\u00e4kahvila-300x225.jpg 300w, http:\/\/media.uumajalaiset.se\/2012\/06\/2012-06-25kes\u00e4kahvila-400x300.jpg 400w\" sizes=\"auto, (max-width: 500px) 100vw, 500px\" \/><\/a><br \/>\nKes\u00e4kahvilan naiset valmiina taistoon.<br \/>\n<a href=\"http:\/\/uumajalaiset.se\/?attachment_id=2889\" rel=\"attachment wp-att-2889\"><img loading=\"lazy\" decoding=\"async\" class=\"alignnone size-full wp-image-2889\" title=\"2012-06-25kes\u00e4kahvila (1)\" src=\"http:\/\/media.uumajalaiset.se\/2012\/06\/2012-06-25kes\u00e4kahvila-1.jpg\" alt=\"\" width=\"500\" height=\"375\" srcset=\"http:\/\/media.uumajalaiset.se\/2012\/06\/2012-06-25kes\u00e4kahvila-1.jpg 500w, http:\/\/media.uumajalaiset.se\/2012\/06\/2012-06-25kes\u00e4kahvila-1-150x112.jpg 150w, http:\/\/media.uumajalaiset.se\/2012\/06\/2012-06-25kes\u00e4kahvila-1-300x225.jpg 300w, http:\/\/media.uumajalaiset.se\/2012\/06\/2012-06-25kes\u00e4kahvila-1-400x300.jpg 400w\" sizes=\"auto, (max-width: 500px) 100vw, 500px\" \/><\/a><br \/>\nNyt on kerhon puheenjohtajallakin aikaa jutella sek\u00e4 j\u00e4senten ett\u00e4 muiden kahvilavieraiden kanssa.<br \/>\n<a href=\"http:\/\/uumajalaiset.se\/?attachment_id=2890\" rel=\"attachment wp-att-2890\"><img loading=\"lazy\" decoding=\"async\" class=\"alignnone size-full wp-image-2890\" title=\"2012-06-25kes\u00e4kahvila (2)\" src=\"http:\/\/media.uumajalaiset.se\/2012\/06\/2012-06-25kes\u00e4kahvila-2.jpg\" alt=\"\" width=\"500\" height=\"375\" srcset=\"http:\/\/media.uumajalaiset.se\/2012\/06\/2012-06-25kes\u00e4kahvila-2.jpg 500w, http:\/\/media.uumajalaiset.se\/2012\/06\/2012-06-25kes\u00e4kahvila-2-150x112.jpg 150w, http:\/\/media.uumajalaiset.se\/2012\/06\/2012-06-25kes\u00e4kahvila-2-300x225.jpg 300w, http:\/\/media.uumajalaiset.se\/2012\/06\/2012-06-25kes\u00e4kahvila-2-400x300.jpg 400w\" sizes=\"auto, (max-width: 500px) 100vw, 500px\" \/><\/a><br \/>\nKahdeksan viikkoa kes\u00e4kahvilaa. Se vaatii jo suunnittelua.<br \/>\n<a href=\"http:\/\/uumajalaiset.se\/?attachment_id=2891\" rel=\"attachment wp-att-2891\"><img loading=\"lazy\" decoding=\"async\" class=\"alignnone size-full wp-image-2891\" title=\"2012-06-25kes\u00e4kahvila (3)\" src=\"http:\/\/media.uumajalaiset.se\/2012\/06\/2012-06-25kes\u00e4kahvila-3.jpg\" alt=\"\" width=\"500\" height=\"375\" srcset=\"http:\/\/media.uumajalaiset.se\/2012\/06\/2012-06-25kes\u00e4kahvila-3.jpg 500w, http:\/\/media.uumajalaiset.se\/2012\/06\/2012-06-25kes\u00e4kahvila-3-150x112.jpg 150w, http:\/\/media.uumajalaiset.se\/2012\/06\/2012-06-25kes\u00e4kahvila-3-300x225.jpg 300w, http:\/\/media.uumajalaiset.se\/2012\/06\/2012-06-25kes\u00e4kahvila-3-400x300.jpg 400w\" sizes=\"auto, (max-width: 500px) 100vw, 500px\" \/><\/a><br \/>\nKerhon m\u00f6kki on todella ihana paikka viett\u00e4\u00e4 aurinkoisia suvip\u00e4ivi\u00e4.<br \/>\n<a href=\"http:\/\/uumajalaiset.se\/?attachment_id=2892\" rel=\"attachment wp-att-2892\"><img loading=\"lazy\" decoding=\"async\" class=\"alignnone size-full wp-image-2892\" title=\"2012-06-25kes\u00e4kahvila (4)\" src=\"http:\/\/media.uumajalaiset.se\/2012\/06\/2012-06-25kes\u00e4kahvila-4.jpg\" alt=\"\" width=\"500\" height=\"375\" srcset=\"http:\/\/media.uumajalaiset.se\/2012\/06\/2012-06-25kes\u00e4kahvila-4.jpg 500w, http:\/\/media.uumajalaiset.se\/2012\/06\/2012-06-25kes\u00e4kahvila-4-150x112.jpg 150w, http:\/\/media.uumajalaiset.se\/2012\/06\/2012-06-25kes\u00e4kahvila-4-300x225.jpg 300w, http:\/\/media.uumajalaiset.se\/2012\/06\/2012-06-25kes\u00e4kahvila-4-400x300.jpg 400w\" sizes=\"auto, (max-width: 500px) 100vw, 500px\" \/><\/a><br \/>\nOlli Falben ja Kim Borg k\u00e4yttiv\u00e4t tilaisuutta hyv\u00e4kseen -puut\u00f6ihin.<br \/>\n<a href=\"http:\/\/uumajalaiset.se\/?attachment_id=2893\" rel=\"attachment wp-att-2893\"><img loading=\"lazy\" decoding=\"async\" class=\"alignnone size-full wp-image-2893\" title=\"2012-06-25kes\u00e4kahvila (5)\" src=\"http:\/\/media.uumajalaiset.se\/2012\/06\/2012-06-25kes\u00e4kahvila-5.jpg\" alt=\"\" width=\"500\" height=\"375\" srcset=\"http:\/\/media.uumajalaiset.se\/2012\/06\/2012-06-25kes\u00e4kahvila-5.jpg 500w, http:\/\/media.uumajalaiset.se\/2012\/06\/2012-06-25kes\u00e4kahvila-5-150x112.jpg 150w, http:\/\/media.uumajalaiset.se\/2012\/06\/2012-06-25kes\u00e4kahvila-5-300x225.jpg 300w, http:\/\/media.uumajalaiset.se\/2012\/06\/2012-06-25kes\u00e4kahvila-5-400x300.jpg 400w\" sizes=\"auto, (max-width: 500px) 100vw, 500px\" \/><\/a><br \/>\nPuut\u00f6iss\u00e4 on suunnitteluvaihe t\u00e4rke\u00e4.<br \/>\n<a href=\"http:\/\/uumajalaiset.se\/?attachment_id=2894\" rel=\"attachment wp-att-2894\"><img loading=\"lazy\" decoding=\"async\" class=\"alignnone size-full wp-image-2894\" title=\"2012-06-25kes\u00e4kahvila (6)\" src=\"http:\/\/media.uumajalaiset.se\/2012\/06\/2012-06-25kes\u00e4kahvila-6.jpg\" alt=\"\" width=\"500\" height=\"375\" srcset=\"http:\/\/media.uumajalaiset.se\/2012\/06\/2012-06-25kes\u00e4kahvila-6.jpg 500w, http:\/\/media.uumajalaiset.se\/2012\/06\/2012-06-25kes\u00e4kahvila-6-150x112.jpg 150w, http:\/\/media.uumajalaiset.se\/2012\/06\/2012-06-25kes\u00e4kahvila-6-300x225.jpg 300w, http:\/\/media.uumajalaiset.se\/2012\/06\/2012-06-25kes\u00e4kahvila-6-400x300.jpg 400w\" sizes=\"auto, (max-width: 500px) 100vw, 500px\" \/><\/a><br \/>\nPuut\u00f6it\u00e4 j\u00e4i my\u00f6s huomiseksi.<\/p>\n","protected":false},"excerpt":{"rendered":"<p>Uumajan Suomalaisen Kerhon kes\u00e4kahvila m\u00f6kill\u00e4, Olle Fiskares v\u00e4g 14,\u00a0 k\u00e4ynnistyi maanantaina. Paikalla olivat Marjatta Forsellsin ja Raili Borgin lis\u00e4ksi Merja Olsson, joka on lupautunut auttamaan kes\u00e4kahvilassa tarvittaessa ja Christina Borg, joka p\u00e4iv\u00e4n kunniaksi seisoi sek\u00e4 kameran ett\u00e4 videokameran takana. Kes\u00e4kahvilan &hellip; <a href=\"http:\/\/uumajalaiset.se\/?p=2887\">L\u00e4s mer <span class=\"meta-nav\">&rarr;<\/span><\/a><\/p>\n","protected":false},"author":1,"featured_media":0,"comment_status":"open","ping_status":"open","sticky":false,"template":"","format":"gallery","meta":{"footnotes":""},"categories":[8],"tags":[],"class_list":["post-2887","post","type-post","status-publish","format-gallery","hentry","category-uutiset-2","post_format-post-format-gallery"],"_links":{"self":[{"href":"http:\/\/uumajalaiset.se\/index.php?rest_route=\/wp\/v2\/posts\/2887","targetHints":{"allow":["GET"]}}],"collection":[{"href":"http:\/\/uumajalaiset.se\/index.php?rest_route=\/wp\/v2\/posts"}],"about":[{"href":"http:\/\/uumajalaiset.se\/index.php?rest_route=\/wp\/v2\/types\/post"}],"author":[{"embeddable":true,"href":"http:\/\/uumajalaiset.se\/index.php?rest_route=\/wp\/v2\/users\/1"}],"replies":[{"embeddable":true,"href":"http:\/\/uumajalaiset.se\/index.php?rest_route=%2Fwp%2Fv2%2Fcomments&post=2887"}],"version-history":[{"count":5,"href":"http:\/\/uumajalaiset.se\/index.php?rest_route=\/wp\/v2\/posts\/2887\/revisions"}],"predecessor-version":[{"id":2896,"href":"http:\/\/uumajalaiset.se\/index.php?rest_route=\/wp\/v2\/posts\/2887\/revisions\/2896"}],"wp:attachment":[{"href":"http:\/\/uumajalaiset.se\/index.php?rest_route=%2Fwp%2Fv2%2Fmedia&parent=2887"}],"wp:term":[{"taxonomy":"category","embeddable":true,"href":"http:\/\/uumajalaiset.se\/index.php?rest_route=%2Fwp%2Fv2%2Fcategories&post=2887"},{"taxonomy":"post_tag","embeddable":true,"href":"http:\/\/uumajalaiset.se\/index.php?rest_route=%2Fwp%2Fv2%2Ftags&post=2887"}],"curies":[{"name":"wp","href":"https:\/\/api.w.org\/{rel}","templated":true}]}}