{"id":2914,"date":"2012-06-27T21:46:57","date_gmt":"2012-06-27T21:46:57","guid":{"rendered":"http:\/\/uumajalaiset.se\/?p=2914"},"modified":"2012-06-27T21:57:50","modified_gmt":"2012-06-27T21:57:50","slug":"kunnan-vahemmistotyoryhma-kesakahvilan-vieraana","status":"publish","type":"post","link":"http:\/\/uumajalaiset.se\/?p=2914","title":{"rendered":"Kunnan v\u00e4hemmist\u00f6ty\u00f6ryhm\u00e4 kes\u00e4kahvilan vieraana"},"content":{"rendered":"<p><a href=\"http:\/\/uumajalaiset.se\/?attachment_id=2915\" rel=\"attachment wp-att-2915\"><img loading=\"lazy\" decoding=\"async\" class=\"alignnone size-full wp-image-2915\" title=\"2012-06-27kes\u00e4kahvila (10)\" src=\"http:\/\/media.uumajalaiset.se\/2012\/06\/2012-06-27kes\u00e4kahvila-10.jpg\" alt=\"\" width=\"500\" height=\"375\" srcset=\"http:\/\/media.uumajalaiset.se\/2012\/06\/2012-06-27kes\u00e4kahvila-10.jpg 500w, http:\/\/media.uumajalaiset.se\/2012\/06\/2012-06-27kes\u00e4kahvila-10-150x112.jpg 150w, http:\/\/media.uumajalaiset.se\/2012\/06\/2012-06-27kes\u00e4kahvila-10-300x225.jpg 300w, http:\/\/media.uumajalaiset.se\/2012\/06\/2012-06-27kes\u00e4kahvila-10-400x300.jpg 400w\" sizes=\"auto, (max-width: 500px) 100vw, 500px\" \/><\/a><br \/>\nKeskiviikkona oli kunnan v\u00e4hemmist\u00f6ty\u00f6ryhm\u00e4 kerhon ja kes\u00e4kahvilan vieraina. T\u00e4ss\u00e4 Uumajan Suomalaisen Kerhon puheenjohtaja ja v\u00e4hemmist\u00f6ty\u00f6ryhm\u00e4n vastaava Cathrin Alensk\u00e4r.<br \/>\n<a href=\"http:\/\/uumajalaiset.se\/?attachment_id=2916\" rel=\"attachment wp-att-2916\"><img loading=\"lazy\" decoding=\"async\" class=\"alignnone size-full wp-image-2916\" title=\"2012-06-27kes\u00e4kahvila (7)\" src=\"http:\/\/media.uumajalaiset.se\/2012\/06\/2012-06-27kes\u00e4kahvila-7.jpg\" alt=\"\" width=\"500\" height=\"375\" srcset=\"http:\/\/media.uumajalaiset.se\/2012\/06\/2012-06-27kes\u00e4kahvila-7.jpg 500w, http:\/\/media.uumajalaiset.se\/2012\/06\/2012-06-27kes\u00e4kahvila-7-150x112.jpg 150w, http:\/\/media.uumajalaiset.se\/2012\/06\/2012-06-27kes\u00e4kahvila-7-300x225.jpg 300w, http:\/\/media.uumajalaiset.se\/2012\/06\/2012-06-27kes\u00e4kahvila-7-400x300.jpg 400w\" sizes=\"auto, (max-width: 500px) 100vw, 500px\" \/><\/a><br \/>\nPaikalla oli Cathrin Alensk\u00e4rin lis\u00e4ksi Uumajan kunnan suomenkielinen ty\u00f6ntekija Aino Dahl, Sara Stenberg, joka ty\u00f6nskentelee v\u00e4hemmist\u00f6asioiden parissa, kunnan juristi ja hallinnon kontaktihenkil\u00f6 Carina Lidgren Heimersson, kulttuuritoimen kontaktihenkil\u00f6\u00a0Leif M\u00e5rtensson, vapaa-ajantoimen kontaktihenkil\u00f6 Cathrin Westergren, sosiaalitoimen kontaktihenkil\u00f6 Christina Abrahamsson ja Suomen kielen delegaation puheenjohtaja Tapio Tamminen.<br \/>\n<a href=\"http:\/\/uumajalaiset.se\/?attachment_id=2917\" rel=\"attachment wp-att-2917\"><img loading=\"lazy\" decoding=\"async\" class=\"alignnone size-full wp-image-2917\" title=\"2012-06-27kes\u00e4kahvila (8)\" src=\"http:\/\/media.uumajalaiset.se\/2012\/06\/2012-06-27kes\u00e4kahvila-8.jpg\" alt=\"\" width=\"500\" height=\"375\" srcset=\"http:\/\/media.uumajalaiset.se\/2012\/06\/2012-06-27kes\u00e4kahvila-8.jpg 500w, http:\/\/media.uumajalaiset.se\/2012\/06\/2012-06-27kes\u00e4kahvila-8-150x112.jpg 150w, http:\/\/media.uumajalaiset.se\/2012\/06\/2012-06-27kes\u00e4kahvila-8-300x225.jpg 300w, http:\/\/media.uumajalaiset.se\/2012\/06\/2012-06-27kes\u00e4kahvila-8-400x300.jpg 400w\" sizes=\"auto, (max-width: 500px) 100vw, 500px\" \/><\/a><br \/>\nKunnan v\u00e4hemmist\u00f6ty\u00f6ryhm\u00e4 tutustui m\u00f6kkiin ja kerhon toimintaan.<br \/>\n<a href=\"http:\/\/uumajalaiset.se\/?attachment_id=2918\" rel=\"attachment wp-att-2918\"><img loading=\"lazy\" decoding=\"async\" class=\"alignnone size-full wp-image-2918\" title=\"2012-06-27kes\u00e4kahvila (9)\" src=\"http:\/\/media.uumajalaiset.se\/2012\/06\/2012-06-27kes\u00e4kahvila-9.jpg\" alt=\"\" width=\"500\" height=\"375\" srcset=\"http:\/\/media.uumajalaiset.se\/2012\/06\/2012-06-27kes\u00e4kahvila-9.jpg 500w, http:\/\/media.uumajalaiset.se\/2012\/06\/2012-06-27kes\u00e4kahvila-9-150x112.jpg 150w, http:\/\/media.uumajalaiset.se\/2012\/06\/2012-06-27kes\u00e4kahvila-9-300x225.jpg 300w, http:\/\/media.uumajalaiset.se\/2012\/06\/2012-06-27kes\u00e4kahvila-9-400x300.jpg 400w\" sizes=\"auto, (max-width: 500px) 100vw, 500px\" \/><\/a><br \/>\nMukava tavata hiukan erilaisessa ymp\u00e4rist\u00f6ss\u00e4.<br \/>\n<a href=\"http:\/\/uumajalaiset.se\/?attachment_id=2919\" rel=\"attachment wp-att-2919\"><img loading=\"lazy\" decoding=\"async\" class=\"alignnone size-full wp-image-2919\" title=\"2012-06-27kes\u00e4kahvila (1)\" src=\"http:\/\/media.uumajalaiset.se\/2012\/06\/2012-06-27kes\u00e4kahvila-1.jpg\" alt=\"\" width=\"500\" height=\"375\" srcset=\"http:\/\/media.uumajalaiset.se\/2012\/06\/2012-06-27kes\u00e4kahvila-1.jpg 500w, http:\/\/media.uumajalaiset.se\/2012\/06\/2012-06-27kes\u00e4kahvila-1-150x112.jpg 150w, http:\/\/media.uumajalaiset.se\/2012\/06\/2012-06-27kes\u00e4kahvila-1-300x225.jpg 300w, http:\/\/media.uumajalaiset.se\/2012\/06\/2012-06-27kes\u00e4kahvila-1-400x300.jpg 400w\" sizes=\"auto, (max-width: 500px) 100vw, 500px\" \/><\/a><br \/>\nSit\u00e4 ennen, jo v\u00e4h\u00e4n ennen kahtatoista alkoivat kerhon kes\u00e4kahvilaty\u00f6ntekij\u00e4t p\u00e4iv\u00e4n puuhat, t\u00e4ss\u00e4 Raili Borg, Merja Olsson ja Marjatta Forsells.<br \/>\n<a href=\"http:\/\/uumajalaiset.se\/?attachment_id=2920\" rel=\"attachment wp-att-2920\"><img loading=\"lazy\" decoding=\"async\" class=\"alignnone size-full wp-image-2920\" title=\"2012-06-27kes\u00e4kahvila (5)\" src=\"http:\/\/media.uumajalaiset.se\/2012\/06\/2012-06-27kes\u00e4kahvila-5.jpg\" alt=\"\" width=\"500\" height=\"375\" srcset=\"http:\/\/media.uumajalaiset.se\/2012\/06\/2012-06-27kes\u00e4kahvila-5.jpg 500w, http:\/\/media.uumajalaiset.se\/2012\/06\/2012-06-27kes\u00e4kahvila-5-150x112.jpg 150w, http:\/\/media.uumajalaiset.se\/2012\/06\/2012-06-27kes\u00e4kahvila-5-300x225.jpg 300w, http:\/\/media.uumajalaiset.se\/2012\/06\/2012-06-27kes\u00e4kahvila-5-400x300.jpg 400w\" sizes=\"auto, (max-width: 500px) 100vw, 500px\" \/><\/a><br \/>\nChristina Borg pysytteli tietokoneiden ja kamerojen takana.<br \/>\n<a href=\"http:\/\/uumajalaiset.se\/?attachment_id=2921\" rel=\"attachment wp-att-2921\"><img loading=\"lazy\" decoding=\"async\" class=\"alignnone size-full wp-image-2921\" title=\"2012-06-27kes\u00e4kahvila (2)\" src=\"http:\/\/media.uumajalaiset.se\/2012\/06\/2012-06-27kes\u00e4kahvila-2.jpg\" alt=\"\" width=\"500\" height=\"375\" srcset=\"http:\/\/media.uumajalaiset.se\/2012\/06\/2012-06-27kes\u00e4kahvila-2.jpg 500w, http:\/\/media.uumajalaiset.se\/2012\/06\/2012-06-27kes\u00e4kahvila-2-150x112.jpg 150w, http:\/\/media.uumajalaiset.se\/2012\/06\/2012-06-27kes\u00e4kahvila-2-300x225.jpg 300w, http:\/\/media.uumajalaiset.se\/2012\/06\/2012-06-27kes\u00e4kahvila-2-400x300.jpg 400w\" sizes=\"auto, (max-width: 500px) 100vw, 500px\" \/><\/a><br \/>\nPullatakina oli nousemassa.<br \/>\n<a href=\"http:\/\/uumajalaiset.se\/?attachment_id=2922\" rel=\"attachment wp-att-2922\"><img loading=\"lazy\" decoding=\"async\" class=\"alignnone size-full wp-image-2922\" title=\"2012-06-27kes\u00e4kahvila (3)\" src=\"http:\/\/media.uumajalaiset.se\/2012\/06\/2012-06-27kes\u00e4kahvila-3.jpg\" alt=\"\" width=\"500\" height=\"375\" srcset=\"http:\/\/media.uumajalaiset.se\/2012\/06\/2012-06-27kes\u00e4kahvila-3.jpg 500w, http:\/\/media.uumajalaiset.se\/2012\/06\/2012-06-27kes\u00e4kahvila-3-150x112.jpg 150w, http:\/\/media.uumajalaiset.se\/2012\/06\/2012-06-27kes\u00e4kahvila-3-300x225.jpg 300w, http:\/\/media.uumajalaiset.se\/2012\/06\/2012-06-27kes\u00e4kahvila-3-400x300.jpg 400w\" sizes=\"auto, (max-width: 500px) 100vw, 500px\" \/><\/a><br \/>\nNiist\u00e4 valmistuivat p\u00e4iv\u00e4n tuoreet pullat.<br \/>\n<a href=\"http:\/\/uumajalaiset.se\/?attachment_id=2923\" rel=\"attachment wp-att-2923\"><img loading=\"lazy\" decoding=\"async\" class=\"alignnone size-full wp-image-2923\" title=\"2012-06-27kes\u00e4kahvila (4)\" src=\"http:\/\/media.uumajalaiset.se\/2012\/06\/2012-06-27kes\u00e4kahvila-4.jpg\" alt=\"\" width=\"500\" height=\"375\" srcset=\"http:\/\/media.uumajalaiset.se\/2012\/06\/2012-06-27kes\u00e4kahvila-4.jpg 500w, http:\/\/media.uumajalaiset.se\/2012\/06\/2012-06-27kes\u00e4kahvila-4-150x112.jpg 150w, http:\/\/media.uumajalaiset.se\/2012\/06\/2012-06-27kes\u00e4kahvila-4-300x225.jpg 300w, http:\/\/media.uumajalaiset.se\/2012\/06\/2012-06-27kes\u00e4kahvila-4-400x300.jpg 400w\" sizes=\"auto, (max-width: 500px) 100vw, 500px\" \/><\/a><br \/>\nTuoreita karjalanpiirakoita valmistui pikaisesti kolmin k\u00e4sin.<br \/>\n<a href=\"http:\/\/uumajalaiset.se\/?attachment_id=2924\" rel=\"attachment wp-att-2924\"><img loading=\"lazy\" decoding=\"async\" class=\"alignnone size-full wp-image-2924\" title=\"2012-06-27kes\u00e4kahvila (6)\" src=\"http:\/\/media.uumajalaiset.se\/2012\/06\/2012-06-27kes\u00e4kahvila-6.jpg\" alt=\"\" width=\"500\" height=\"375\" srcset=\"http:\/\/media.uumajalaiset.se\/2012\/06\/2012-06-27kes\u00e4kahvila-6.jpg 500w, http:\/\/media.uumajalaiset.se\/2012\/06\/2012-06-27kes\u00e4kahvila-6-150x112.jpg 150w, http:\/\/media.uumajalaiset.se\/2012\/06\/2012-06-27kes\u00e4kahvila-6-300x225.jpg 300w, http:\/\/media.uumajalaiset.se\/2012\/06\/2012-06-27kes\u00e4kahvila-6-400x300.jpg 400w\" sizes=\"auto, (max-width: 500px) 100vw, 500px\" \/><\/a><br \/>\nMarjatta Forsells oli kuten tavallista m\u00f6kin p\u00e4\u00e4em\u00e4nt\u00e4.<br \/>\n<a href=\"http:\/\/uumajalaiset.se\/?attachment_id=2925\" rel=\"attachment wp-att-2925\"><img loading=\"lazy\" decoding=\"async\" class=\"alignnone size-full wp-image-2925\" title=\"2012-06-27kes\u00e4kahvila (18)\" src=\"http:\/\/media.uumajalaiset.se\/2012\/06\/2012-06-27kes\u00e4kahvila-18.jpg\" alt=\"\" width=\"500\" height=\"375\" srcset=\"http:\/\/media.uumajalaiset.se\/2012\/06\/2012-06-27kes\u00e4kahvila-18.jpg 500w, http:\/\/media.uumajalaiset.se\/2012\/06\/2012-06-27kes\u00e4kahvila-18-150x112.jpg 150w, http:\/\/media.uumajalaiset.se\/2012\/06\/2012-06-27kes\u00e4kahvila-18-300x225.jpg 300w, http:\/\/media.uumajalaiset.se\/2012\/06\/2012-06-27kes\u00e4kahvila-18-400x300.jpg 400w\" sizes=\"auto, (max-width: 500px) 100vw, 500px\" \/><\/a><br \/>\nM\u00f6kin nurmikolla leikkiv\u00e4t kahvivieraat<br \/>\n<a href=\"http:\/\/uumajalaiset.se\/?attachment_id=2926\" rel=\"attachment wp-att-2926\"><img loading=\"lazy\" decoding=\"async\" class=\"alignnone size-full wp-image-2926\" title=\"2012-06-27kes\u00e4kahvila (19)\" src=\"http:\/\/media.uumajalaiset.se\/2012\/06\/2012-06-27kes\u00e4kahvila-19.jpg\" alt=\"\" width=\"500\" height=\"375\" srcset=\"http:\/\/media.uumajalaiset.se\/2012\/06\/2012-06-27kes\u00e4kahvila-19.jpg 500w, http:\/\/media.uumajalaiset.se\/2012\/06\/2012-06-27kes\u00e4kahvila-19-150x112.jpg 150w, http:\/\/media.uumajalaiset.se\/2012\/06\/2012-06-27kes\u00e4kahvila-19-300x225.jpg 300w, http:\/\/media.uumajalaiset.se\/2012\/06\/2012-06-27kes\u00e4kahvila-19-400x300.jpg 400w\" sizes=\"auto, (max-width: 500px) 100vw, 500px\" \/><\/a><br \/>\nM\u00f6kilt\u00e4 l\u00f6ytyy pelej\u00e4 lapsille.<br \/>\n<a href=\"http:\/\/uumajalaiset.se\/?attachment_id=2927\" rel=\"attachment wp-att-2927\"><img loading=\"lazy\" decoding=\"async\" class=\"alignnone size-full wp-image-2927\" title=\"2012-06-27kes\u00e4kahvila (14)\" src=\"http:\/\/media.uumajalaiset.se\/2012\/06\/2012-06-27kes\u00e4kahvila-14.jpg\" alt=\"\" width=\"500\" height=\"375\" srcset=\"http:\/\/media.uumajalaiset.se\/2012\/06\/2012-06-27kes\u00e4kahvila-14.jpg 500w, http:\/\/media.uumajalaiset.se\/2012\/06\/2012-06-27kes\u00e4kahvila-14-150x112.jpg 150w, http:\/\/media.uumajalaiset.se\/2012\/06\/2012-06-27kes\u00e4kahvila-14-300x225.jpg 300w, http:\/\/media.uumajalaiset.se\/2012\/06\/2012-06-27kes\u00e4kahvila-14-400x300.jpg 400w\" sizes=\"auto, (max-width: 500px) 100vw, 500px\" \/><\/a><br \/>\nRuuaksi oli t\u00e4n\u00e4\u00e4n possua\u00a0ja perunalaatikkoa. Oikeastaan m\u00f6kill\u00e4 tarjoillaan p\u00e4iv\u00e4n soppa klo 16.00, mutta jos jotain muuta ruokaa sattuu olemaan, laskettakoon sekin sopaksi. Huomenna torstaina tarjoillaan unkarilaista gulash -keittoa.<br \/>\n<a href=\"http:\/\/uumajalaiset.se\/?attachment_id=2928\" rel=\"attachment wp-att-2928\"><img loading=\"lazy\" decoding=\"async\" class=\"alignnone size-full wp-image-2928\" title=\"2012-06-27kes\u00e4kahvila (15)\" src=\"http:\/\/media.uumajalaiset.se\/2012\/06\/2012-06-27kes\u00e4kahvila-15.jpg\" alt=\"\" width=\"500\" height=\"375\" srcset=\"http:\/\/media.uumajalaiset.se\/2012\/06\/2012-06-27kes\u00e4kahvila-15.jpg 500w, http:\/\/media.uumajalaiset.se\/2012\/06\/2012-06-27kes\u00e4kahvila-15-150x112.jpg 150w, http:\/\/media.uumajalaiset.se\/2012\/06\/2012-06-27kes\u00e4kahvila-15-300x225.jpg 300w, http:\/\/media.uumajalaiset.se\/2012\/06\/2012-06-27kes\u00e4kahvila-15-400x300.jpg 400w\" sizes=\"auto, (max-width: 500px) 100vw, 500px\" \/><\/a><br \/>\nRuoka maistui, loput ruuat myytiin kahvilavierailijoiden mukaan ja viimeksi tulleelle kahvilavieraalle olikin sitten vain tuoreita karjalanpiirakoita kotiin viemisiksi.<br \/>\n<a href=\"http:\/\/uumajalaiset.se\/?attachment_id=2929\" rel=\"attachment wp-att-2929\"><img loading=\"lazy\" decoding=\"async\" class=\"alignnone size-full wp-image-2929\" title=\"2012-06-27kes\u00e4kahvila (17)\" src=\"http:\/\/media.uumajalaiset.se\/2012\/06\/2012-06-27kes\u00e4kahvila-17.jpg\" alt=\"\" width=\"500\" height=\"375\" srcset=\"http:\/\/media.uumajalaiset.se\/2012\/06\/2012-06-27kes\u00e4kahvila-17.jpg 500w, http:\/\/media.uumajalaiset.se\/2012\/06\/2012-06-27kes\u00e4kahvila-17-150x112.jpg 150w, http:\/\/media.uumajalaiset.se\/2012\/06\/2012-06-27kes\u00e4kahvila-17-300x225.jpg 300w, http:\/\/media.uumajalaiset.se\/2012\/06\/2012-06-27kes\u00e4kahvila-17-400x300.jpg 400w\" sizes=\"auto, (max-width: 500px) 100vw, 500px\" \/><\/a><br \/>\nKiltill\u00e4 Aini-koiralla oli j\u00e4nnitt\u00e4v\u00e4 paiv\u00e4, paljon uusia ihmisi\u00e4 ja uusia tuoksuja.<br \/>\n<a href=\"http:\/\/uumajalaiset.se\/?attachment_id=2930\" rel=\"attachment wp-att-2930\"><img loading=\"lazy\" decoding=\"async\" class=\"alignnone size-full wp-image-2930\" title=\"2012-06-27kes\u00e4kahvila (16)\" src=\"http:\/\/media.uumajalaiset.se\/2012\/06\/2012-06-27kes\u00e4kahvila-16.jpg\" alt=\"\" width=\"500\" height=\"375\" srcset=\"http:\/\/media.uumajalaiset.se\/2012\/06\/2012-06-27kes\u00e4kahvila-16.jpg 500w, http:\/\/media.uumajalaiset.se\/2012\/06\/2012-06-27kes\u00e4kahvila-16-150x112.jpg 150w, http:\/\/media.uumajalaiset.se\/2012\/06\/2012-06-27kes\u00e4kahvila-16-300x225.jpg 300w, http:\/\/media.uumajalaiset.se\/2012\/06\/2012-06-27kes\u00e4kahvila-16-400x300.jpg 400w\" sizes=\"auto, (max-width: 500px) 100vw, 500px\" \/><\/a><br \/>\nOnneksi k\u00e4vi Merja aina v\u00e4lill\u00e4 rapsuttelemssa, ettei tullut ik\u00e4v\u00e4.<br \/>\n<a href=\"http:\/\/uumajalaiset.se\/?attachment_id=2931\" rel=\"attachment wp-att-2931\"><img loading=\"lazy\" decoding=\"async\" class=\"alignnone size-full wp-image-2931\" title=\"2012-06-27kes\u00e4kahvila (11)\" src=\"http:\/\/media.uumajalaiset.se\/2012\/06\/2012-06-27kes\u00e4kahvila-11.jpg\" alt=\"\" width=\"500\" height=\"375\" srcset=\"http:\/\/media.uumajalaiset.se\/2012\/06\/2012-06-27kes\u00e4kahvila-11.jpg 500w, http:\/\/media.uumajalaiset.se\/2012\/06\/2012-06-27kes\u00e4kahvila-11-150x112.jpg 150w, http:\/\/media.uumajalaiset.se\/2012\/06\/2012-06-27kes\u00e4kahvila-11-300x225.jpg 300w, http:\/\/media.uumajalaiset.se\/2012\/06\/2012-06-27kes\u00e4kahvila-11-400x300.jpg 400w\" sizes=\"auto, (max-width: 500px) 100vw, 500px\" \/><\/a><br \/>\nNiin, mit\u00e4h\u00e4n siin\u00e4 kunnan paketissa mahtoi olla?<br \/>\n<a href=\"http:\/\/uumajalaiset.se\/?attachment_id=2932\" rel=\"attachment wp-att-2932\"><img loading=\"lazy\" decoding=\"async\" class=\"alignnone size-full wp-image-2932\" title=\"2012-06-27kes\u00e4kahvila (12)\" src=\"http:\/\/media.uumajalaiset.se\/2012\/06\/2012-06-27kes\u00e4kahvila-12.jpg\" alt=\"\" width=\"500\" height=\"375\" srcset=\"http:\/\/media.uumajalaiset.se\/2012\/06\/2012-06-27kes\u00e4kahvila-12.jpg 500w, http:\/\/media.uumajalaiset.se\/2012\/06\/2012-06-27kes\u00e4kahvila-12-150x112.jpg 150w, http:\/\/media.uumajalaiset.se\/2012\/06\/2012-06-27kes\u00e4kahvila-12-300x225.jpg 300w, http:\/\/media.uumajalaiset.se\/2012\/06\/2012-06-27kes\u00e4kahvila-12-400x300.jpg 400w\" sizes=\"auto, (max-width: 500px) 100vw, 500px\" \/><\/a><br \/>\nKerhon puheenjohtaja aukaisi paketin<br \/>\n<a href=\"http:\/\/uumajalaiset.se\/?attachment_id=2933\" rel=\"attachment wp-att-2933\"><img loading=\"lazy\" decoding=\"async\" class=\"alignnone size-full wp-image-2933\" title=\"201206Lahjakulho\" src=\"http:\/\/media.uumajalaiset.se\/2012\/06\/201206Lahjakulho.jpg\" alt=\"\" width=\"500\" height=\"375\" srcset=\"http:\/\/media.uumajalaiset.se\/2012\/06\/201206Lahjakulho.jpg 500w, http:\/\/media.uumajalaiset.se\/2012\/06\/201206Lahjakulho-150x112.jpg 150w, http:\/\/media.uumajalaiset.se\/2012\/06\/201206Lahjakulho-300x225.jpg 300w, http:\/\/media.uumajalaiset.se\/2012\/06\/201206Lahjakulho-400x300.jpg 400w\" sizes=\"auto, (max-width: 500px) 100vw, 500px\" \/><\/a><br \/>\nPaketista l\u00f6ytyi Uumajan kunnan oma kulttuurimalja. Kiitos Uumajan kunta, maljasta ja kivasta vierailusta.<br \/>\nT\u00e4m\u00e4n ensimm\u00e4isen keskiviikon k\u00e4vij\u00e4m\u00e4\u00e4r\u00e4 oli 27 ja pari &#8221;kanta-asiakastakin&#8221; on jo tullut. Perjantaina on m\u00f6kki varattu ja kes\u00e4kahvila kiinni. Lauantaina m\u00f6kki ja sauna ovat avoinnan tavalliseen tapaan klo 14.00 &#8211; 18.00.<\/p>\n<p>Foto: Christina Borg + Olli Falben<\/p>\n","protected":false},"excerpt":{"rendered":"<p>Keskiviikkona oli kunnan v\u00e4hemmist\u00f6ty\u00f6ryhm\u00e4 kerhon ja kes\u00e4kahvilan vieraina. T\u00e4ss\u00e4 Uumajan Suomalaisen Kerhon puheenjohtaja ja v\u00e4hemmist\u00f6ty\u00f6ryhm\u00e4n vastaava Cathrin Alensk\u00e4r. Paikalla oli Cathrin Alensk\u00e4rin lis\u00e4ksi Uumajan kunnan suomenkielinen ty\u00f6ntekija Aino Dahl, Sara Stenberg, joka ty\u00f6nskentelee v\u00e4hemmist\u00f6asioiden parissa, kunnan juristi ja hallinnon kontaktihenkil\u00f6 &hellip; <a href=\"http:\/\/uumajalaiset.se\/?p=2914\">L\u00e4s mer <span class=\"meta-nav\">&rarr;<\/span><\/a><\/p>\n","protected":false},"author":1,"featured_media":0,"comment_status":"open","ping_status":"open","sticky":false,"template":"","format":"gallery","meta":{"footnotes":""},"categories":[8],"tags":[],"class_list":["post-2914","post","type-post","status-publish","format-gallery","hentry","category-uutiset-2","post_format-post-format-gallery"],"_links":{"self":[{"href":"http:\/\/uumajalaiset.se\/index.php?rest_route=\/wp\/v2\/posts\/2914","targetHints":{"allow":["GET"]}}],"collection":[{"href":"http:\/\/uumajalaiset.se\/index.php?rest_route=\/wp\/v2\/posts"}],"about":[{"href":"http:\/\/uumajalaiset.se\/index.php?rest_route=\/wp\/v2\/types\/post"}],"author":[{"embeddable":true,"href":"http:\/\/uumajalaiset.se\/index.php?rest_route=\/wp\/v2\/users\/1"}],"replies":[{"embeddable":true,"href":"http:\/\/uumajalaiset.se\/index.php?rest_route=%2Fwp%2Fv2%2Fcomments&post=2914"}],"version-history":[{"count":6,"href":"http:\/\/uumajalaiset.se\/index.php?rest_route=\/wp\/v2\/posts\/2914\/revisions"}],"predecessor-version":[{"id":2936,"href":"http:\/\/uumajalaiset.se\/index.php?rest_route=\/wp\/v2\/posts\/2914\/revisions\/2936"}],"wp:attachment":[{"href":"http:\/\/uumajalaiset.se\/index.php?rest_route=%2Fwp%2Fv2%2Fmedia&parent=2914"}],"wp:term":[{"taxonomy":"category","embeddable":true,"href":"http:\/\/uumajalaiset.se\/index.php?rest_route=%2Fwp%2Fv2%2Fcategories&post=2914"},{"taxonomy":"post_tag","embeddable":true,"href":"http:\/\/uumajalaiset.se\/index.php?rest_route=%2Fwp%2Fv2%2Ftags&post=2914"}],"curies":[{"name":"wp","href":"https:\/\/api.w.org\/{rel}","templated":true}]}}