{"id":3025,"date":"2012-07-06T20:16:25","date_gmt":"2012-07-06T20:16:25","guid":{"rendered":"http:\/\/uumajalaiset.se\/?p=3025"},"modified":"2012-07-06T20:16:53","modified_gmt":"2012-07-06T20:16:53","slug":"suven-ja-runon-paiva","status":"publish","type":"post","link":"http:\/\/uumajalaiset.se\/?p=3025","title":{"rendered":"Suven ja runon p\u00e4iv\u00e4"},"content":{"rendered":"<p><a href=\"http:\/\/uumajalaiset.se\/?attachment_id=3026\" rel=\"attachment wp-att-3026\"><img loading=\"lazy\" decoding=\"async\" class=\"alignnone size-full wp-image-3026\" title=\"2012-07-06kes\u00e4kahvila (1)\" src=\"http:\/\/media.uumajalaiset.se\/2012\/07\/2012-07-06kes\u00e4kahvila-1.jpg\" alt=\"\" width=\"500\" height=\"375\" srcset=\"http:\/\/media.uumajalaiset.se\/2012\/07\/2012-07-06kes\u00e4kahvila-1.jpg 500w, http:\/\/media.uumajalaiset.se\/2012\/07\/2012-07-06kes\u00e4kahvila-1-150x112.jpg 150w, http:\/\/media.uumajalaiset.se\/2012\/07\/2012-07-06kes\u00e4kahvila-1-300x225.jpg 300w, http:\/\/media.uumajalaiset.se\/2012\/07\/2012-07-06kes\u00e4kahvila-1-400x300.jpg 400w\" sizes=\"auto, (max-width: 500px) 100vw, 500px\" \/><\/a><br \/>\nEino Leinon p\u00e4iv\u00e4\u00e4 vietet\u00e4\u00e4n h\u00e4nen syntym\u00e4p\u00e4iv\u00e4n\u00e4\u00e4n 6 hein\u00e4kuuta suven ja runon p\u00e4iv\u00e4n\u00e4. Kes\u00e4kahvilaem\u00e4nt\u00e4 Marjatta Forsells juhlisti p\u00e4iv\u00e4\u00e4 lausumalla Eino Leinoa.<br \/>\n<a href=\"http:\/\/uumajalaiset.se\/?attachment_id=3027\" rel=\"attachment wp-att-3027\"><img loading=\"lazy\" decoding=\"async\" class=\"alignnone size-full wp-image-3027\" title=\"2012-07-06kes\u00e4kahvila (2)\" src=\"http:\/\/media.uumajalaiset.se\/2012\/07\/2012-07-06kes\u00e4kahvila-2.jpg\" alt=\"\" width=\"500\" height=\"375\" srcset=\"http:\/\/media.uumajalaiset.se\/2012\/07\/2012-07-06kes\u00e4kahvila-2.jpg 500w, http:\/\/media.uumajalaiset.se\/2012\/07\/2012-07-06kes\u00e4kahvila-2-150x112.jpg 150w, http:\/\/media.uumajalaiset.se\/2012\/07\/2012-07-06kes\u00e4kahvila-2-300x225.jpg 300w, http:\/\/media.uumajalaiset.se\/2012\/07\/2012-07-06kes\u00e4kahvila-2-400x300.jpg 400w\" sizes=\"auto, (max-width: 500px) 100vw, 500px\" \/><\/a><br \/>\n&#8211; Kerhon kes\u00e4kahvilasta on tulossa todellinen kulttuurikahvila, tuumi Merja Olsson.<\/p>\n","protected":false},"excerpt":{"rendered":"<p>Eino Leinon p\u00e4iv\u00e4\u00e4 vietet\u00e4\u00e4n h\u00e4nen syntym\u00e4p\u00e4iv\u00e4n\u00e4\u00e4n 6 hein\u00e4kuuta suven ja runon p\u00e4iv\u00e4n\u00e4. Kes\u00e4kahvilaem\u00e4nt\u00e4 Marjatta Forsells juhlisti p\u00e4iv\u00e4\u00e4 lausumalla Eino Leinoa. &#8211; Kerhon kes\u00e4kahvilasta on tulossa todellinen kulttuurikahvila, tuumi Merja Olsson.<\/p>\n","protected":false},"author":1,"featured_media":0,"comment_status":"open","ping_status":"open","sticky":false,"template":"","format":"gallery","meta":{"footnotes":""},"categories":[8],"tags":[],"class_list":["post-3025","post","type-post","status-publish","format-gallery","hentry","category-uutiset-2","post_format-post-format-gallery"],"_links":{"self":[{"href":"http:\/\/uumajalaiset.se\/index.php?rest_route=\/wp\/v2\/posts\/3025","targetHints":{"allow":["GET"]}}],"collection":[{"href":"http:\/\/uumajalaiset.se\/index.php?rest_route=\/wp\/v2\/posts"}],"about":[{"href":"http:\/\/uumajalaiset.se\/index.php?rest_route=\/wp\/v2\/types\/post"}],"author":[{"embeddable":true,"href":"http:\/\/uumajalaiset.se\/index.php?rest_route=\/wp\/v2\/users\/1"}],"replies":[{"embeddable":true,"href":"http:\/\/uumajalaiset.se\/index.php?rest_route=%2Fwp%2Fv2%2Fcomments&post=3025"}],"version-history":[{"count":3,"href":"http:\/\/uumajalaiset.se\/index.php?rest_route=\/wp\/v2\/posts\/3025\/revisions"}],"predecessor-version":[{"id":3030,"href":"http:\/\/uumajalaiset.se\/index.php?rest_route=\/wp\/v2\/posts\/3025\/revisions\/3030"}],"wp:attachment":[{"href":"http:\/\/uumajalaiset.se\/index.php?rest_route=%2Fwp%2Fv2%2Fmedia&parent=3025"}],"wp:term":[{"taxonomy":"category","embeddable":true,"href":"http:\/\/uumajalaiset.se\/index.php?rest_route=%2Fwp%2Fv2%2Fcategories&post=3025"},{"taxonomy":"post_tag","embeddable":true,"href":"http:\/\/uumajalaiset.se\/index.php?rest_route=%2Fwp%2Fv2%2Ftags&post=3025"}],"curies":[{"name":"wp","href":"https:\/\/api.w.org\/{rel}","templated":true}]}}