{"id":3153,"date":"2012-07-17T04:54:20","date_gmt":"2012-07-17T04:54:20","guid":{"rendered":"http:\/\/uumajalaiset.se\/?p=3153"},"modified":"2012-07-18T08:50:51","modified_gmt":"2012-07-18T08:50:51","slug":"tiistaina-mokista-tuli-leipomo","status":"publish","type":"post","link":"http:\/\/uumajalaiset.se\/?p=3153","title":{"rendered":"Tiistaina m\u00f6kist\u00e4 tuli leipomo"},"content":{"rendered":"<p><a href=\"http:\/\/uumajalaiset.se\/?attachment_id=3154\" rel=\"attachment wp-att-3154\"><img loading=\"lazy\" decoding=\"async\" class=\"alignnone size-full wp-image-3154\" title=\"2012-07-17kes\u00e4kahvila (1)\" src=\"http:\/\/media.uumajalaiset.se\/2012\/07\/2012-07-17kes\u00e4kahvila-1.jpg\" alt=\"\" width=\"500\" height=\"375\" srcset=\"http:\/\/media.uumajalaiset.se\/2012\/07\/2012-07-17kes\u00e4kahvila-1.jpg 500w, http:\/\/media.uumajalaiset.se\/2012\/07\/2012-07-17kes\u00e4kahvila-1-150x112.jpg 150w, http:\/\/media.uumajalaiset.se\/2012\/07\/2012-07-17kes\u00e4kahvila-1-300x225.jpg 300w, http:\/\/media.uumajalaiset.se\/2012\/07\/2012-07-17kes\u00e4kahvila-1-400x300.jpg 400w\" sizes=\"auto, (max-width: 500px) 100vw, 500px\" \/><\/a><br \/>\nTiistai aamulla kahdeksalta tuli kerhon m\u00f6kist\u00e4 leipomo.<br \/>\n<a href=\"http:\/\/uumajalaiset.se\/?attachment_id=3155\" rel=\"attachment wp-att-3155\"><img loading=\"lazy\" decoding=\"async\" class=\"alignnone size-full wp-image-3155\" title=\"2012-07-17kes\u00e4kahvila (2)\" src=\"http:\/\/media.uumajalaiset.se\/2012\/07\/2012-07-17kes\u00e4kahvila-2.jpg\" alt=\"\" width=\"500\" height=\"375\" srcset=\"http:\/\/media.uumajalaiset.se\/2012\/07\/2012-07-17kes\u00e4kahvila-2.jpg 500w, http:\/\/media.uumajalaiset.se\/2012\/07\/2012-07-17kes\u00e4kahvila-2-150x112.jpg 150w, http:\/\/media.uumajalaiset.se\/2012\/07\/2012-07-17kes\u00e4kahvila-2-300x225.jpg 300w, http:\/\/media.uumajalaiset.se\/2012\/07\/2012-07-17kes\u00e4kahvila-2-400x300.jpg 400w\" sizes=\"auto, (max-width: 500px) 100vw, 500px\" \/><\/a><br \/>\nMunkkipossjuen teko ohjelmassa.<br \/>\n<a href=\"http:\/\/uumajalaiset.se\/?attachment_id=3156\" rel=\"attachment wp-att-3156\"><img loading=\"lazy\" decoding=\"async\" class=\"alignnone size-full wp-image-3156\" title=\"2012-07-17kes\u00e4kahvila (3)\" src=\"http:\/\/media.uumajalaiset.se\/2012\/07\/2012-07-17kes\u00e4kahvila-3.jpg\" alt=\"\" width=\"500\" height=\"375\" srcset=\"http:\/\/media.uumajalaiset.se\/2012\/07\/2012-07-17kes\u00e4kahvila-3.jpg 500w, http:\/\/media.uumajalaiset.se\/2012\/07\/2012-07-17kes\u00e4kahvila-3-150x112.jpg 150w, http:\/\/media.uumajalaiset.se\/2012\/07\/2012-07-17kes\u00e4kahvila-3-300x225.jpg 300w, http:\/\/media.uumajalaiset.se\/2012\/07\/2012-07-17kes\u00e4kahvila-3-400x300.jpg 400w\" sizes=\"auto, (max-width: 500px) 100vw, 500px\" \/><\/a><br \/>\nKes\u00e4kahvilan rautajengi ty\u00f6n touhussa.<br \/>\n<a href=\"http:\/\/uumajalaiset.se\/?attachment_id=3157\" rel=\"attachment wp-att-3157\"><img loading=\"lazy\" decoding=\"async\" class=\"alignnone size-full wp-image-3157\" title=\"2012-07-17kes\u00e4kahvila (4)\" src=\"http:\/\/media.uumajalaiset.se\/2012\/07\/2012-07-17kes\u00e4kahvila-4.jpg\" alt=\"\" width=\"500\" height=\"375\" srcset=\"http:\/\/media.uumajalaiset.se\/2012\/07\/2012-07-17kes\u00e4kahvila-4.jpg 500w, http:\/\/media.uumajalaiset.se\/2012\/07\/2012-07-17kes\u00e4kahvila-4-150x112.jpg 150w, http:\/\/media.uumajalaiset.se\/2012\/07\/2012-07-17kes\u00e4kahvila-4-300x225.jpg 300w, http:\/\/media.uumajalaiset.se\/2012\/07\/2012-07-17kes\u00e4kahvila-4-400x300.jpg 400w\" sizes=\"auto, (max-width: 500px) 100vw, 500px\" \/><\/a><br \/>\nMerja ei aikaisemmin ollutkaan tehnyt munkkipossuja. Marjatta ja Raili toimivat vanhalla rutiinilla.<br \/>\n<a href=\"http:\/\/uumajalaiset.se\/?attachment_id=3158\" rel=\"attachment wp-att-3158\"><img loading=\"lazy\" decoding=\"async\" class=\"alignnone size-full wp-image-3158\" title=\"2012-07-17kes\u00e4kahvila (5)\" src=\"http:\/\/media.uumajalaiset.se\/2012\/07\/2012-07-17kes\u00e4kahvila-5.jpg\" alt=\"\" width=\"500\" height=\"375\" srcset=\"http:\/\/media.uumajalaiset.se\/2012\/07\/2012-07-17kes\u00e4kahvila-5.jpg 500w, http:\/\/media.uumajalaiset.se\/2012\/07\/2012-07-17kes\u00e4kahvila-5-150x112.jpg 150w, http:\/\/media.uumajalaiset.se\/2012\/07\/2012-07-17kes\u00e4kahvila-5-300x225.jpg 300w, http:\/\/media.uumajalaiset.se\/2012\/07\/2012-07-17kes\u00e4kahvila-5-400x300.jpg 400w\" sizes=\"auto, (max-width: 500px) 100vw, 500px\" \/><\/a><br \/>\nEnsin kaulitaan.<br \/>\n<a href=\"http:\/\/uumajalaiset.se\/?attachment_id=3159\" rel=\"attachment wp-att-3159\"><img loading=\"lazy\" decoding=\"async\" class=\"alignnone size-full wp-image-3159\" title=\"2012-07-17kes\u00e4kahvila (6)\" src=\"http:\/\/media.uumajalaiset.se\/2012\/07\/2012-07-17kes\u00e4kahvila-6.jpg\" alt=\"\" width=\"500\" height=\"375\" srcset=\"http:\/\/media.uumajalaiset.se\/2012\/07\/2012-07-17kes\u00e4kahvila-6.jpg 500w, http:\/\/media.uumajalaiset.se\/2012\/07\/2012-07-17kes\u00e4kahvila-6-150x112.jpg 150w, http:\/\/media.uumajalaiset.se\/2012\/07\/2012-07-17kes\u00e4kahvila-6-300x225.jpg 300w, http:\/\/media.uumajalaiset.se\/2012\/07\/2012-07-17kes\u00e4kahvila-6-400x300.jpg 400w\" sizes=\"auto, (max-width: 500px) 100vw, 500px\" \/><\/a><br \/>\nSittten laitetaan omenahilloa keskelle.<br \/>\n<a href=\"http:\/\/uumajalaiset.se\/?attachment_id=3160\" rel=\"attachment wp-att-3160\"><img loading=\"lazy\" decoding=\"async\" class=\"alignnone size-full wp-image-3160\" title=\"2012-07-17kes\u00e4kahvila (7)\" src=\"http:\/\/media.uumajalaiset.se\/2012\/07\/2012-07-17kes\u00e4kahvila-7.jpg\" alt=\"\" width=\"500\" height=\"375\" srcset=\"http:\/\/media.uumajalaiset.se\/2012\/07\/2012-07-17kes\u00e4kahvila-7.jpg 500w, http:\/\/media.uumajalaiset.se\/2012\/07\/2012-07-17kes\u00e4kahvila-7-150x112.jpg 150w, http:\/\/media.uumajalaiset.se\/2012\/07\/2012-07-17kes\u00e4kahvila-7-300x225.jpg 300w, http:\/\/media.uumajalaiset.se\/2012\/07\/2012-07-17kes\u00e4kahvila-7-400x300.jpg 400w\" sizes=\"auto, (max-width: 500px) 100vw, 500px\" \/><\/a><br \/>\nTaikina taitetaan ja tehd\u00e4\u00e4n munkkipossujen n\u00e4k\u00f6isiksi.<br \/>\n<a href=\"http:\/\/uumajalaiset.se\/?attachment_id=3161\" rel=\"attachment wp-att-3161\"><img loading=\"lazy\" decoding=\"async\" class=\"alignnone size-full wp-image-3161\" title=\"2012-07-17kes\u00e4kahvila (8)\" src=\"http:\/\/media.uumajalaiset.se\/2012\/07\/2012-07-17kes\u00e4kahvila-8.jpg\" alt=\"\" width=\"500\" height=\"375\" srcset=\"http:\/\/media.uumajalaiset.se\/2012\/07\/2012-07-17kes\u00e4kahvila-8.jpg 500w, http:\/\/media.uumajalaiset.se\/2012\/07\/2012-07-17kes\u00e4kahvila-8-150x112.jpg 150w, http:\/\/media.uumajalaiset.se\/2012\/07\/2012-07-17kes\u00e4kahvila-8-300x225.jpg 300w, http:\/\/media.uumajalaiset.se\/2012\/07\/2012-07-17kes\u00e4kahvila-8-400x300.jpg 400w\" sizes=\"auto, (max-width: 500px) 100vw, 500px\" \/><\/a><br \/>\nValmiiksi rasvassa keitetyt munkit sokeroidaan.<br \/>\n<a href=\"http:\/\/uumajalaiset.se\/?attachment_id=3162\" rel=\"attachment wp-att-3162\"><img loading=\"lazy\" decoding=\"async\" class=\"alignnone size-full wp-image-3162\" title=\"2012-07-17kes\u00e4kahvila (9)\" src=\"http:\/\/media.uumajalaiset.se\/2012\/07\/2012-07-17kes\u00e4kahvila-9.jpg\" alt=\"\" width=\"500\" height=\"375\" srcset=\"http:\/\/media.uumajalaiset.se\/2012\/07\/2012-07-17kes\u00e4kahvila-9.jpg 500w, http:\/\/media.uumajalaiset.se\/2012\/07\/2012-07-17kes\u00e4kahvila-9-150x112.jpg 150w, http:\/\/media.uumajalaiset.se\/2012\/07\/2012-07-17kes\u00e4kahvila-9-300x225.jpg 300w, http:\/\/media.uumajalaiset.se\/2012\/07\/2012-07-17kes\u00e4kahvila-9-400x300.jpg 400w\" sizes=\"auto, (max-width: 500px) 100vw, 500px\" \/><\/a><br \/>\nChristina Borg teki munkkipossukyltin kaupungilla.<br \/>\n<a href=\"http:\/\/uumajalaiset.se\/?attachment_id=3163\" rel=\"attachment wp-att-3163\"><img loading=\"lazy\" decoding=\"async\" class=\"alignnone size-full wp-image-3163\" title=\"2012-07-17kes\u00e4kahvila (10)\" src=\"http:\/\/media.uumajalaiset.se\/2012\/07\/2012-07-17kes\u00e4kahvila-10.jpg\" alt=\"\" width=\"500\" height=\"375\" srcset=\"http:\/\/media.uumajalaiset.se\/2012\/07\/2012-07-17kes\u00e4kahvila-10.jpg 500w, http:\/\/media.uumajalaiset.se\/2012\/07\/2012-07-17kes\u00e4kahvila-10-150x112.jpg 150w, http:\/\/media.uumajalaiset.se\/2012\/07\/2012-07-17kes\u00e4kahvila-10-300x225.jpg 300w, http:\/\/media.uumajalaiset.se\/2012\/07\/2012-07-17kes\u00e4kahvila-10-400x300.jpg 400w\" sizes=\"auto, (max-width: 500px) 100vw, 500px\" \/><\/a><br \/>\nMuutama possu n\u00e4kyi korissa.<br \/>\n<a href=\"http:\/\/uumajalaiset.se\/?attachment_id=3164\" rel=\"attachment wp-att-3164\"><img loading=\"lazy\" decoding=\"async\" class=\"alignnone size-full wp-image-3164\" title=\"2012-07-17kes\u00e4kahvila (11)\" src=\"http:\/\/media.uumajalaiset.se\/2012\/07\/2012-07-17kes\u00e4kahvila-11.jpg\" alt=\"\" width=\"500\" height=\"375\" srcset=\"http:\/\/media.uumajalaiset.se\/2012\/07\/2012-07-17kes\u00e4kahvila-11.jpg 500w, http:\/\/media.uumajalaiset.se\/2012\/07\/2012-07-17kes\u00e4kahvila-11-150x112.jpg 150w, http:\/\/media.uumajalaiset.se\/2012\/07\/2012-07-17kes\u00e4kahvila-11-300x225.jpg 300w, http:\/\/media.uumajalaiset.se\/2012\/07\/2012-07-17kes\u00e4kahvila-11-400x300.jpg 400w\" sizes=\"auto, (max-width: 500px) 100vw, 500px\" \/><\/a><br \/>\nLaatikosta l\u00f6ytyi lis\u00e4\u00e4.<br \/>\n<a href=\"http:\/\/uumajalaiset.se\/?attachment_id=3165\" rel=\"attachment wp-att-3165\"><img loading=\"lazy\" decoding=\"async\" class=\"alignnone size-full wp-image-3165\" title=\"2012-07-17kes\u00e4kahvila (12)\" src=\"http:\/\/media.uumajalaiset.se\/2012\/07\/2012-07-17kes\u00e4kahvila-12.jpg\" alt=\"\" width=\"500\" height=\"375\" srcset=\"http:\/\/media.uumajalaiset.se\/2012\/07\/2012-07-17kes\u00e4kahvila-12.jpg 500w, http:\/\/media.uumajalaiset.se\/2012\/07\/2012-07-17kes\u00e4kahvila-12-150x112.jpg 150w, http:\/\/media.uumajalaiset.se\/2012\/07\/2012-07-17kes\u00e4kahvila-12-300x225.jpg 300w, http:\/\/media.uumajalaiset.se\/2012\/07\/2012-07-17kes\u00e4kahvila-12-400x300.jpg 400w\" sizes=\"auto, (max-width: 500px) 100vw, 500px\" \/><\/a><br \/>\nIranilainen p\u00f6yt\u00e4liina.<br \/>\n<a href=\"http:\/\/uumajalaiset.se\/?attachment_id=3166\" rel=\"attachment wp-att-3166\"><img loading=\"lazy\" decoding=\"async\" class=\"alignnone size-full wp-image-3166\" title=\"2012-07-17kes\u00e4kahvila (13)\" src=\"http:\/\/media.uumajalaiset.se\/2012\/07\/2012-07-17kes\u00e4kahvila-13.jpg\" alt=\"\" width=\"500\" height=\"375\" srcset=\"http:\/\/media.uumajalaiset.se\/2012\/07\/2012-07-17kes\u00e4kahvila-13.jpg 500w, http:\/\/media.uumajalaiset.se\/2012\/07\/2012-07-17kes\u00e4kahvila-13-150x112.jpg 150w, http:\/\/media.uumajalaiset.se\/2012\/07\/2012-07-17kes\u00e4kahvila-13-300x225.jpg 300w, http:\/\/media.uumajalaiset.se\/2012\/07\/2012-07-17kes\u00e4kahvila-13-400x300.jpg 400w\" sizes=\"auto, (max-width: 500px) 100vw, 500px\" \/><\/a><br \/>\nAidalla oli myynniss\u00e4 safranriisi\u00e4 jauhelihalla ja pavuilla maustettuna.<br \/>\n<a href=\"http:\/\/uumajalaiset.se\/?attachment_id=3167\" rel=\"attachment wp-att-3167\"><img loading=\"lazy\" decoding=\"async\" class=\"alignnone size-full wp-image-3167\" title=\"2012-07-17kes\u00e4kahvila (14)\" src=\"http:\/\/media.uumajalaiset.se\/2012\/07\/2012-07-17kes\u00e4kahvila-14.jpg\" alt=\"\" width=\"500\" height=\"375\" srcset=\"http:\/\/media.uumajalaiset.se\/2012\/07\/2012-07-17kes\u00e4kahvila-14.jpg 500w, http:\/\/media.uumajalaiset.se\/2012\/07\/2012-07-17kes\u00e4kahvila-14-150x112.jpg 150w, http:\/\/media.uumajalaiset.se\/2012\/07\/2012-07-17kes\u00e4kahvila-14-300x225.jpg 300w, http:\/\/media.uumajalaiset.se\/2012\/07\/2012-07-17kes\u00e4kahvila-14-400x300.jpg 400w\" sizes=\"auto, (max-width: 500px) 100vw, 500px\" \/><\/a><br \/>\nRuokaan kuuluu my\u00f6s joghurttikastike.<br \/>\n<a href=\"http:\/\/uumajalaiset.se\/?attachment_id=3168\" rel=\"attachment wp-att-3168\"><img loading=\"lazy\" decoding=\"async\" class=\"alignnone size-full wp-image-3168\" title=\"2012-07-17kes\u00e4kahvila (15)\" src=\"http:\/\/media.uumajalaiset.se\/2012\/07\/2012-07-17kes\u00e4kahvila-15.jpg\" alt=\"\" width=\"500\" height=\"375\" srcset=\"http:\/\/media.uumajalaiset.se\/2012\/07\/2012-07-17kes\u00e4kahvila-15.jpg 500w, http:\/\/media.uumajalaiset.se\/2012\/07\/2012-07-17kes\u00e4kahvila-15-150x112.jpg 150w, http:\/\/media.uumajalaiset.se\/2012\/07\/2012-07-17kes\u00e4kahvila-15-300x225.jpg 300w, http:\/\/media.uumajalaiset.se\/2012\/07\/2012-07-17kes\u00e4kahvila-15-400x300.jpg 400w\" sizes=\"auto, (max-width: 500px) 100vw, 500px\" \/><\/a><br \/>\nSuomalais-iranilainen SIUM t\u00e4n\u00e4 tiistaina kaupungilla.<br \/>\n<a href=\"http:\/\/uumajalaiset.se\/?attachment_id=3169\" rel=\"attachment wp-att-3169\"><img loading=\"lazy\" decoding=\"async\" class=\"alignnone size-full wp-image-3169\" title=\"2012-07-17kes\u00e4kahvila (16)\" src=\"http:\/\/media.uumajalaiset.se\/2012\/07\/2012-07-17kes\u00e4kahvila-16.jpg\" alt=\"\" width=\"500\" height=\"375\" srcset=\"http:\/\/media.uumajalaiset.se\/2012\/07\/2012-07-17kes\u00e4kahvila-16.jpg 500w, http:\/\/media.uumajalaiset.se\/2012\/07\/2012-07-17kes\u00e4kahvila-16-150x112.jpg 150w, http:\/\/media.uumajalaiset.se\/2012\/07\/2012-07-17kes\u00e4kahvila-16-300x225.jpg 300w, http:\/\/media.uumajalaiset.se\/2012\/07\/2012-07-17kes\u00e4kahvila-16-400x300.jpg 400w\" sizes=\"auto, (max-width: 500px) 100vw, 500px\" \/><\/a><br \/>\nUumajan Suomalainen Kerho.<br \/>\n<a href=\"http:\/\/uumajalaiset.se\/?attachment_id=3170\" rel=\"attachment wp-att-3170\"><img loading=\"lazy\" decoding=\"async\" class=\"alignnone size-full wp-image-3170\" title=\"2012-07-17kes\u00e4kahvila (17)\" src=\"http:\/\/media.uumajalaiset.se\/2012\/07\/2012-07-17kes\u00e4kahvila-17.jpg\" alt=\"\" width=\"500\" height=\"375\" srcset=\"http:\/\/media.uumajalaiset.se\/2012\/07\/2012-07-17kes\u00e4kahvila-17.jpg 500w, http:\/\/media.uumajalaiset.se\/2012\/07\/2012-07-17kes\u00e4kahvila-17-150x112.jpg 150w, http:\/\/media.uumajalaiset.se\/2012\/07\/2012-07-17kes\u00e4kahvila-17-300x225.jpg 300w, http:\/\/media.uumajalaiset.se\/2012\/07\/2012-07-17kes\u00e4kahvila-17-400x300.jpg 400w\" sizes=\"auto, (max-width: 500px) 100vw, 500px\" \/><\/a><br \/>\nT\u00e4ll\u00e4 kertaa oli kyseess\u00e4 enemm\u00e4nkin edustus kuin myynti.<br \/>\n<a href=\"http:\/\/uumajalaiset.se\/?attachment_id=3171\" rel=\"attachment wp-att-3171\"><img loading=\"lazy\" decoding=\"async\" class=\"alignnone size-full wp-image-3171\" title=\"2012-07-17kes\u00e4kahvila (18)\" src=\"http:\/\/media.uumajalaiset.se\/2012\/07\/2012-07-17kes\u00e4kahvila-18.jpg\" alt=\"\" width=\"500\" height=\"375\" srcset=\"http:\/\/media.uumajalaiset.se\/2012\/07\/2012-07-17kes\u00e4kahvila-18.jpg 500w, http:\/\/media.uumajalaiset.se\/2012\/07\/2012-07-17kes\u00e4kahvila-18-150x112.jpg 150w, http:\/\/media.uumajalaiset.se\/2012\/07\/2012-07-17kes\u00e4kahvila-18-300x225.jpg 300w, http:\/\/media.uumajalaiset.se\/2012\/07\/2012-07-17kes\u00e4kahvila-18-400x300.jpg 400w\" sizes=\"auto, (max-width: 500px) 100vw, 500px\" \/><\/a><br \/>\nVaikka ruuanostajiakin l\u00f6ytyi.<br \/>\n<a href=\"http:\/\/uumajalaiset.se\/?attachment_id=3172\" rel=\"attachment wp-att-3172\"><img loading=\"lazy\" decoding=\"async\" class=\"alignnone size-full wp-image-3172\" title=\"2012-07-17kes\u00e4kahvila (19)\" src=\"http:\/\/media.uumajalaiset.se\/2012\/07\/2012-07-17kes\u00e4kahvila-19.jpg\" alt=\"\" width=\"500\" height=\"375\" srcset=\"http:\/\/media.uumajalaiset.se\/2012\/07\/2012-07-17kes\u00e4kahvila-19.jpg 500w, http:\/\/media.uumajalaiset.se\/2012\/07\/2012-07-17kes\u00e4kahvila-19-150x112.jpg 150w, http:\/\/media.uumajalaiset.se\/2012\/07\/2012-07-17kes\u00e4kahvila-19-300x225.jpg 300w, http:\/\/media.uumajalaiset.se\/2012\/07\/2012-07-17kes\u00e4kahvila-19-400x300.jpg 400w\" sizes=\"auto, (max-width: 500px) 100vw, 500px\" \/><\/a><br \/>\nAida Mehrani Iranilaisten yhdistyksest\u00e4 ja SIUM:ista.<br \/>\n<a href=\"http:\/\/uumajalaiset.se\/?attachment_id=3173\" rel=\"attachment wp-att-3173\"><img loading=\"lazy\" decoding=\"async\" class=\"alignnone size-full wp-image-3173\" title=\"2012-07-17kes\u00e4kahvila (20)\" src=\"http:\/\/media.uumajalaiset.se\/2012\/07\/2012-07-17kes\u00e4kahvila-20.jpg\" alt=\"\" width=\"500\" height=\"375\" srcset=\"http:\/\/media.uumajalaiset.se\/2012\/07\/2012-07-17kes\u00e4kahvila-20.jpg 500w, http:\/\/media.uumajalaiset.se\/2012\/07\/2012-07-17kes\u00e4kahvila-20-150x112.jpg 150w, http:\/\/media.uumajalaiset.se\/2012\/07\/2012-07-17kes\u00e4kahvila-20-300x225.jpg 300w, http:\/\/media.uumajalaiset.se\/2012\/07\/2012-07-17kes\u00e4kahvila-20-400x300.jpg 400w\" sizes=\"auto, (max-width: 500px) 100vw, 500px\" \/><\/a><br \/>\nAida oli pukeutunut kansallispukuun.<br \/>\n<a href=\"http:\/\/uumajalaiset.se\/?attachment_id=3174\" rel=\"attachment wp-att-3174\"><img loading=\"lazy\" decoding=\"async\" class=\"alignnone size-full wp-image-3174\" title=\"2012-07-17kes\u00e4kahvila (21)\" src=\"http:\/\/media.uumajalaiset.se\/2012\/07\/2012-07-17kes\u00e4kahvila-21.jpg\" alt=\"\" width=\"500\" height=\"375\" srcset=\"http:\/\/media.uumajalaiset.se\/2012\/07\/2012-07-17kes\u00e4kahvila-21.jpg 500w, http:\/\/media.uumajalaiset.se\/2012\/07\/2012-07-17kes\u00e4kahvila-21-150x112.jpg 150w, http:\/\/media.uumajalaiset.se\/2012\/07\/2012-07-17kes\u00e4kahvila-21-300x225.jpg 300w, http:\/\/media.uumajalaiset.se\/2012\/07\/2012-07-17kes\u00e4kahvila-21-400x300.jpg 400w\" sizes=\"auto, (max-width: 500px) 100vw, 500px\" \/><\/a><br \/>\nV\u00e4lill\u00e4 Aida pani tanssiksi.<br \/>\n<a href=\"http:\/\/uumajalaiset.se\/?attachment_id=3175\" rel=\"attachment wp-att-3175\"><img loading=\"lazy\" decoding=\"async\" class=\"alignnone size-full wp-image-3175\" title=\"2012-07-17kes\u00e4kahvila (22)\" src=\"http:\/\/media.uumajalaiset.se\/2012\/07\/2012-07-17kes\u00e4kahvila-22.jpg\" alt=\"\" width=\"500\" height=\"375\" srcset=\"http:\/\/media.uumajalaiset.se\/2012\/07\/2012-07-17kes\u00e4kahvila-22.jpg 500w, http:\/\/media.uumajalaiset.se\/2012\/07\/2012-07-17kes\u00e4kahvila-22-150x112.jpg 150w, http:\/\/media.uumajalaiset.se\/2012\/07\/2012-07-17kes\u00e4kahvila-22-300x225.jpg 300w, http:\/\/media.uumajalaiset.se\/2012\/07\/2012-07-17kes\u00e4kahvila-22-400x300.jpg 400w\" sizes=\"auto, (max-width: 500px) 100vw, 500px\" \/><\/a><br \/>\n<a href=\"http:\/\/uumajalaiset.se\/?attachment_id=3176\" rel=\"attachment wp-att-3176\"><img loading=\"lazy\" decoding=\"async\" class=\"alignnone size-full wp-image-3176\" title=\"2012-07-17kes\u00e4kahvila (23)\" src=\"http:\/\/media.uumajalaiset.se\/2012\/07\/2012-07-17kes\u00e4kahvila-23.jpg\" alt=\"\" width=\"500\" height=\"375\" srcset=\"http:\/\/media.uumajalaiset.se\/2012\/07\/2012-07-17kes\u00e4kahvila-23.jpg 500w, http:\/\/media.uumajalaiset.se\/2012\/07\/2012-07-17kes\u00e4kahvila-23-150x112.jpg 150w, http:\/\/media.uumajalaiset.se\/2012\/07\/2012-07-17kes\u00e4kahvila-23-300x225.jpg 300w, http:\/\/media.uumajalaiset.se\/2012\/07\/2012-07-17kes\u00e4kahvila-23-400x300.jpg 400w\" sizes=\"auto, (max-width: 500px) 100vw, 500px\" \/><\/a><br \/>\n<a href=\"http:\/\/uumajalaiset.se\/?attachment_id=3177\" rel=\"attachment wp-att-3177\"><img loading=\"lazy\" decoding=\"async\" class=\"alignnone size-full wp-image-3177\" title=\"2012-07-17kes\u00e4kahvila (25)\" src=\"http:\/\/media.uumajalaiset.se\/2012\/07\/2012-07-17kes\u00e4kahvila-25.jpg\" alt=\"\" width=\"500\" height=\"375\" srcset=\"http:\/\/media.uumajalaiset.se\/2012\/07\/2012-07-17kes\u00e4kahvila-25.jpg 500w, http:\/\/media.uumajalaiset.se\/2012\/07\/2012-07-17kes\u00e4kahvila-25-150x112.jpg 150w, http:\/\/media.uumajalaiset.se\/2012\/07\/2012-07-17kes\u00e4kahvila-25-300x225.jpg 300w, http:\/\/media.uumajalaiset.se\/2012\/07\/2012-07-17kes\u00e4kahvila-25-400x300.jpg 400w\" sizes=\"auto, (max-width: 500px) 100vw, 500px\" \/><\/a><br \/>\nSen pituinen se tiistai.<\/p>\n<p>Foto:olli Falben, Christina Borg<\/p>\n","protected":false},"excerpt":{"rendered":"<p>Tiistai aamulla kahdeksalta tuli kerhon m\u00f6kist\u00e4 leipomo. Munkkipossjuen teko ohjelmassa. Kes\u00e4kahvilan rautajengi ty\u00f6n touhussa. Merja ei aikaisemmin ollutkaan tehnyt munkkipossuja. Marjatta ja Raili toimivat vanhalla rutiinilla. Ensin kaulitaan. Sittten laitetaan omenahilloa keskelle. Taikina taitetaan ja tehd\u00e4\u00e4n munkkipossujen n\u00e4k\u00f6isiksi. Valmiiksi rasvassa &hellip; <a href=\"http:\/\/uumajalaiset.se\/?p=3153\">L\u00e4s mer <span class=\"meta-nav\">&rarr;<\/span><\/a><\/p>\n","protected":false},"author":1,"featured_media":0,"comment_status":"closed","ping_status":"closed","sticky":false,"template":"","format":"gallery","meta":{"footnotes":""},"categories":[8],"tags":[],"class_list":["post-3153","post","type-post","status-publish","format-gallery","hentry","category-uutiset-2","post_format-post-format-gallery"],"_links":{"self":[{"href":"http:\/\/uumajalaiset.se\/index.php?rest_route=\/wp\/v2\/posts\/3153","targetHints":{"allow":["GET"]}}],"collection":[{"href":"http:\/\/uumajalaiset.se\/index.php?rest_route=\/wp\/v2\/posts"}],"about":[{"href":"http:\/\/uumajalaiset.se\/index.php?rest_route=\/wp\/v2\/types\/post"}],"author":[{"embeddable":true,"href":"http:\/\/uumajalaiset.se\/index.php?rest_route=\/wp\/v2\/users\/1"}],"replies":[{"embeddable":true,"href":"http:\/\/uumajalaiset.se\/index.php?rest_route=%2Fwp%2Fv2%2Fcomments&post=3153"}],"version-history":[{"count":3,"href":"http:\/\/uumajalaiset.se\/index.php?rest_route=\/wp\/v2\/posts\/3153\/revisions"}],"predecessor-version":[{"id":3184,"href":"http:\/\/uumajalaiset.se\/index.php?rest_route=\/wp\/v2\/posts\/3153\/revisions\/3184"}],"wp:attachment":[{"href":"http:\/\/uumajalaiset.se\/index.php?rest_route=%2Fwp%2Fv2%2Fmedia&parent=3153"}],"wp:term":[{"taxonomy":"category","embeddable":true,"href":"http:\/\/uumajalaiset.se\/index.php?rest_route=%2Fwp%2Fv2%2Fcategories&post=3153"},{"taxonomy":"post_tag","embeddable":true,"href":"http:\/\/uumajalaiset.se\/index.php?rest_route=%2Fwp%2Fv2%2Ftags&post=3153"}],"curies":[{"name":"wp","href":"https:\/\/api.w.org\/{rel}","templated":true}]}}