{"id":3210,"date":"2012-07-19T21:25:14","date_gmt":"2012-07-19T21:25:14","guid":{"rendered":"http:\/\/uumajalaiset.se\/?p=3210"},"modified":"2012-07-25T05:42:41","modified_gmt":"2012-07-25T05:42:41","slug":"sade-yllatti-torstaina","status":"publish","type":"post","link":"http:\/\/uumajalaiset.se\/?p=3210","title":{"rendered":"Sade yll\u00e4tti torstaina"},"content":{"rendered":"<p>Kaikista s\u00e4\u00e4tiedotuksista huolimatta yll\u00e4tti kova sade ja ukonilma Uumajan lounasaikaan. Kello yhdelt\u00e4toista alkoi sade, joka hellitti vasta nelj\u00e4n aikoihin.<br \/>\n<a href=\"http:\/\/uumajalaiset.se\/?attachment_id=3211\" rel=\"attachment wp-att-3211\"><img loading=\"lazy\" decoding=\"async\" class=\"alignnone size-full wp-image-3211\" title=\"2012-07-19kes\u00e4kahvila (1)\" src=\"http:\/\/media.uumajalaiset.se\/2012\/07\/2012-07-19kes\u00e4kahvila-1.jpg\" alt=\"\" width=\"500\" height=\"375\" srcset=\"http:\/\/media.uumajalaiset.se\/2012\/07\/2012-07-19kes\u00e4kahvila-1.jpg 500w, http:\/\/media.uumajalaiset.se\/2012\/07\/2012-07-19kes\u00e4kahvila-1-150x112.jpg 150w, http:\/\/media.uumajalaiset.se\/2012\/07\/2012-07-19kes\u00e4kahvila-1-300x225.jpg 300w, http:\/\/media.uumajalaiset.se\/2012\/07\/2012-07-19kes\u00e4kahvila-1-400x300.jpg 400w\" sizes=\"auto, (max-width: 500px) 100vw, 500px\" \/><\/a><br \/>\nNiinp\u00e4 tulikin kes\u00e4kahvilan takasta takkien ja muidenkin varusteiden kuivattelupaikka.<br \/>\n<a href=\"http:\/\/uumajalaiset.se\/?attachment_id=3212\" rel=\"attachment wp-att-3212\"><img loading=\"lazy\" decoding=\"async\" class=\"alignnone size-full wp-image-3212\" title=\"2012-07-19kes\u00e4kahvila (2)\" src=\"http:\/\/media.uumajalaiset.se\/2012\/07\/2012-07-19kes\u00e4kahvila-2.jpg\" alt=\"\" width=\"500\" height=\"375\" srcset=\"http:\/\/media.uumajalaiset.se\/2012\/07\/2012-07-19kes\u00e4kahvila-2.jpg 500w, http:\/\/media.uumajalaiset.se\/2012\/07\/2012-07-19kes\u00e4kahvila-2-150x112.jpg 150w, http:\/\/media.uumajalaiset.se\/2012\/07\/2012-07-19kes\u00e4kahvila-2-300x225.jpg 300w, http:\/\/media.uumajalaiset.se\/2012\/07\/2012-07-19kes\u00e4kahvila-2-400x300.jpg 400w\" sizes=\"auto, (max-width: 500px) 100vw, 500px\" \/><\/a><br \/>\nKes\u00e4k\u00e4hvilaan pys\u00e4htyi er\u00e4s ihan paljasjalkainen uumajalainen mieshenkil\u00f6 pit\u00e4m\u00e4\u00e4n sadetta.<br \/>\n<a href=\"http:\/\/uumajalaiset.se\/?attachment_id=3213\" rel=\"attachment wp-att-3213\"><img loading=\"lazy\" decoding=\"async\" class=\"alignnone size-full wp-image-3213\" title=\"2012-07-19kes\u00e4kahvila (3)\" src=\"http:\/\/media.uumajalaiset.se\/2012\/07\/2012-07-19kes\u00e4kahvila-3.jpg\" alt=\"\" width=\"500\" height=\"375\" srcset=\"http:\/\/media.uumajalaiset.se\/2012\/07\/2012-07-19kes\u00e4kahvila-3.jpg 500w, http:\/\/media.uumajalaiset.se\/2012\/07\/2012-07-19kes\u00e4kahvila-3-150x112.jpg 150w, http:\/\/media.uumajalaiset.se\/2012\/07\/2012-07-19kes\u00e4kahvila-3-300x225.jpg 300w, http:\/\/media.uumajalaiset.se\/2012\/07\/2012-07-19kes\u00e4kahvila-3-400x300.jpg 400w\" sizes=\"auto, (max-width: 500px) 100vw, 500px\" \/><\/a><br \/>\nMuuten olivat vain kanta-asiakkaat paikalla. Suojasen Liisa k\u00e4vi.<br \/>\n<a href=\"http:\/\/uumajalaiset.se\/?attachment_id=3214\" rel=\"attachment wp-att-3214\"><img loading=\"lazy\" decoding=\"async\" class=\"alignnone size-full wp-image-3214\" title=\"2012-07-19kes\u00e4kahvila (4)\" src=\"http:\/\/media.uumajalaiset.se\/2012\/07\/2012-07-19kes\u00e4kahvila-4.jpg\" alt=\"\" width=\"500\" height=\"375\" srcset=\"http:\/\/media.uumajalaiset.se\/2012\/07\/2012-07-19kes\u00e4kahvila-4.jpg 500w, http:\/\/media.uumajalaiset.se\/2012\/07\/2012-07-19kes\u00e4kahvila-4-150x112.jpg 150w, http:\/\/media.uumajalaiset.se\/2012\/07\/2012-07-19kes\u00e4kahvila-4-300x225.jpg 300w, http:\/\/media.uumajalaiset.se\/2012\/07\/2012-07-19kes\u00e4kahvila-4-400x300.jpg 400w\" sizes=\"auto, (max-width: 500px) 100vw, 500px\" \/><\/a><br \/>\nVille, Marjatta ja Liisa.<br \/>\n<a href=\"http:\/\/uumajalaiset.se\/?attachment_id=3215\" rel=\"attachment wp-att-3215\"><img loading=\"lazy\" decoding=\"async\" class=\"alignnone size-full wp-image-3215\" title=\"2012-07-19kes\u00e4kahvila (5)\" src=\"http:\/\/media.uumajalaiset.se\/2012\/07\/2012-07-19kes\u00e4kahvila-5.jpg\" alt=\"\" width=\"500\" height=\"375\" srcset=\"http:\/\/media.uumajalaiset.se\/2012\/07\/2012-07-19kes\u00e4kahvila-5.jpg 500w, http:\/\/media.uumajalaiset.se\/2012\/07\/2012-07-19kes\u00e4kahvila-5-150x112.jpg 150w, http:\/\/media.uumajalaiset.se\/2012\/07\/2012-07-19kes\u00e4kahvila-5-300x225.jpg 300w, http:\/\/media.uumajalaiset.se\/2012\/07\/2012-07-19kes\u00e4kahvila-5-400x300.jpg 400w\" sizes=\"auto, (max-width: 500px) 100vw, 500px\" \/><\/a><br \/>\nMerja ja Per.<br \/>\n<a href=\"http:\/\/uumajalaiset.se\/?attachment_id=3216\" rel=\"attachment wp-att-3216\"><img loading=\"lazy\" decoding=\"async\" class=\"alignnone size-full wp-image-3216\" title=\"2012-07-19kes\u00e4kahvila (6)\" src=\"http:\/\/media.uumajalaiset.se\/2012\/07\/2012-07-19kes\u00e4kahvila-6.jpg\" alt=\"\" width=\"500\" height=\"375\" srcset=\"http:\/\/media.uumajalaiset.se\/2012\/07\/2012-07-19kes\u00e4kahvila-6.jpg 500w, http:\/\/media.uumajalaiset.se\/2012\/07\/2012-07-19kes\u00e4kahvila-6-150x112.jpg 150w, http:\/\/media.uumajalaiset.se\/2012\/07\/2012-07-19kes\u00e4kahvila-6-300x225.jpg 300w, http:\/\/media.uumajalaiset.se\/2012\/07\/2012-07-19kes\u00e4kahvila-6-400x300.jpg 400w\" sizes=\"auto, (max-width: 500px) 100vw, 500px\" \/><\/a><br \/>\nMerja Mirjami ja Per.<br \/>\n<a href=\"http:\/\/uumajalaiset.se\/?attachment_id=3220\" rel=\"attachment wp-att-3220\"><img loading=\"lazy\" decoding=\"async\" title=\"2012-07-19kes\u00e4kahvila (10)\" src=\"http:\/\/media.uumajalaiset.se\/2012\/07\/2012-07-19kes\u00e4kahvila-10.jpg\" alt=\"\" width=\"500\" height=\"375\" \/><\/a><br \/>\nMirjami ja Marjatta nauttivat kahvista ruuan j\u00e4lkeen.<br \/>\n<a href=\"http:\/\/uumajalaiset.se\/?attachment_id=3217\" rel=\"attachment wp-att-3217\"><img loading=\"lazy\" decoding=\"async\" class=\"alignnone size-full wp-image-3217\" title=\"2012-07-19kes\u00e4kahvila (7)\" src=\"http:\/\/media.uumajalaiset.se\/2012\/07\/2012-07-19kes\u00e4kahvila-7.jpg\" alt=\"\" width=\"500\" height=\"375\" srcset=\"http:\/\/media.uumajalaiset.se\/2012\/07\/2012-07-19kes\u00e4kahvila-7.jpg 500w, http:\/\/media.uumajalaiset.se\/2012\/07\/2012-07-19kes\u00e4kahvila-7-150x112.jpg 150w, http:\/\/media.uumajalaiset.se\/2012\/07\/2012-07-19kes\u00e4kahvila-7-300x225.jpg 300w, http:\/\/media.uumajalaiset.se\/2012\/07\/2012-07-19kes\u00e4kahvila-7-400x300.jpg 400w\" sizes=\"auto, (max-width: 500px) 100vw, 500px\" \/><\/a><br \/>\nNiinh\u00e4n kyll\u00e4 teki koko jengi.<br \/>\n<a href=\"http:\/\/uumajalaiset.se\/?attachment_id=3218\" rel=\"attachment wp-att-3218\"><img loading=\"lazy\" decoding=\"async\" class=\"alignnone size-full wp-image-3218\" title=\"2012-07-19kes\u00e4kahvila (8)\" src=\"http:\/\/media.uumajalaiset.se\/2012\/07\/2012-07-19kes\u00e4kahvila-8.jpg\" alt=\"\" width=\"500\" height=\"375\" srcset=\"http:\/\/media.uumajalaiset.se\/2012\/07\/2012-07-19kes\u00e4kahvila-8.jpg 500w, http:\/\/media.uumajalaiset.se\/2012\/07\/2012-07-19kes\u00e4kahvila-8-150x112.jpg 150w, http:\/\/media.uumajalaiset.se\/2012\/07\/2012-07-19kes\u00e4kahvila-8-300x225.jpg 300w, http:\/\/media.uumajalaiset.se\/2012\/07\/2012-07-19kes\u00e4kahvila-8-400x300.jpg 400w\" sizes=\"auto, (max-width: 500px) 100vw, 500px\" \/><\/a><br \/>\nRuokalistalla oli torstaina &#8230;.<br \/>\n<a href=\"http:\/\/uumajalaiset.se\/?attachment_id=3219\" rel=\"attachment wp-att-3219\"><img loading=\"lazy\" decoding=\"async\" class=\"alignnone size-full wp-image-3219\" title=\"2012-07-19kes\u00e4kahvila (9)\" src=\"http:\/\/media.uumajalaiset.se\/2012\/07\/2012-07-19kes\u00e4kahvila-9.jpg\" alt=\"\" width=\"500\" height=\"375\" srcset=\"http:\/\/media.uumajalaiset.se\/2012\/07\/2012-07-19kes\u00e4kahvila-9.jpg 500w, http:\/\/media.uumajalaiset.se\/2012\/07\/2012-07-19kes\u00e4kahvila-9-150x112.jpg 150w, http:\/\/media.uumajalaiset.se\/2012\/07\/2012-07-19kes\u00e4kahvila-9-300x225.jpg 300w, http:\/\/media.uumajalaiset.se\/2012\/07\/2012-07-19kes\u00e4kahvila-9-400x300.jpg 400w\" sizes=\"auto, (max-width: 500px) 100vw, 500px\" \/><\/a><br \/>\n&#8230;. pyttipannua.<br \/>\n<a href=\"http:\/\/uumajalaiset.se\/?attachment_id=3221\" rel=\"attachment wp-att-3221\"><img loading=\"lazy\" decoding=\"async\" class=\"alignnone size-full wp-image-3221\" title=\"2012-07-19kes\u00e4kahvila (11)\" src=\"http:\/\/media.uumajalaiset.se\/2012\/07\/2012-07-19kes\u00e4kahvila-11.jpg\" alt=\"\" width=\"500\" height=\"375\" srcset=\"http:\/\/media.uumajalaiset.se\/2012\/07\/2012-07-19kes\u00e4kahvila-11.jpg 500w, http:\/\/media.uumajalaiset.se\/2012\/07\/2012-07-19kes\u00e4kahvila-11-150x112.jpg 150w, http:\/\/media.uumajalaiset.se\/2012\/07\/2012-07-19kes\u00e4kahvila-11-300x225.jpg 300w, http:\/\/media.uumajalaiset.se\/2012\/07\/2012-07-19kes\u00e4kahvila-11-400x300.jpg 400w\" sizes=\"auto, (max-width: 500px) 100vw, 500px\" \/><\/a><br \/>\nKim Borg oli luvannut leikata nurmikon.<br \/>\n<a href=\"http:\/\/uumajalaiset.se\/?attachment_id=3222\" rel=\"attachment wp-att-3222\"><img loading=\"lazy\" decoding=\"async\" class=\"alignnone size-full wp-image-3222\" title=\"2012-07-19kes\u00e4kahvila (12)\" src=\"http:\/\/media.uumajalaiset.se\/2012\/07\/2012-07-19kes\u00e4kahvila-12.jpg\" alt=\"\" width=\"500\" height=\"375\" srcset=\"http:\/\/media.uumajalaiset.se\/2012\/07\/2012-07-19kes\u00e4kahvila-12.jpg 500w, http:\/\/media.uumajalaiset.se\/2012\/07\/2012-07-19kes\u00e4kahvila-12-150x112.jpg 150w, http:\/\/media.uumajalaiset.se\/2012\/07\/2012-07-19kes\u00e4kahvila-12-300x225.jpg 300w, http:\/\/media.uumajalaiset.se\/2012\/07\/2012-07-19kes\u00e4kahvila-12-400x300.jpg 400w\" sizes=\"auto, (max-width: 500px) 100vw, 500px\" \/><\/a><br \/>\nNurmikko oli liian m\u00e4rk\u00e4 leikattavaksi.<br \/>\n<a href=\"http:\/\/uumajalaiset.se\/?attachment_id=3223\" rel=\"attachment wp-att-3223\"><img loading=\"lazy\" decoding=\"async\" class=\"alignnone size-full wp-image-3223\" title=\"2012-07-19kes\u00e4kahvila (13)\" src=\"http:\/\/media.uumajalaiset.se\/2012\/07\/2012-07-19kes\u00e4kahvila-13.jpg\" alt=\"\" width=\"500\" height=\"375\" srcset=\"http:\/\/media.uumajalaiset.se\/2012\/07\/2012-07-19kes\u00e4kahvila-13.jpg 500w, http:\/\/media.uumajalaiset.se\/2012\/07\/2012-07-19kes\u00e4kahvila-13-150x112.jpg 150w, http:\/\/media.uumajalaiset.se\/2012\/07\/2012-07-19kes\u00e4kahvila-13-300x225.jpg 300w, http:\/\/media.uumajalaiset.se\/2012\/07\/2012-07-19kes\u00e4kahvila-13-400x300.jpg 400w\" sizes=\"auto, (max-width: 500px) 100vw, 500px\" \/><\/a><br \/>\nEi auttanut muu kun pist\u00e4\u00e4 pillit pussiin, tiskata viimeiset tiskit.<br \/>\n<a href=\"http:\/\/uumajalaiset.se\/?attachment_id=3224\" rel=\"attachment wp-att-3224\"><img loading=\"lazy\" decoding=\"async\" class=\"alignnone size-full wp-image-3224\" title=\"2012-07-19kes\u00e4kahvila (14)\" src=\"http:\/\/media.uumajalaiset.se\/2012\/07\/2012-07-19kes\u00e4kahvila-14.jpg\" alt=\"\" width=\"500\" height=\"375\" srcset=\"http:\/\/media.uumajalaiset.se\/2012\/07\/2012-07-19kes\u00e4kahvila-14.jpg 500w, http:\/\/media.uumajalaiset.se\/2012\/07\/2012-07-19kes\u00e4kahvila-14-150x112.jpg 150w, http:\/\/media.uumajalaiset.se\/2012\/07\/2012-07-19kes\u00e4kahvila-14-300x225.jpg 300w, http:\/\/media.uumajalaiset.se\/2012\/07\/2012-07-19kes\u00e4kahvila-14-400x300.jpg 400w\" sizes=\"auto, (max-width: 500px) 100vw, 500px\" \/><\/a><br \/>\nJopa Anni-koirakin oli luovuttanut t\u00e4ysin.<br \/>\nHuomenna perjantaina aurinkoisempi p\u00e4iv\u00e4.<\/p>\n","protected":false},"excerpt":{"rendered":"<p>Kaikista s\u00e4\u00e4tiedotuksista huolimatta yll\u00e4tti kova sade ja ukonilma Uumajan lounasaikaan. Kello yhdelt\u00e4toista alkoi sade, joka hellitti vasta nelj\u00e4n aikoihin. Niinp\u00e4 tulikin kes\u00e4kahvilan takasta takkien ja muidenkin varusteiden kuivattelupaikka. Kes\u00e4k\u00e4hvilaan pys\u00e4htyi er\u00e4s ihan paljasjalkainen uumajalainen mieshenkil\u00f6 pit\u00e4m\u00e4\u00e4n sadetta. Muuten olivat vain &hellip; <a href=\"http:\/\/uumajalaiset.se\/?p=3210\">L\u00e4s mer <span class=\"meta-nav\">&rarr;<\/span><\/a><\/p>\n","protected":false},"author":1,"featured_media":0,"comment_status":"closed","ping_status":"closed","sticky":false,"template":"","format":"gallery","meta":{"footnotes":""},"categories":[8],"tags":[],"class_list":["post-3210","post","type-post","status-publish","format-gallery","hentry","category-uutiset-2","post_format-post-format-gallery"],"_links":{"self":[{"href":"http:\/\/uumajalaiset.se\/index.php?rest_route=\/wp\/v2\/posts\/3210","targetHints":{"allow":["GET"]}}],"collection":[{"href":"http:\/\/uumajalaiset.se\/index.php?rest_route=\/wp\/v2\/posts"}],"about":[{"href":"http:\/\/uumajalaiset.se\/index.php?rest_route=\/wp\/v2\/types\/post"}],"author":[{"embeddable":true,"href":"http:\/\/uumajalaiset.se\/index.php?rest_route=\/wp\/v2\/users\/1"}],"replies":[{"embeddable":true,"href":"http:\/\/uumajalaiset.se\/index.php?rest_route=%2Fwp%2Fv2%2Fcomments&post=3210"}],"version-history":[{"count":6,"href":"http:\/\/uumajalaiset.se\/index.php?rest_route=\/wp\/v2\/posts\/3210\/revisions"}],"predecessor-version":[{"id":3318,"href":"http:\/\/uumajalaiset.se\/index.php?rest_route=\/wp\/v2\/posts\/3210\/revisions\/3318"}],"wp:attachment":[{"href":"http:\/\/uumajalaiset.se\/index.php?rest_route=%2Fwp%2Fv2%2Fmedia&parent=3210"}],"wp:term":[{"taxonomy":"category","embeddable":true,"href":"http:\/\/uumajalaiset.se\/index.php?rest_route=%2Fwp%2Fv2%2Fcategories&post=3210"},{"taxonomy":"post_tag","embeddable":true,"href":"http:\/\/uumajalaiset.se\/index.php?rest_route=%2Fwp%2Fv2%2Ftags&post=3210"}],"curies":[{"name":"wp","href":"https:\/\/api.w.org\/{rel}","templated":true}]}}