{"id":3231,"date":"2012-07-20T18:14:48","date_gmt":"2012-07-20T18:14:48","guid":{"rendered":"http:\/\/uumajalaiset.se\/?p=3231"},"modified":"2012-07-20T18:35:48","modified_gmt":"2012-07-20T18:35:48","slug":"perjantain-kesakahvilassa-paistoi-taas-aurinko","status":"publish","type":"post","link":"http:\/\/uumajalaiset.se\/?p=3231","title":{"rendered":"Perjantain kes\u00e4kahvilassa paistoi taas aurinko"},"content":{"rendered":"<p><a href=\"http:\/\/uumajalaiset.se\/?attachment_id=3232\" rel=\"attachment wp-att-3232\"><img loading=\"lazy\" decoding=\"async\" class=\"alignnone size-full wp-image-3232\" title=\"2012-07-20kes\u00e4kahvila (1)\" src=\"http:\/\/media.uumajalaiset.se\/2012\/07\/2012-07-20kes\u00e4kahvila-1.jpg\" alt=\"\" width=\"500\" height=\"375\" srcset=\"http:\/\/media.uumajalaiset.se\/2012\/07\/2012-07-20kes\u00e4kahvila-1.jpg 500w, http:\/\/media.uumajalaiset.se\/2012\/07\/2012-07-20kes\u00e4kahvila-1-150x112.jpg 150w, http:\/\/media.uumajalaiset.se\/2012\/07\/2012-07-20kes\u00e4kahvila-1-300x225.jpg 300w, http:\/\/media.uumajalaiset.se\/2012\/07\/2012-07-20kes\u00e4kahvila-1-400x300.jpg 400w\" sizes=\"auto, (max-width: 500px) 100vw, 500px\" \/><\/a><br \/>\nAurinkonen kes\u00e4p\u00e4iv\u00e4 houkutteli useampia kerholaisia m\u00f6kille.<br \/>\n<a href=\"http:\/\/uumajalaiset.se\/?attachment_id=3233\" rel=\"attachment wp-att-3233\"><img loading=\"lazy\" decoding=\"async\" class=\"alignnone size-full wp-image-3233\" title=\"2012-07-20kes\u00e4kahvila (2)\" src=\"http:\/\/media.uumajalaiset.se\/2012\/07\/2012-07-20kes\u00e4kahvila-2.jpg\" alt=\"\" width=\"500\" height=\"375\" srcset=\"http:\/\/media.uumajalaiset.se\/2012\/07\/2012-07-20kes\u00e4kahvila-2.jpg 500w, http:\/\/media.uumajalaiset.se\/2012\/07\/2012-07-20kes\u00e4kahvila-2-150x112.jpg 150w, http:\/\/media.uumajalaiset.se\/2012\/07\/2012-07-20kes\u00e4kahvila-2-300x225.jpg 300w, http:\/\/media.uumajalaiset.se\/2012\/07\/2012-07-20kes\u00e4kahvila-2-400x300.jpg 400w\" sizes=\"auto, (max-width: 500px) 100vw, 500px\" \/><\/a><br \/>\nTikkasen Airi, Jokisen Ritva ja Vuorisen Aila olivat ensimm\u00e4isi\u00e4.<br \/>\n<a href=\"http:\/\/uumajalaiset.se\/?attachment_id=3234\" rel=\"attachment wp-att-3234\"><img loading=\"lazy\" decoding=\"async\" class=\"alignnone size-full wp-image-3234\" title=\"2012-07-20kes\u00e4kahvila (3)\" src=\"http:\/\/media.uumajalaiset.se\/2012\/07\/2012-07-20kes\u00e4kahvila-3.jpg\" alt=\"\" width=\"500\" height=\"375\" srcset=\"http:\/\/media.uumajalaiset.se\/2012\/07\/2012-07-20kes\u00e4kahvila-3.jpg 500w, http:\/\/media.uumajalaiset.se\/2012\/07\/2012-07-20kes\u00e4kahvila-3-150x112.jpg 150w, http:\/\/media.uumajalaiset.se\/2012\/07\/2012-07-20kes\u00e4kahvila-3-300x225.jpg 300w, http:\/\/media.uumajalaiset.se\/2012\/07\/2012-07-20kes\u00e4kahvila-3-400x300.jpg 400w\" sizes=\"auto, (max-width: 500px) 100vw, 500px\" \/><\/a><br \/>\nSamoin Emma perheinen.<br \/>\n<a href=\"http:\/\/uumajalaiset.se\/?attachment_id=3235\" rel=\"attachment wp-att-3235\"><img loading=\"lazy\" decoding=\"async\" class=\"alignnone size-full wp-image-3235\" title=\"2012-07-20kes\u00e4kahvila (4)\" src=\"http:\/\/media.uumajalaiset.se\/2012\/07\/2012-07-20kes\u00e4kahvila-4.jpg\" alt=\"\" width=\"500\" height=\"375\" srcset=\"http:\/\/media.uumajalaiset.se\/2012\/07\/2012-07-20kes\u00e4kahvila-4.jpg 500w, http:\/\/media.uumajalaiset.se\/2012\/07\/2012-07-20kes\u00e4kahvila-4-150x112.jpg 150w, http:\/\/media.uumajalaiset.se\/2012\/07\/2012-07-20kes\u00e4kahvila-4-300x225.jpg 300w, http:\/\/media.uumajalaiset.se\/2012\/07\/2012-07-20kes\u00e4kahvila-4-400x300.jpg 400w\" sizes=\"auto, (max-width: 500px) 100vw, 500px\" \/><\/a><br \/>\nAiri ja Aila, melkein kuin kaksi marjaa.<br \/>\n<a href=\"http:\/\/uumajalaiset.se\/?attachment_id=3236\" rel=\"attachment wp-att-3236\"><img loading=\"lazy\" decoding=\"async\" class=\"alignnone size-full wp-image-3236\" title=\"2012-07-20kes\u00e4kahvila (5)\" src=\"http:\/\/media.uumajalaiset.se\/2012\/07\/2012-07-20kes\u00e4kahvila-5.jpg\" alt=\"\" width=\"500\" height=\"375\" srcset=\"http:\/\/media.uumajalaiset.se\/2012\/07\/2012-07-20kes\u00e4kahvila-5.jpg 500w, http:\/\/media.uumajalaiset.se\/2012\/07\/2012-07-20kes\u00e4kahvila-5-150x112.jpg 150w, http:\/\/media.uumajalaiset.se\/2012\/07\/2012-07-20kes\u00e4kahvila-5-300x225.jpg 300w, http:\/\/media.uumajalaiset.se\/2012\/07\/2012-07-20kes\u00e4kahvila-5-400x300.jpg 400w\" sizes=\"auto, (max-width: 500px) 100vw, 500px\" \/><\/a><br \/>\nJokisen Ritva kuuluu my\u00f6s joukkoon.<br \/>\n<a href=\"http:\/\/uumajalaiset.se\/?attachment_id=3237\" rel=\"attachment wp-att-3237\"><img loading=\"lazy\" decoding=\"async\" class=\"alignnone size-full wp-image-3237\" title=\"2012-07-20kes\u00e4kahvila (6)\" src=\"http:\/\/media.uumajalaiset.se\/2012\/07\/2012-07-20kes\u00e4kahvila-6.jpg\" alt=\"\" width=\"500\" height=\"375\" srcset=\"http:\/\/media.uumajalaiset.se\/2012\/07\/2012-07-20kes\u00e4kahvila-6.jpg 500w, http:\/\/media.uumajalaiset.se\/2012\/07\/2012-07-20kes\u00e4kahvila-6-150x112.jpg 150w, http:\/\/media.uumajalaiset.se\/2012\/07\/2012-07-20kes\u00e4kahvila-6-300x225.jpg 300w, http:\/\/media.uumajalaiset.se\/2012\/07\/2012-07-20kes\u00e4kahvila-6-400x300.jpg 400w\" sizes=\"auto, (max-width: 500px) 100vw, 500px\" \/><\/a><br \/>\nVille py\u00f6r\u00e4ili paikalle.<br \/>\n<img loading=\"lazy\" decoding=\"async\" class=\"alignnone size-full wp-image-3238\" title=\"2012-07-20kes\u00e4kahvila (7)\" src=\"http:\/\/media.uumajalaiset.se\/2012\/07\/2012-07-20kes\u00e4kahvila-7.jpg\" alt=\"\" width=\"500\" height=\"375\" srcset=\"http:\/\/media.uumajalaiset.se\/2012\/07\/2012-07-20kes\u00e4kahvila-7.jpg 500w, http:\/\/media.uumajalaiset.se\/2012\/07\/2012-07-20kes\u00e4kahvila-7-150x112.jpg 150w, http:\/\/media.uumajalaiset.se\/2012\/07\/2012-07-20kes\u00e4kahvila-7-300x225.jpg 300w, http:\/\/media.uumajalaiset.se\/2012\/07\/2012-07-20kes\u00e4kahvila-7-400x300.jpg 400w\" sizes=\"auto, (max-width: 500px) 100vw, 500px\" \/><br \/>\nLiisa Oja istahti Villen seuraksi.<br \/>\n<a href=\"http:\/\/uumajalaiset.se\/?attachment_id=3239\" rel=\"attachment wp-att-3239\"><img loading=\"lazy\" decoding=\"async\" class=\"alignnone size-full wp-image-3239\" title=\"2012-07-20kes\u00e4kahvila (8)\" src=\"http:\/\/media.uumajalaiset.se\/2012\/07\/2012-07-20kes\u00e4kahvila-8.jpg\" alt=\"\" width=\"500\" height=\"375\" srcset=\"http:\/\/media.uumajalaiset.se\/2012\/07\/2012-07-20kes\u00e4kahvila-8.jpg 500w, http:\/\/media.uumajalaiset.se\/2012\/07\/2012-07-20kes\u00e4kahvila-8-150x112.jpg 150w, http:\/\/media.uumajalaiset.se\/2012\/07\/2012-07-20kes\u00e4kahvila-8-300x225.jpg 300w, http:\/\/media.uumajalaiset.se\/2012\/07\/2012-07-20kes\u00e4kahvila-8-400x300.jpg 400w\" sizes=\"auto, (max-width: 500px) 100vw, 500px\" \/><\/a><br \/>\nLiisa taisikin olla ensimm\u00e4ist\u00e4 kertaa kes\u00e4kahvilassa vieraana.<\/p>\n<p><a href=\"http:\/\/uumajalaiset.se\/?attachment_id=3240\" rel=\"attachment wp-att-3240\"><img loading=\"lazy\" decoding=\"async\" class=\"alignnone size-full wp-image-3240\" title=\"2012-07-20kes\u00e4kahvila (9)\" src=\"http:\/\/media.uumajalaiset.se\/2012\/07\/2012-07-20kes\u00e4kahvila-9.jpg\" alt=\"\" width=\"500\" height=\"375\" srcset=\"http:\/\/media.uumajalaiset.se\/2012\/07\/2012-07-20kes\u00e4kahvila-9.jpg 500w, http:\/\/media.uumajalaiset.se\/2012\/07\/2012-07-20kes\u00e4kahvila-9-150x112.jpg 150w, http:\/\/media.uumajalaiset.se\/2012\/07\/2012-07-20kes\u00e4kahvila-9-300x225.jpg 300w, http:\/\/media.uumajalaiset.se\/2012\/07\/2012-07-20kes\u00e4kahvila-9-400x300.jpg 400w\" sizes=\"auto, (max-width: 500px) 100vw, 500px\" \/><\/a><br \/>\nPaadarin Antti k\u00e4vi juttelemssa.<br \/>\n<a href=\"http:\/\/uumajalaiset.se\/?attachment_id=3241\" rel=\"attachment wp-att-3241\"><img loading=\"lazy\" decoding=\"async\" class=\"alignnone size-full wp-image-3241\" title=\"2012-07-20kes\u00e4kahvila (10)\" src=\"http:\/\/media.uumajalaiset.se\/2012\/07\/2012-07-20kes\u00e4kahvila-10.jpg\" alt=\"\" width=\"500\" height=\"375\" srcset=\"http:\/\/media.uumajalaiset.se\/2012\/07\/2012-07-20kes\u00e4kahvila-10.jpg 500w, http:\/\/media.uumajalaiset.se\/2012\/07\/2012-07-20kes\u00e4kahvila-10-150x112.jpg 150w, http:\/\/media.uumajalaiset.se\/2012\/07\/2012-07-20kes\u00e4kahvila-10-300x225.jpg 300w, http:\/\/media.uumajalaiset.se\/2012\/07\/2012-07-20kes\u00e4kahvila-10-400x300.jpg 400w\" sizes=\"auto, (max-width: 500px) 100vw, 500px\" \/><\/a><br \/>\nRaunokin k\u00e4vi nauttimassa munkkipossun.<br \/>\n<a href=\"http:\/\/uumajalaiset.se\/?attachment_id=3242\" rel=\"attachment wp-att-3242\"><img loading=\"lazy\" decoding=\"async\" class=\"alignnone size-full wp-image-3242\" title=\"2012-07-20kes\u00e4kahvila (11)\" src=\"http:\/\/media.uumajalaiset.se\/2012\/07\/2012-07-20kes\u00e4kahvila-11.jpg\" alt=\"\" width=\"500\" height=\"375\" srcset=\"http:\/\/media.uumajalaiset.se\/2012\/07\/2012-07-20kes\u00e4kahvila-11.jpg 500w, http:\/\/media.uumajalaiset.se\/2012\/07\/2012-07-20kes\u00e4kahvila-11-150x112.jpg 150w, http:\/\/media.uumajalaiset.se\/2012\/07\/2012-07-20kes\u00e4kahvila-11-300x225.jpg 300w, http:\/\/media.uumajalaiset.se\/2012\/07\/2012-07-20kes\u00e4kahvila-11-400x300.jpg 400w\" sizes=\"auto, (max-width: 500px) 100vw, 500px\" \/><\/a><br \/>\nH\u00e5kanin piti tavata Naapuri-Bengt, mutta pys\u00e4htyi kahville kun Bengt ei ollutkaan kotona.<br \/>\n<a href=\"http:\/\/uumajalaiset.se\/?attachment_id=3243\" rel=\"attachment wp-att-3243\"><img loading=\"lazy\" decoding=\"async\" class=\"alignnone size-full wp-image-3243\" title=\"2012-07-20kes\u00e4kahvila (12)\" src=\"http:\/\/media.uumajalaiset.se\/2012\/07\/2012-07-20kes\u00e4kahvila-12.jpg\" alt=\"\" width=\"500\" height=\"375\" srcset=\"http:\/\/media.uumajalaiset.se\/2012\/07\/2012-07-20kes\u00e4kahvila-12.jpg 500w, http:\/\/media.uumajalaiset.se\/2012\/07\/2012-07-20kes\u00e4kahvila-12-150x112.jpg 150w, http:\/\/media.uumajalaiset.se\/2012\/07\/2012-07-20kes\u00e4kahvila-12-300x225.jpg 300w, http:\/\/media.uumajalaiset.se\/2012\/07\/2012-07-20kes\u00e4kahvila-12-400x300.jpg 400w\" sizes=\"auto, (max-width: 500px) 100vw, 500px\" \/><\/a><br \/>\nKim odotteli nurmikon kuivumista.<br \/>\n<a href=\"http:\/\/uumajalaiset.se\/?attachment_id=3244\" rel=\"attachment wp-att-3244\"><img loading=\"lazy\" decoding=\"async\" class=\"alignnone size-full wp-image-3244\" title=\"2012-07-20kes\u00e4kahvila (13)\" src=\"http:\/\/media.uumajalaiset.se\/2012\/07\/2012-07-20kes\u00e4kahvila-13.jpg\" alt=\"\" width=\"500\" height=\"375\" srcset=\"http:\/\/media.uumajalaiset.se\/2012\/07\/2012-07-20kes\u00e4kahvila-13.jpg 500w, http:\/\/media.uumajalaiset.se\/2012\/07\/2012-07-20kes\u00e4kahvila-13-150x112.jpg 150w, http:\/\/media.uumajalaiset.se\/2012\/07\/2012-07-20kes\u00e4kahvila-13-300x225.jpg 300w, http:\/\/media.uumajalaiset.se\/2012\/07\/2012-07-20kes\u00e4kahvila-13-400x300.jpg 400w\" sizes=\"auto, (max-width: 500px) 100vw, 500px\" \/><\/a><br \/>\nKukat ehti kastella odotellessa.<br \/>\n<a href=\"http:\/\/uumajalaiset.se\/?attachment_id=3245\" rel=\"attachment wp-att-3245\"><img loading=\"lazy\" decoding=\"async\" class=\"alignnone size-full wp-image-3245\" title=\"2012-07-20kes\u00e4kahvila (14)\" src=\"http:\/\/media.uumajalaiset.se\/2012\/07\/2012-07-20kes\u00e4kahvila-14.jpg\" alt=\"\" width=\"500\" height=\"375\" srcset=\"http:\/\/media.uumajalaiset.se\/2012\/07\/2012-07-20kes\u00e4kahvila-14.jpg 500w, http:\/\/media.uumajalaiset.se\/2012\/07\/2012-07-20kes\u00e4kahvila-14-150x112.jpg 150w, http:\/\/media.uumajalaiset.se\/2012\/07\/2012-07-20kes\u00e4kahvila-14-300x225.jpg 300w, http:\/\/media.uumajalaiset.se\/2012\/07\/2012-07-20kes\u00e4kahvila-14-400x300.jpg 400w\" sizes=\"auto, (max-width: 500px) 100vw, 500px\" \/><\/a><br \/>\nKun nurmikko oli kuivahtanut sadekuuron j\u00e4lkeen, p\u00e4\u00e4si Kim nurmikon leikkaushommiin.<br \/>\n<a href=\"http:\/\/uumajalaiset.se\/?attachment_id=3246\" rel=\"attachment wp-att-3246\"><img loading=\"lazy\" decoding=\"async\" class=\"alignnone size-full wp-image-3246\" title=\"2012-07-20kes\u00e4kahvila (16)\" src=\"http:\/\/media.uumajalaiset.se\/2012\/07\/2012-07-20kes\u00e4kahvila-16.jpg\" alt=\"\" width=\"500\" height=\"375\" srcset=\"http:\/\/media.uumajalaiset.se\/2012\/07\/2012-07-20kes\u00e4kahvila-16.jpg 500w, http:\/\/media.uumajalaiset.se\/2012\/07\/2012-07-20kes\u00e4kahvila-16-150x112.jpg 150w, http:\/\/media.uumajalaiset.se\/2012\/07\/2012-07-20kes\u00e4kahvila-16-300x225.jpg 300w, http:\/\/media.uumajalaiset.se\/2012\/07\/2012-07-20kes\u00e4kahvila-16-400x300.jpg 400w\" sizes=\"auto, (max-width: 500px) 100vw, 500px\" \/><\/a><br \/>\nJa sitten pieni tarina Hannasta ja miten Hanna onnistuu tavoitteessaan.<br \/>\n<a href=\"http:\/\/uumajalaiset.se\/?attachment_id=3247\" rel=\"attachment wp-att-3247\"><img loading=\"lazy\" decoding=\"async\" class=\"alignnone size-full wp-image-3247\" title=\"2012-07-20kes\u00e4kahvila (17)\" src=\"http:\/\/media.uumajalaiset.se\/2012\/07\/2012-07-20kes\u00e4kahvila-17.jpg\" alt=\"\" width=\"500\" height=\"375\" srcset=\"http:\/\/media.uumajalaiset.se\/2012\/07\/2012-07-20kes\u00e4kahvila-17.jpg 500w, http:\/\/media.uumajalaiset.se\/2012\/07\/2012-07-20kes\u00e4kahvila-17-150x112.jpg 150w, http:\/\/media.uumajalaiset.se\/2012\/07\/2012-07-20kes\u00e4kahvila-17-300x225.jpg 300w, http:\/\/media.uumajalaiset.se\/2012\/07\/2012-07-20kes\u00e4kahvila-17-400x300.jpg 400w\" sizes=\"auto, (max-width: 500px) 100vw, 500px\" \/><\/a><br \/>\nHanna oli ajatellut nousta pallon kanssa seisomaan, muttei se k\u00e4ynytk\u00e4\u00e4n heti.<br \/>\n<a href=\"http:\/\/uumajalaiset.se\/?attachment_id=3248\" rel=\"attachment wp-att-3248\"><img loading=\"lazy\" decoding=\"async\" class=\"alignnone size-full wp-image-3248\" title=\"2012-07-20kes\u00e4kahvila (18)\" src=\"http:\/\/media.uumajalaiset.se\/2012\/07\/2012-07-20kes\u00e4kahvila-18.jpg\" alt=\"\" width=\"500\" height=\"375\" srcset=\"http:\/\/media.uumajalaiset.se\/2012\/07\/2012-07-20kes\u00e4kahvila-18.jpg 500w, http:\/\/media.uumajalaiset.se\/2012\/07\/2012-07-20kes\u00e4kahvila-18-150x112.jpg 150w, http:\/\/media.uumajalaiset.se\/2012\/07\/2012-07-20kes\u00e4kahvila-18-300x225.jpg 300w, http:\/\/media.uumajalaiset.se\/2012\/07\/2012-07-20kes\u00e4kahvila-18-400x300.jpg 400w\" sizes=\"auto, (max-width: 500px) 100vw, 500px\" \/><\/a><br \/>\nHanna muutti strategiaa ja p\u00e4\u00e4tti nousta seisomaan ensin ilman palloa.<br \/>\n<a href=\"http:\/\/uumajalaiset.se\/?attachment_id=3249\" rel=\"attachment wp-att-3249\"><img loading=\"lazy\" decoding=\"async\" class=\"alignnone size-full wp-image-3249\" title=\"2012-07-20kes\u00e4kahvila (19)\" src=\"http:\/\/media.uumajalaiset.se\/2012\/07\/2012-07-20kes\u00e4kahvila-19.jpg\" alt=\"\" width=\"500\" height=\"375\" srcset=\"http:\/\/media.uumajalaiset.se\/2012\/07\/2012-07-20kes\u00e4kahvila-19.jpg 500w, http:\/\/media.uumajalaiset.se\/2012\/07\/2012-07-20kes\u00e4kahvila-19-150x112.jpg 150w, http:\/\/media.uumajalaiset.se\/2012\/07\/2012-07-20kes\u00e4kahvila-19-300x225.jpg 300w, http:\/\/media.uumajalaiset.se\/2012\/07\/2012-07-20kes\u00e4kahvila-19-400x300.jpg 400w\" sizes=\"auto, (max-width: 500px) 100vw, 500px\" \/><\/a><br \/>\nHmmm &#8230; tuo pallo on edelleenkin tuossa lattialla.<br \/>\n<a href=\"http:\/\/uumajalaiset.se\/?attachment_id=3250\" rel=\"attachment wp-att-3250\"><img loading=\"lazy\" decoding=\"async\" class=\"alignnone size-full wp-image-3250\" title=\"2012-07-20kes\u00e4kahvila (20)\" src=\"http:\/\/media.uumajalaiset.se\/2012\/07\/2012-07-20kes\u00e4kahvila-20.jpg\" alt=\"\" width=\"500\" height=\"375\" srcset=\"http:\/\/media.uumajalaiset.se\/2012\/07\/2012-07-20kes\u00e4kahvila-20.jpg 500w, http:\/\/media.uumajalaiset.se\/2012\/07\/2012-07-20kes\u00e4kahvila-20-150x112.jpg 150w, http:\/\/media.uumajalaiset.se\/2012\/07\/2012-07-20kes\u00e4kahvila-20-300x225.jpg 300w, http:\/\/media.uumajalaiset.se\/2012\/07\/2012-07-20kes\u00e4kahvila-20-400x300.jpg 400w\" sizes=\"auto, (max-width: 500px) 100vw, 500px\" \/><\/a><br \/>\nSaisikohan sen k\u00e4siins\u00e4.<br \/>\n<a href=\"http:\/\/uumajalaiset.se\/?attachment_id=3251\" rel=\"attachment wp-att-3251\"><img loading=\"lazy\" decoding=\"async\" class=\"alignnone size-full wp-image-3251\" title=\"2012-07-20kes\u00e4kahvila (21)\" src=\"http:\/\/media.uumajalaiset.se\/2012\/07\/2012-07-20kes\u00e4kahvila-21.jpg\" alt=\"\" width=\"500\" height=\"375\" srcset=\"http:\/\/media.uumajalaiset.se\/2012\/07\/2012-07-20kes\u00e4kahvila-21.jpg 500w, http:\/\/media.uumajalaiset.se\/2012\/07\/2012-07-20kes\u00e4kahvila-21-150x112.jpg 150w, http:\/\/media.uumajalaiset.se\/2012\/07\/2012-07-20kes\u00e4kahvila-21-300x225.jpg 300w, http:\/\/media.uumajalaiset.se\/2012\/07\/2012-07-20kes\u00e4kahvila-21-400x300.jpg 400w\" sizes=\"auto, (max-width: 500px) 100vw, 500px\" \/><\/a><br \/>\nEhk\u00e4 se voisi onnistua. T\u00e4ytyy testata.<br \/>\n<a href=\"http:\/\/uumajalaiset.se\/?attachment_id=3252\" rel=\"attachment wp-att-3252\"><img loading=\"lazy\" decoding=\"async\" class=\"alignnone size-full wp-image-3252\" title=\"2012-07-20kes\u00e4kahvila (22)\" src=\"http:\/\/media.uumajalaiset.se\/2012\/07\/2012-07-20kes\u00e4kahvila-22.jpg\" alt=\"\" width=\"500\" height=\"375\" srcset=\"http:\/\/media.uumajalaiset.se\/2012\/07\/2012-07-20kes\u00e4kahvila-22.jpg 500w, http:\/\/media.uumajalaiset.se\/2012\/07\/2012-07-20kes\u00e4kahvila-22-150x112.jpg 150w, http:\/\/media.uumajalaiset.se\/2012\/07\/2012-07-20kes\u00e4kahvila-22-300x225.jpg 300w, http:\/\/media.uumajalaiset.se\/2012\/07\/2012-07-20kes\u00e4kahvila-22-400x300.jpg 400w\" sizes=\"auto, (max-width: 500px) 100vw, 500px\" \/><\/a><br \/>\nEhk\u00e4 kyykkyyn menem\u00e4ll\u00e4 onnistuu pallon ottaminen.<br \/>\n<a href=\"http:\/\/uumajalaiset.se\/?attachment_id=3253\" rel=\"attachment wp-att-3253\"><img loading=\"lazy\" decoding=\"async\" class=\"alignnone size-full wp-image-3253\" title=\"2012-07-20kes\u00e4kahvila (23)\" src=\"http:\/\/media.uumajalaiset.se\/2012\/07\/2012-07-20kes\u00e4kahvila-23.jpg\" alt=\"\" width=\"500\" height=\"375\" srcset=\"http:\/\/media.uumajalaiset.se\/2012\/07\/2012-07-20kes\u00e4kahvila-23.jpg 500w, http:\/\/media.uumajalaiset.se\/2012\/07\/2012-07-20kes\u00e4kahvila-23-150x112.jpg 150w, http:\/\/media.uumajalaiset.se\/2012\/07\/2012-07-20kes\u00e4kahvila-23-300x225.jpg 300w, http:\/\/media.uumajalaiset.se\/2012\/07\/2012-07-20kes\u00e4kahvila-23-400x300.jpg 400w\" sizes=\"auto, (max-width: 500px) 100vw, 500px\" \/><\/a><br \/>\nYep! Onnistui! Sitten vaan uudelleen yl\u00f6s.<br \/>\n<a href=\"http:\/\/uumajalaiset.se\/?attachment_id=3254\" rel=\"attachment wp-att-3254\"><img loading=\"lazy\" decoding=\"async\" title=\"2012-07-20kes\u00e4kahvila (24)\" src=\"http:\/\/media.uumajalaiset.se\/2012\/07\/2012-07-20kes\u00e4kahvila-24.jpg\" alt=\"\" width=\"500\" height=\"375\" \/><\/a><br \/>\nMinullapas on k\u00e4dess\u00e4 pallo.<br \/>\n<a href=\"http:\/\/uumajalaiset.se\/?attachment_id=3255\" rel=\"attachment wp-att-3255\"><img loading=\"lazy\" decoding=\"async\" class=\"alignnone size-full wp-image-3255\" title=\"2012-07-20kes\u00e4kahvila (25)\" src=\"http:\/\/media.uumajalaiset.se\/2012\/07\/2012-07-20kes\u00e4kahvila-25.jpg\" alt=\"\" width=\"500\" height=\"375\" srcset=\"http:\/\/media.uumajalaiset.se\/2012\/07\/2012-07-20kes\u00e4kahvila-25.jpg 500w, http:\/\/media.uumajalaiset.se\/2012\/07\/2012-07-20kes\u00e4kahvila-25-150x112.jpg 150w, http:\/\/media.uumajalaiset.se\/2012\/07\/2012-07-20kes\u00e4kahvila-25-300x225.jpg 300w, http:\/\/media.uumajalaiset.se\/2012\/07\/2012-07-20kes\u00e4kahvila-25-400x300.jpg 400w\" sizes=\"auto, (max-width: 500px) 100vw, 500px\" \/><\/a><br \/>\nHurraa! Hanna onnistui suunnitelmassaan!<br \/>\n<a href=\"http:\/\/uumajalaiset.se\/?attachment_id=3256\" rel=\"attachment wp-att-3256\"><img loading=\"lazy\" decoding=\"async\" class=\"alignnone size-full wp-image-3256\" title=\"2012-07-20kes\u00e4kahvila (15)\" src=\"http:\/\/media.uumajalaiset.se\/2012\/07\/2012-07-20kes\u00e4kahvila-15.jpg\" alt=\"\" width=\"500\" height=\"375\" srcset=\"http:\/\/media.uumajalaiset.se\/2012\/07\/2012-07-20kes\u00e4kahvila-15.jpg 500w, http:\/\/media.uumajalaiset.se\/2012\/07\/2012-07-20kes\u00e4kahvila-15-150x112.jpg 150w, http:\/\/media.uumajalaiset.se\/2012\/07\/2012-07-20kes\u00e4kahvila-15-300x225.jpg 300w, http:\/\/media.uumajalaiset.se\/2012\/07\/2012-07-20kes\u00e4kahvila-15-400x300.jpg 400w\" sizes=\"auto, (max-width: 500px) 100vw, 500px\" \/><\/a><br \/>\nSen pituinen se perjantain kes\u00e4kahvila.<\/p>\n","protected":false},"excerpt":{"rendered":"<p>Aurinkonen kes\u00e4p\u00e4iv\u00e4 houkutteli useampia kerholaisia m\u00f6kille. Tikkasen Airi, Jokisen Ritva ja Vuorisen Aila olivat ensimm\u00e4isi\u00e4. Samoin Emma perheinen. Airi ja Aila, melkein kuin kaksi marjaa. Jokisen Ritva kuuluu my\u00f6s joukkoon. Ville py\u00f6r\u00e4ili paikalle. Liisa Oja istahti Villen seuraksi. Liisa taisikin &hellip; <a href=\"http:\/\/uumajalaiset.se\/?p=3231\">L\u00e4s mer <span class=\"meta-nav\">&rarr;<\/span><\/a><\/p>\n","protected":false},"author":1,"featured_media":0,"comment_status":"closed","ping_status":"closed","sticky":false,"template":"","format":"gallery","meta":{"footnotes":""},"categories":[8],"tags":[],"class_list":["post-3231","post","type-post","status-publish","format-gallery","hentry","category-uutiset-2","post_format-post-format-gallery"],"_links":{"self":[{"href":"http:\/\/uumajalaiset.se\/index.php?rest_route=\/wp\/v2\/posts\/3231","targetHints":{"allow":["GET"]}}],"collection":[{"href":"http:\/\/uumajalaiset.se\/index.php?rest_route=\/wp\/v2\/posts"}],"about":[{"href":"http:\/\/uumajalaiset.se\/index.php?rest_route=\/wp\/v2\/types\/post"}],"author":[{"embeddable":true,"href":"http:\/\/uumajalaiset.se\/index.php?rest_route=\/wp\/v2\/users\/1"}],"replies":[{"embeddable":true,"href":"http:\/\/uumajalaiset.se\/index.php?rest_route=%2Fwp%2Fv2%2Fcomments&post=3231"}],"version-history":[{"count":4,"href":"http:\/\/uumajalaiset.se\/index.php?rest_route=\/wp\/v2\/posts\/3231\/revisions"}],"predecessor-version":[{"id":3258,"href":"http:\/\/uumajalaiset.se\/index.php?rest_route=\/wp\/v2\/posts\/3231\/revisions\/3258"}],"wp:attachment":[{"href":"http:\/\/uumajalaiset.se\/index.php?rest_route=%2Fwp%2Fv2%2Fmedia&parent=3231"}],"wp:term":[{"taxonomy":"category","embeddable":true,"href":"http:\/\/uumajalaiset.se\/index.php?rest_route=%2Fwp%2Fv2%2Fcategories&post=3231"},{"taxonomy":"post_tag","embeddable":true,"href":"http:\/\/uumajalaiset.se\/index.php?rest_route=%2Fwp%2Fv2%2Ftags&post=3231"}],"curies":[{"name":"wp","href":"https:\/\/api.w.org\/{rel}","templated":true}]}}