{"id":3481,"date":"2012-08-02T06:44:51","date_gmt":"2012-08-02T06:44:51","guid":{"rendered":"http:\/\/uumajalaiset.se\/?p=3481"},"modified":"2012-08-03T06:56:10","modified_gmt":"2012-08-03T06:56:10","slug":"torstaipaiva-kahvilassa","status":"publish","type":"post","link":"http:\/\/uumajalaiset.se\/?p=3481","title":{"rendered":"Torstaip\u00e4iv\u00e4 kahvilassa"},"content":{"rendered":"<p><a href=\"http:\/\/uumajalaiset.se\/?attachment_id=3482\" rel=\"attachment wp-att-3482\"><img loading=\"lazy\" decoding=\"async\" class=\"alignnone size-full wp-image-3482\" title=\"2012-08-02kes\u00e4kahvila (1)\" src=\"http:\/\/media.uumajalaiset.se\/2012\/08\/2012-08-02kes\u00e4kahvila-1.jpg\" alt=\"\" width=\"500\" height=\"375\" srcset=\"http:\/\/media.uumajalaiset.se\/2012\/08\/2012-08-02kes\u00e4kahvila-1.jpg 500w, http:\/\/media.uumajalaiset.se\/2012\/08\/2012-08-02kes\u00e4kahvila-1-150x112.jpg 150w, http:\/\/media.uumajalaiset.se\/2012\/08\/2012-08-02kes\u00e4kahvila-1-300x225.jpg 300w, http:\/\/media.uumajalaiset.se\/2012\/08\/2012-08-02kes\u00e4kahvila-1-400x300.jpg 400w\" sizes=\"auto, (max-width: 500px) 100vw, 500px\" \/><\/a><br \/>\nTorstain kes\u00e4kahvils\u00e4\u00e4 oli tuulista, mutta aurinkoista. Paikalle l\u00f6ysi my\u00f6s er\u00e4s henkil\u00f6, joka joskus kauan sitten oli kutonut r\u00e4symattoja kerhon m\u00f6kill\u00e4, muttei sen j\u00e4lkeen ollut mukana.<br \/>\n<a href=\"http:\/\/uumajalaiset.se\/?attachment_id=3484\" rel=\"attachment wp-att-3484\"><img loading=\"lazy\" decoding=\"async\" title=\"2012-08-02kes\u00e4kahvila (3)\" src=\"http:\/\/media.uumajalaiset.se\/2012\/08\/2012-08-02kes\u00e4kahvila-3.jpg\" alt=\"\" width=\"500\" height=\"375\" \/><\/a><br \/>\nMerjallaan oli \u00e4iti mukana katsomassa m\u00f6kki\u00e4.<br \/>\n<a href=\"http:\/\/uumajalaiset.se\/?attachment_id=3483\" rel=\"attachment wp-att-3483\"><img loading=\"lazy\" decoding=\"async\" class=\"alignnone size-full wp-image-3483\" title=\"2012-08-02kes\u00e4kahvila (2)\" src=\"http:\/\/media.uumajalaiset.se\/2012\/08\/2012-08-02kes\u00e4kahvila-2.jpg\" alt=\"\" width=\"500\" height=\"375\" srcset=\"http:\/\/media.uumajalaiset.se\/2012\/08\/2012-08-02kes\u00e4kahvila-2.jpg 500w, http:\/\/media.uumajalaiset.se\/2012\/08\/2012-08-02kes\u00e4kahvila-2-150x112.jpg 150w, http:\/\/media.uumajalaiset.se\/2012\/08\/2012-08-02kes\u00e4kahvila-2-300x225.jpg 300w, http:\/\/media.uumajalaiset.se\/2012\/08\/2012-08-02kes\u00e4kahvila-2-400x300.jpg 400w\" sizes=\"auto, (max-width: 500px) 100vw, 500px\" \/><\/a><br \/>\n<a href=\"http:\/\/uumajalaiset.se\/?attachment_id=3485\" rel=\"attachment wp-att-3485\"><img loading=\"lazy\" decoding=\"async\" class=\"alignnone size-full wp-image-3485\" title=\"2012-08-02kes\u00e4kahvila (4)\" src=\"http:\/\/media.uumajalaiset.se\/2012\/08\/2012-08-02kes\u00e4kahvila-4.jpg\" alt=\"\" width=\"500\" height=\"375\" srcset=\"http:\/\/media.uumajalaiset.se\/2012\/08\/2012-08-02kes\u00e4kahvila-4.jpg 500w, http:\/\/media.uumajalaiset.se\/2012\/08\/2012-08-02kes\u00e4kahvila-4-150x112.jpg 150w, http:\/\/media.uumajalaiset.se\/2012\/08\/2012-08-02kes\u00e4kahvila-4-300x225.jpg 300w, http:\/\/media.uumajalaiset.se\/2012\/08\/2012-08-02kes\u00e4kahvila-4-400x300.jpg 400w\" sizes=\"auto, (max-width: 500px) 100vw, 500px\" \/><\/a><br \/>\n<a href=\"http:\/\/uumajalaiset.se\/?attachment_id=3486\" rel=\"attachment wp-att-3486\"><img loading=\"lazy\" decoding=\"async\" class=\"alignnone size-full wp-image-3486\" title=\"2012-08-02kes\u00e4kahvila (5)\" src=\"http:\/\/media.uumajalaiset.se\/2012\/08\/2012-08-02kes\u00e4kahvila-5.jpg\" alt=\"\" width=\"500\" height=\"375\" srcset=\"http:\/\/media.uumajalaiset.se\/2012\/08\/2012-08-02kes\u00e4kahvila-5.jpg 500w, http:\/\/media.uumajalaiset.se\/2012\/08\/2012-08-02kes\u00e4kahvila-5-150x112.jpg 150w, http:\/\/media.uumajalaiset.se\/2012\/08\/2012-08-02kes\u00e4kahvila-5-300x225.jpg 300w, http:\/\/media.uumajalaiset.se\/2012\/08\/2012-08-02kes\u00e4kahvila-5-400x300.jpg 400w\" sizes=\"auto, (max-width: 500px) 100vw, 500px\" \/><\/a><br \/>\nMarjatta Forsells oli saanut uuden ID-kortin, jota h\u00e4n esitteli Eila Erikssonille ja Maire Jokelalle.<br \/>\n<a href=\"http:\/\/uumajalaiset.se\/?attachment_id=3487\" rel=\"attachment wp-att-3487\"><img loading=\"lazy\" decoding=\"async\" class=\"alignnone size-full wp-image-3487\" title=\"2012-08-02kes\u00e4kahvila (6)\" src=\"http:\/\/media.uumajalaiset.se\/2012\/08\/2012-08-02kes\u00e4kahvila-6.jpg\" alt=\"\" width=\"500\" height=\"375\" srcset=\"http:\/\/media.uumajalaiset.se\/2012\/08\/2012-08-02kes\u00e4kahvila-6.jpg 500w, http:\/\/media.uumajalaiset.se\/2012\/08\/2012-08-02kes\u00e4kahvila-6-150x112.jpg 150w, http:\/\/media.uumajalaiset.se\/2012\/08\/2012-08-02kes\u00e4kahvila-6-300x225.jpg 300w, http:\/\/media.uumajalaiset.se\/2012\/08\/2012-08-02kes\u00e4kahvila-6-400x300.jpg 400w\" sizes=\"auto, (max-width: 500px) 100vw, 500px\" \/><\/a><br \/>\nJokelan Maire k\u00e4vi pitk\u00e4st\u00e4 aikaa m\u00f6kill\u00e4.<br \/>\n<a href=\"http:\/\/uumajalaiset.se\/?attachment_id=3488\" rel=\"attachment wp-att-3488\"><img loading=\"lazy\" decoding=\"async\" class=\"alignnone size-full wp-image-3488\" title=\"2012-08-02kes\u00e4kahvila (7)\" src=\"http:\/\/media.uumajalaiset.se\/2012\/08\/2012-08-02kes\u00e4kahvila-7.jpg\" alt=\"\" width=\"500\" height=\"375\" srcset=\"http:\/\/media.uumajalaiset.se\/2012\/08\/2012-08-02kes\u00e4kahvila-7.jpg 500w, http:\/\/media.uumajalaiset.se\/2012\/08\/2012-08-02kes\u00e4kahvila-7-150x112.jpg 150w, http:\/\/media.uumajalaiset.se\/2012\/08\/2012-08-02kes\u00e4kahvila-7-300x225.jpg 300w, http:\/\/media.uumajalaiset.se\/2012\/08\/2012-08-02kes\u00e4kahvila-7-400x300.jpg 400w\" sizes=\"auto, (max-width: 500px) 100vw, 500px\" \/><\/a><br \/>\nOli kiva n\u00e4hd\u00e4, miten pirte\u00e4 ja virke\u00e4 Maire jo oli.<br \/>\n<a href=\"http:\/\/uumajalaiset.se\/?attachment_id=3489\" rel=\"attachment wp-att-3489\"><img loading=\"lazy\" decoding=\"async\" class=\"alignnone size-full wp-image-3489\" title=\"2012-08-02kes\u00e4kahvila (8)\" src=\"http:\/\/media.uumajalaiset.se\/2012\/08\/2012-08-02kes\u00e4kahvila-8.jpg\" alt=\"\" width=\"500\" height=\"375\" srcset=\"http:\/\/media.uumajalaiset.se\/2012\/08\/2012-08-02kes\u00e4kahvila-8.jpg 500w, http:\/\/media.uumajalaiset.se\/2012\/08\/2012-08-02kes\u00e4kahvila-8-150x112.jpg 150w, http:\/\/media.uumajalaiset.se\/2012\/08\/2012-08-02kes\u00e4kahvila-8-300x225.jpg 300w, http:\/\/media.uumajalaiset.se\/2012\/08\/2012-08-02kes\u00e4kahvila-8-400x300.jpg 400w\" sizes=\"auto, (max-width: 500px) 100vw, 500px\" \/><\/a><br \/>\nKim Borg leikkasi nurmikon viikonloppua varten.<br \/>\n<a href=\"http:\/\/uumajalaiset.se\/?attachment_id=3490\" rel=\"attachment wp-att-3490\"><img loading=\"lazy\" decoding=\"async\" class=\"alignnone size-full wp-image-3490\" title=\"2012-08-02kes\u00e4kahvila (9)\" src=\"http:\/\/media.uumajalaiset.se\/2012\/08\/2012-08-02kes\u00e4kahvila-9.jpg\" alt=\"\" width=\"500\" height=\"375\" srcset=\"http:\/\/media.uumajalaiset.se\/2012\/08\/2012-08-02kes\u00e4kahvila-9.jpg 500w, http:\/\/media.uumajalaiset.se\/2012\/08\/2012-08-02kes\u00e4kahvila-9-150x112.jpg 150w, http:\/\/media.uumajalaiset.se\/2012\/08\/2012-08-02kes\u00e4kahvila-9-300x225.jpg 300w, http:\/\/media.uumajalaiset.se\/2012\/08\/2012-08-02kes\u00e4kahvila-9-400x300.jpg 400w\" sizes=\"auto, (max-width: 500px) 100vw, 500px\" \/><\/a><br \/>\nKim oli tehnyt taiden\u00e4yttelyyn muutaman oman kappaleen musiikkia.<br \/>\n<a href=\"http:\/\/uumajalaiset.se\/?attachment_id=3491\" rel=\"attachment wp-att-3491\"><img loading=\"lazy\" decoding=\"async\" class=\"alignnone size-full wp-image-3491\" title=\"2012-08-02kes\u00e4kahvila (10)\" src=\"http:\/\/media.uumajalaiset.se\/2012\/08\/2012-08-02kes\u00e4kahvila-10.jpg\" alt=\"\" width=\"500\" height=\"375\" srcset=\"http:\/\/media.uumajalaiset.se\/2012\/08\/2012-08-02kes\u00e4kahvila-10.jpg 500w, http:\/\/media.uumajalaiset.se\/2012\/08\/2012-08-02kes\u00e4kahvila-10-150x112.jpg 150w, http:\/\/media.uumajalaiset.se\/2012\/08\/2012-08-02kes\u00e4kahvila-10-300x225.jpg 300w, http:\/\/media.uumajalaiset.se\/2012\/08\/2012-08-02kes\u00e4kahvila-10-400x300.jpg 400w\" sizes=\"auto, (max-width: 500px) 100vw, 500px\" \/><\/a><br \/>\nKim Borgkin on siis yksi viikon taiteilijoista.<\/p>\n","protected":false},"excerpt":{"rendered":"<p>Torstain kes\u00e4kahvils\u00e4\u00e4 oli tuulista, mutta aurinkoista. Paikalle l\u00f6ysi my\u00f6s er\u00e4s henkil\u00f6, joka joskus kauan sitten oli kutonut r\u00e4symattoja kerhon m\u00f6kill\u00e4, muttei sen j\u00e4lkeen ollut mukana. Merjallaan oli \u00e4iti mukana katsomassa m\u00f6kki\u00e4. Marjatta Forsells oli saanut uuden ID-kortin, jota h\u00e4n esitteli &hellip; <a href=\"http:\/\/uumajalaiset.se\/?p=3481\">L\u00e4s mer <span class=\"meta-nav\">&rarr;<\/span><\/a><\/p>\n","protected":false},"author":1,"featured_media":0,"comment_status":"closed","ping_status":"closed","sticky":false,"template":"","format":"gallery","meta":{"footnotes":""},"categories":[8],"tags":[],"class_list":["post-3481","post","type-post","status-publish","format-gallery","hentry","category-uutiset-2","post_format-post-format-gallery"],"_links":{"self":[{"href":"http:\/\/uumajalaiset.se\/index.php?rest_route=\/wp\/v2\/posts\/3481","targetHints":{"allow":["GET"]}}],"collection":[{"href":"http:\/\/uumajalaiset.se\/index.php?rest_route=\/wp\/v2\/posts"}],"about":[{"href":"http:\/\/uumajalaiset.se\/index.php?rest_route=\/wp\/v2\/types\/post"}],"author":[{"embeddable":true,"href":"http:\/\/uumajalaiset.se\/index.php?rest_route=\/wp\/v2\/users\/1"}],"replies":[{"embeddable":true,"href":"http:\/\/uumajalaiset.se\/index.php?rest_route=%2Fwp%2Fv2%2Fcomments&post=3481"}],"version-history":[{"count":1,"href":"http:\/\/uumajalaiset.se\/index.php?rest_route=\/wp\/v2\/posts\/3481\/revisions"}],"predecessor-version":[{"id":3492,"href":"http:\/\/uumajalaiset.se\/index.php?rest_route=\/wp\/v2\/posts\/3481\/revisions\/3492"}],"wp:attachment":[{"href":"http:\/\/uumajalaiset.se\/index.php?rest_route=%2Fwp%2Fv2%2Fmedia&parent=3481"}],"wp:term":[{"taxonomy":"category","embeddable":true,"href":"http:\/\/uumajalaiset.se\/index.php?rest_route=%2Fwp%2Fv2%2Fcategories&post=3481"},{"taxonomy":"post_tag","embeddable":true,"href":"http:\/\/uumajalaiset.se\/index.php?rest_route=%2Fwp%2Fv2%2Ftags&post=3481"}],"curies":[{"name":"wp","href":"https:\/\/api.w.org\/{rel}","templated":true}]}}