{"id":3525,"date":"2012-08-09T02:01:21","date_gmt":"2012-08-09T02:01:21","guid":{"rendered":"http:\/\/uumajalaiset.se\/?p=3525"},"modified":"2012-08-11T02:04:38","modified_gmt":"2012-08-11T02:04:38","slug":"vahemmistofestivaali-siirtyy","status":"publish","type":"post","link":"http:\/\/uumajalaiset.se\/?p=3525","title":{"rendered":"V\u00e4hemmist\u00f6festivaali siirtyy"},"content":{"rendered":"<p>Uumajan kunnan syyskuun loppuun suunnittelema v\u00e4hemmist\u00f6festivaali peruuntuu t\u00e4lt\u00e4 vuodelta, todettiin elokuun 8:na pidetyss\u00e4 suunnittelupalaverissa.V\u00e4hemmist\u00f6festivaalin pit\u00e4minen j\u00e4tet\u00e4\u00e4n n\u00e4ill\u00e4 n\u00e4kymill\u00e4 ensi vuoden syksyyn.<\/p>\n","protected":false},"excerpt":{"rendered":"<p>Uumajan kunnan syyskuun loppuun suunnittelema v\u00e4hemmist\u00f6festivaali peruuntuu t\u00e4lt\u00e4 vuodelta, todettiin elokuun 8:na pidetyss\u00e4 suunnittelupalaverissa.V\u00e4hemmist\u00f6festivaalin pit\u00e4minen j\u00e4tet\u00e4\u00e4n n\u00e4ill\u00e4 n\u00e4kymill\u00e4 ensi vuoden syksyyn.<\/p>\n","protected":false},"author":1,"featured_media":0,"comment_status":"closed","ping_status":"closed","sticky":false,"template":"","format":"gallery","meta":{"footnotes":""},"categories":[8],"tags":[],"class_list":["post-3525","post","type-post","status-publish","format-gallery","hentry","category-uutiset-2","post_format-post-format-gallery"],"_links":{"self":[{"href":"http:\/\/uumajalaiset.se\/index.php?rest_route=\/wp\/v2\/posts\/3525","targetHints":{"allow":["GET"]}}],"collection":[{"href":"http:\/\/uumajalaiset.se\/index.php?rest_route=\/wp\/v2\/posts"}],"about":[{"href":"http:\/\/uumajalaiset.se\/index.php?rest_route=\/wp\/v2\/types\/post"}],"author":[{"embeddable":true,"href":"http:\/\/uumajalaiset.se\/index.php?rest_route=\/wp\/v2\/users\/1"}],"replies":[{"embeddable":true,"href":"http:\/\/uumajalaiset.se\/index.php?rest_route=%2Fwp%2Fv2%2Fcomments&post=3525"}],"version-history":[{"count":1,"href":"http:\/\/uumajalaiset.se\/index.php?rest_route=\/wp\/v2\/posts\/3525\/revisions"}],"predecessor-version":[{"id":3526,"href":"http:\/\/uumajalaiset.se\/index.php?rest_route=\/wp\/v2\/posts\/3525\/revisions\/3526"}],"wp:attachment":[{"href":"http:\/\/uumajalaiset.se\/index.php?rest_route=%2Fwp%2Fv2%2Fmedia&parent=3525"}],"wp:term":[{"taxonomy":"category","embeddable":true,"href":"http:\/\/uumajalaiset.se\/index.php?rest_route=%2Fwp%2Fv2%2Fcategories&post=3525"},{"taxonomy":"post_tag","embeddable":true,"href":"http:\/\/uumajalaiset.se\/index.php?rest_route=%2Fwp%2Fv2%2Ftags&post=3525"}],"curies":[{"name":"wp","href":"https:\/\/api.w.org\/{rel}","templated":true}]}}