{"id":3605,"date":"2012-08-17T04:35:34","date_gmt":"2012-08-17T04:35:34","guid":{"rendered":"http:\/\/uumajalaiset.se\/?p=3605"},"modified":"2012-08-21T08:01:41","modified_gmt":"2012-08-21T08:01:41","slug":"kesataidekahvila-sulki-ovensa-talta-kesaa","status":"publish","type":"post","link":"http:\/\/uumajalaiset.se\/?p=3605","title":{"rendered":"Kes\u00e4taidekahvila sulki ovensa t\u00e4lt\u00e4 kes\u00e4\u00e4"},"content":{"rendered":"<p><a href=\"http:\/\/uumajalaiset.se\/?attachment_id=3606\" rel=\"attachment wp-att-3606\"><img loading=\"lazy\" decoding=\"async\" class=\"alignnone size-full wp-image-3606\" title=\"2012-08-17kes\u00e4kahvila (1)\" src=\"http:\/\/media.uumajalaiset.se\/2012\/08\/2012-08-17kes\u00e4kahvila-1.jpg\" alt=\"\" width=\"500\" height=\"375\" srcset=\"http:\/\/media.uumajalaiset.se\/2012\/08\/2012-08-17kes\u00e4kahvila-1.jpg 500w, http:\/\/media.uumajalaiset.se\/2012\/08\/2012-08-17kes\u00e4kahvila-1-150x112.jpg 150w, http:\/\/media.uumajalaiset.se\/2012\/08\/2012-08-17kes\u00e4kahvila-1-300x225.jpg 300w, http:\/\/media.uumajalaiset.se\/2012\/08\/2012-08-17kes\u00e4kahvila-1-400x300.jpg 400w\" sizes=\"auto, (max-width: 500px) 100vw, 500px\" \/><\/a><br \/>\nKes\u00e4kahvilan viimeinen perjantai. Aika siivota m\u00f6kilt\u00e4 pois kes\u00e4kahvilan j\u00e4ljet.<br \/>\n<a href=\"http:\/\/uumajalaiset.se\/?attachment_id=3607\" rel=\"attachment wp-att-3607\"><img loading=\"lazy\" decoding=\"async\" class=\"alignnone size-full wp-image-3607\" title=\"2012-08-17kes\u00e4kahvila (2)\" src=\"http:\/\/media.uumajalaiset.se\/2012\/08\/2012-08-17kes\u00e4kahvila-2.jpg\" alt=\"\" width=\"500\" height=\"375\" srcset=\"http:\/\/media.uumajalaiset.se\/2012\/08\/2012-08-17kes\u00e4kahvila-2.jpg 500w, http:\/\/media.uumajalaiset.se\/2012\/08\/2012-08-17kes\u00e4kahvila-2-150x112.jpg 150w, http:\/\/media.uumajalaiset.se\/2012\/08\/2012-08-17kes\u00e4kahvila-2-300x225.jpg 300w, http:\/\/media.uumajalaiset.se\/2012\/08\/2012-08-17kes\u00e4kahvila-2-400x300.jpg 400w\" sizes=\"auto, (max-width: 500px) 100vw, 500px\" \/><\/a><br \/>\nP\u00e4iv\u00e4n ruokalistalla oli kaalilaatikkoa. Perinteellist\u00e4 suomalaista ruokaa.<br \/>\n<a href=\"http:\/\/uumajalaiset.se\/?attachment_id=3608\" rel=\"attachment wp-att-3608\"><img loading=\"lazy\" decoding=\"async\" class=\"alignnone size-full wp-image-3608\" title=\"2012-08-17kes\u00e4kahvila (3)\" src=\"http:\/\/media.uumajalaiset.se\/2012\/08\/2012-08-17kes\u00e4kahvila-3.jpg\" alt=\"\" width=\"500\" height=\"375\" srcset=\"http:\/\/media.uumajalaiset.se\/2012\/08\/2012-08-17kes\u00e4kahvila-3.jpg 500w, http:\/\/media.uumajalaiset.se\/2012\/08\/2012-08-17kes\u00e4kahvila-3-150x112.jpg 150w, http:\/\/media.uumajalaiset.se\/2012\/08\/2012-08-17kes\u00e4kahvila-3-300x225.jpg 300w, http:\/\/media.uumajalaiset.se\/2012\/08\/2012-08-17kes\u00e4kahvila-3-400x300.jpg 400w\" sizes=\"auto, (max-width: 500px) 100vw, 500px\" \/><\/a><br \/>\nKes\u00e4kahvilan ruokalistallahan oli &#8221;P\u00e4iv\u00e4n soppa&#8221;. Kaikkina p\u00e4ivin\u00e4 ei varsinaista soppaa tarjoiltu, mutta jos muuta tarjoiltiin, niin sekin laskettiin sopaksi, kuten p\u00e4iv\u00e4n kaalilaatikko.<br \/>\n<a href=\"http:\/\/uumajalaiset.se\/?attachment_id=3609\" rel=\"attachment wp-att-3609\"><img loading=\"lazy\" decoding=\"async\" class=\"alignnone size-full wp-image-3609\" title=\"2012-08-17kes\u00e4kahvila (4)\" src=\"http:\/\/media.uumajalaiset.se\/2012\/08\/2012-08-17kes\u00e4kahvila-4.jpg\" alt=\"\" width=\"500\" height=\"375\" srcset=\"http:\/\/media.uumajalaiset.se\/2012\/08\/2012-08-17kes\u00e4kahvila-4.jpg 500w, http:\/\/media.uumajalaiset.se\/2012\/08\/2012-08-17kes\u00e4kahvila-4-150x112.jpg 150w, http:\/\/media.uumajalaiset.se\/2012\/08\/2012-08-17kes\u00e4kahvila-4-300x225.jpg 300w, http:\/\/media.uumajalaiset.se\/2012\/08\/2012-08-17kes\u00e4kahvila-4-400x300.jpg 400w\" sizes=\"auto, (max-width: 500px) 100vw, 500px\" \/><\/a><br \/>\nMmmmm&#8230; maistuuhan se.<br \/>\n<a href=\"http:\/\/uumajalaiset.se\/?attachment_id=3610\" rel=\"attachment wp-att-3610\"><img loading=\"lazy\" decoding=\"async\" class=\"alignnone size-full wp-image-3610\" title=\"2012-08-17kes\u00e4kahvila (5)\" src=\"http:\/\/media.uumajalaiset.se\/2012\/08\/2012-08-17kes\u00e4kahvila-5.jpg\" alt=\"\" width=\"500\" height=\"375\" srcset=\"http:\/\/media.uumajalaiset.se\/2012\/08\/2012-08-17kes\u00e4kahvila-5.jpg 500w, http:\/\/media.uumajalaiset.se\/2012\/08\/2012-08-17kes\u00e4kahvila-5-150x112.jpg 150w, http:\/\/media.uumajalaiset.se\/2012\/08\/2012-08-17kes\u00e4kahvila-5-300x225.jpg 300w, http:\/\/media.uumajalaiset.se\/2012\/08\/2012-08-17kes\u00e4kahvila-5-400x300.jpg 400w\" sizes=\"auto, (max-width: 500px) 100vw, 500px\" \/><\/a><br \/>\nMarjatta Forsells ja\u00a0Raili Borg\u00a0olivat kes\u00e4kahvilan em\u00e4ntina kaikki kahdeksan viikkoa. Merja Olsson kolmantena p\u00e4\u00e4em\u00e4nt\u00e4n\u00e4 oli mukana melkein koko ajan ja muita em\u00e4nti\u00e4 olivat Saara Minkkinen, Kaarina Honkanen ja Raija Silverell. &#8211; Tuntui aika haikealta, kun kes\u00e4kahvila loppui, totesi Marjatta Forsells.<br \/>\n<a href=\"http:\/\/uumajalaiset.se\/?attachment_id=3611\" rel=\"attachment wp-att-3611\"><img loading=\"lazy\" decoding=\"async\" class=\"alignnone size-full wp-image-3611\" title=\"2012-08-17kes\u00e4kahvila (6)\" src=\"http:\/\/media.uumajalaiset.se\/2012\/08\/2012-08-17kes\u00e4kahvila-6.jpg\" alt=\"\" width=\"500\" height=\"375\" srcset=\"http:\/\/media.uumajalaiset.se\/2012\/08\/2012-08-17kes\u00e4kahvila-6.jpg 500w, http:\/\/media.uumajalaiset.se\/2012\/08\/2012-08-17kes\u00e4kahvila-6-150x112.jpg 150w, http:\/\/media.uumajalaiset.se\/2012\/08\/2012-08-17kes\u00e4kahvila-6-300x225.jpg 300w, http:\/\/media.uumajalaiset.se\/2012\/08\/2012-08-17kes\u00e4kahvila-6-400x300.jpg 400w\" sizes=\"auto, (max-width: 500px) 100vw, 500px\" \/><\/a><br \/>\nNaapuri &#8211; Bengt k\u00e4vi kahvilla viimeisen\u00e4 p\u00e4iv\u00e4n\u00e4.<br \/>\n<a href=\"http:\/\/uumajalaiset.se\/?attachment_id=3612\" rel=\"attachment wp-att-3612\"><img loading=\"lazy\" decoding=\"async\" class=\"alignnone size-full wp-image-3612\" title=\"2012-08-17kes\u00e4kahvila (7)\" src=\"http:\/\/media.uumajalaiset.se\/2012\/08\/2012-08-17kes\u00e4kahvila-7.jpg\" alt=\"\" width=\"500\" height=\"375\" srcset=\"http:\/\/media.uumajalaiset.se\/2012\/08\/2012-08-17kes\u00e4kahvila-7.jpg 500w, http:\/\/media.uumajalaiset.se\/2012\/08\/2012-08-17kes\u00e4kahvila-7-150x112.jpg 150w, http:\/\/media.uumajalaiset.se\/2012\/08\/2012-08-17kes\u00e4kahvila-7-300x225.jpg 300w, http:\/\/media.uumajalaiset.se\/2012\/08\/2012-08-17kes\u00e4kahvila-7-400x300.jpg 400w\" sizes=\"auto, (max-width: 500px) 100vw, 500px\" \/><\/a><br \/>\nRitva Jokisesta ja Airi Tikkasesta tuli kes\u00e4kahvilan kanta-asiakkaita.<br \/>\n<a href=\"http:\/\/uumajalaiset.se\/?attachment_id=3613\" rel=\"attachment wp-att-3613\"><img loading=\"lazy\" decoding=\"async\" class=\"alignnone size-full wp-image-3613\" title=\"2012-08-17kes\u00e4kahvila (8)\" src=\"http:\/\/media.uumajalaiset.se\/2012\/08\/2012-08-17kes\u00e4kahvila-8.jpg\" alt=\"\" width=\"500\" height=\"375\" srcset=\"http:\/\/media.uumajalaiset.se\/2012\/08\/2012-08-17kes\u00e4kahvila-8.jpg 500w, http:\/\/media.uumajalaiset.se\/2012\/08\/2012-08-17kes\u00e4kahvila-8-150x112.jpg 150w, http:\/\/media.uumajalaiset.se\/2012\/08\/2012-08-17kes\u00e4kahvila-8-300x225.jpg 300w, http:\/\/media.uumajalaiset.se\/2012\/08\/2012-08-17kes\u00e4kahvila-8-400x300.jpg 400w\" sizes=\"auto, (max-width: 500px) 100vw, 500px\" \/><\/a><br \/>\nViimeisen viikon kanta-asikkaita olivat Eija Salom\u00e4ki vieraineen ja Ville Qveflander.<br \/>\n<a href=\"http:\/\/uumajalaiset.se\/?attachment_id=3615\" rel=\"attachment wp-att-3615\"><img loading=\"lazy\" decoding=\"async\" class=\"alignnone size-full wp-image-3615\" title=\"2012-08-17kes\u00e4kahvila (9)\" src=\"http:\/\/media.uumajalaiset.se\/2012\/08\/2012-08-17kes\u00e4kahvila-91.jpg\" alt=\"\" width=\"500\" height=\"375\" srcset=\"http:\/\/media.uumajalaiset.se\/2012\/08\/2012-08-17kes\u00e4kahvila-91.jpg 500w, http:\/\/media.uumajalaiset.se\/2012\/08\/2012-08-17kes\u00e4kahvila-91-150x112.jpg 150w, http:\/\/media.uumajalaiset.se\/2012\/08\/2012-08-17kes\u00e4kahvila-91-300x225.jpg 300w, http:\/\/media.uumajalaiset.se\/2012\/08\/2012-08-17kes\u00e4kahvila-91-400x300.jpg 400w\" sizes=\"auto, (max-width: 500px) 100vw, 500px\" \/><\/a><br \/>\nRaija Simola ja Leena Kuismin olivat eilen Salom\u00e4en Eijan kanssa tilaamassa kaalilaatikkoa kes\u00e4kahvilan loppukantaatiksi.<br \/>\n<a href=\"http:\/\/uumajalaiset.se\/?attachment_id=3616\" rel=\"attachment wp-att-3616\"><img loading=\"lazy\" decoding=\"async\" class=\"alignnone size-full wp-image-3616\" title=\"2012-08-17kes\u00e4kahvila (10)\" src=\"http:\/\/media.uumajalaiset.se\/2012\/08\/2012-08-17kes\u00e4kahvila-10.jpg\" alt=\"\" width=\"500\" height=\"375\" srcset=\"http:\/\/media.uumajalaiset.se\/2012\/08\/2012-08-17kes\u00e4kahvila-10.jpg 500w, http:\/\/media.uumajalaiset.se\/2012\/08\/2012-08-17kes\u00e4kahvila-10-150x112.jpg 150w, http:\/\/media.uumajalaiset.se\/2012\/08\/2012-08-17kes\u00e4kahvila-10-300x225.jpg 300w, http:\/\/media.uumajalaiset.se\/2012\/08\/2012-08-17kes\u00e4kahvila-10-400x300.jpg 400w\" sizes=\"auto, (max-width: 500px) 100vw, 500px\" \/><\/a><br \/>\nRaija Simola ja Leena Kuismin.<br \/>\n<a href=\"http:\/\/uumajalaiset.se\/?attachment_id=3617\" rel=\"attachment wp-att-3617\"><img loading=\"lazy\" decoding=\"async\" class=\"alignnone size-full wp-image-3617\" title=\"2012-08-17kes\u00e4kahvila (11)\" src=\"http:\/\/media.uumajalaiset.se\/2012\/08\/2012-08-17kes\u00e4kahvila-11.jpg\" alt=\"\" width=\"500\" height=\"375\" srcset=\"http:\/\/media.uumajalaiset.se\/2012\/08\/2012-08-17kes\u00e4kahvila-11.jpg 500w, http:\/\/media.uumajalaiset.se\/2012\/08\/2012-08-17kes\u00e4kahvila-11-150x112.jpg 150w, http:\/\/media.uumajalaiset.se\/2012\/08\/2012-08-17kes\u00e4kahvila-11-300x225.jpg 300w, http:\/\/media.uumajalaiset.se\/2012\/08\/2012-08-17kes\u00e4kahvila-11-400x300.jpg 400w\" sizes=\"auto, (max-width: 500px) 100vw, 500px\" \/><\/a><br \/>\nRaija Simola.<br \/>\n<a href=\"http:\/\/uumajalaiset.se\/?attachment_id=3618\" rel=\"attachment wp-att-3618\"><img loading=\"lazy\" decoding=\"async\" class=\"alignnone size-full wp-image-3618\" title=\"2012-08-17kes\u00e4kahvila (12)\" src=\"http:\/\/media.uumajalaiset.se\/2012\/08\/2012-08-17kes\u00e4kahvila-12.jpg\" alt=\"\" width=\"500\" height=\"375\" srcset=\"http:\/\/media.uumajalaiset.se\/2012\/08\/2012-08-17kes\u00e4kahvila-12.jpg 500w, http:\/\/media.uumajalaiset.se\/2012\/08\/2012-08-17kes\u00e4kahvila-12-150x112.jpg 150w, http:\/\/media.uumajalaiset.se\/2012\/08\/2012-08-17kes\u00e4kahvila-12-300x225.jpg 300w, http:\/\/media.uumajalaiset.se\/2012\/08\/2012-08-17kes\u00e4kahvila-12-400x300.jpg 400w\" sizes=\"auto, (max-width: 500px) 100vw, 500px\" \/><\/a><br \/>\nKiva muistella talvella syyskes\u00e4n kauniita aurinkoisia p\u00e4ivi\u00e4 m\u00f6kin terassilla.<br \/>\n<a href=\"http:\/\/uumajalaiset.se\/?attachment_id=3619\" rel=\"attachment wp-att-3619\"><img loading=\"lazy\" decoding=\"async\" class=\"alignnone size-full wp-image-3619\" title=\"2012-08-17kes\u00e4kahvila (13)\" src=\"http:\/\/media.uumajalaiset.se\/2012\/08\/2012-08-17kes\u00e4kahvila-13.jpg\" alt=\"\" width=\"500\" height=\"375\" srcset=\"http:\/\/media.uumajalaiset.se\/2012\/08\/2012-08-17kes\u00e4kahvila-13.jpg 500w, http:\/\/media.uumajalaiset.se\/2012\/08\/2012-08-17kes\u00e4kahvila-13-150x112.jpg 150w, http:\/\/media.uumajalaiset.se\/2012\/08\/2012-08-17kes\u00e4kahvila-13-300x225.jpg 300w, http:\/\/media.uumajalaiset.se\/2012\/08\/2012-08-17kes\u00e4kahvila-13-400x300.jpg 400w\" sizes=\"auto, (max-width: 500px) 100vw, 500px\" \/><\/a><br \/>\nSatu Schvartz tuli my\u00f6s juhlistamaan kes\u00e4kahvilan viimeist\u00e4 p\u00e4iv\u00e4\u00e4.<br \/>\n<a href=\"http:\/\/uumajalaiset.se\/?attachment_id=3620\" rel=\"attachment wp-att-3620\"><img loading=\"lazy\" decoding=\"async\" class=\"alignnone size-full wp-image-3620\" title=\"2012-08-17kes\u00e4kahvila (14)\" src=\"http:\/\/media.uumajalaiset.se\/2012\/08\/2012-08-17kes\u00e4kahvila-14.jpg\" alt=\"\" width=\"500\" height=\"375\" srcset=\"http:\/\/media.uumajalaiset.se\/2012\/08\/2012-08-17kes\u00e4kahvila-14.jpg 500w, http:\/\/media.uumajalaiset.se\/2012\/08\/2012-08-17kes\u00e4kahvila-14-150x112.jpg 150w, http:\/\/media.uumajalaiset.se\/2012\/08\/2012-08-17kes\u00e4kahvila-14-300x225.jpg 300w, http:\/\/media.uumajalaiset.se\/2012\/08\/2012-08-17kes\u00e4kahvila-14-400x300.jpg 400w\" sizes=\"auto, (max-width: 500px) 100vw, 500px\" \/><\/a><br \/>\nPekka Nyman nautti kes\u00e4n viimeisist\u00e4 auringons\u00e4teist\u00e4 kahvikupin kera.<br \/>\n<a href=\"http:\/\/uumajalaiset.se\/?attachment_id=3621\" rel=\"attachment wp-att-3621\"><img loading=\"lazy\" decoding=\"async\" title=\"2012-08-17kes\u00e4kahvila (15)\" src=\"http:\/\/media.uumajalaiset.se\/2012\/08\/2012-08-17kes\u00e4kahvila-15.jpg\" alt=\"\" width=\"500\" height=\"375\" \/><\/a><br \/>\nKes\u00e4kahvilan viimeiset vieraat.<br \/>\n<a href=\"http:\/\/uumajalaiset.se\/?attachment_id=3623\" rel=\"attachment wp-att-3623\"><img loading=\"lazy\" decoding=\"async\" class=\"alignnone size-full wp-image-3623\" title=\"2012-08-17kes\u00e4kahvila (16)\" src=\"http:\/\/media.uumajalaiset.se\/2012\/08\/2012-08-17kes\u00e4kahvila-161.jpg\" alt=\"\" width=\"500\" height=\"375\" srcset=\"http:\/\/media.uumajalaiset.se\/2012\/08\/2012-08-17kes\u00e4kahvila-161.jpg 500w, http:\/\/media.uumajalaiset.se\/2012\/08\/2012-08-17kes\u00e4kahvila-161-150x112.jpg 150w, http:\/\/media.uumajalaiset.se\/2012\/08\/2012-08-17kes\u00e4kahvila-161-300x225.jpg 300w, http:\/\/media.uumajalaiset.se\/2012\/08\/2012-08-17kes\u00e4kahvila-161-400x300.jpg 400w\" sizes=\"auto, (max-width: 500px) 100vw, 500px\" \/><\/a><br \/>\nMarjatta Aidantausta ja kes\u00e4kahvilan viimeiset kahvit.<br \/>\n<a href=\"http:\/\/uumajalaiset.se\/?attachment_id=3626\" rel=\"attachment wp-att-3626\"><img loading=\"lazy\" decoding=\"async\" class=\"alignnone size-full wp-image-3626\" title=\"2012-08-17kes\u00e4kahvila (17)\" src=\"http:\/\/media.uumajalaiset.se\/2012\/08\/2012-08-17kes\u00e4kahvila-172.jpg\" alt=\"\" width=\"500\" height=\"375\" srcset=\"http:\/\/media.uumajalaiset.se\/2012\/08\/2012-08-17kes\u00e4kahvila-172.jpg 500w, http:\/\/media.uumajalaiset.se\/2012\/08\/2012-08-17kes\u00e4kahvila-172-150x112.jpg 150w, http:\/\/media.uumajalaiset.se\/2012\/08\/2012-08-17kes\u00e4kahvila-172-300x225.jpg 300w, http:\/\/media.uumajalaiset.se\/2012\/08\/2012-08-17kes\u00e4kahvila-172-400x300.jpg 400w\" sizes=\"auto, (max-width: 500px) 100vw, 500px\" \/><\/a><br \/>\nKes\u00e4 on ohi.<br \/>\n<a href=\"http:\/\/uumajalaiset.se\/?attachment_id=3627\" rel=\"attachment wp-att-3627\"><img loading=\"lazy\" decoding=\"async\" class=\"alignnone size-full wp-image-3627\" title=\"2012-08-17kes\u00e4kahvila (18)\" src=\"http:\/\/media.uumajalaiset.se\/2012\/08\/2012-08-17kes\u00e4kahvila-18.jpg\" alt=\"\" width=\"500\" height=\"375\" srcset=\"http:\/\/media.uumajalaiset.se\/2012\/08\/2012-08-17kes\u00e4kahvila-18.jpg 500w, http:\/\/media.uumajalaiset.se\/2012\/08\/2012-08-17kes\u00e4kahvila-18-150x112.jpg 150w, http:\/\/media.uumajalaiset.se\/2012\/08\/2012-08-17kes\u00e4kahvila-18-300x225.jpg 300w, http:\/\/media.uumajalaiset.se\/2012\/08\/2012-08-17kes\u00e4kahvila-18-400x300.jpg 400w\" sizes=\"auto, (max-width: 500px) 100vw, 500px\" \/><\/a><br \/>\nChristina Borg k\u00e4vi inventoimassa ja siivoamassa Lauantaikerhon kaapit syksyn toimintaa\u00a0varten. Lauantaikerho alkaa kahden viikon kuluttua.<br \/>\n<a href=\"http:\/\/uumajalaiset.se\/?attachment_id=3634\" rel=\"attachment wp-att-3634\"><img loading=\"lazy\" decoding=\"async\" class=\"alignnone size-full wp-image-3634\" title=\"v\u00e4risinfonia\" src=\"http:\/\/media.uumajalaiset.se\/2012\/08\/v\u00e4risinfonia.jpg\" alt=\"\" width=\"500\" height=\"475\" srcset=\"http:\/\/media.uumajalaiset.se\/2012\/08\/v\u00e4risinfonia.jpg 500w, http:\/\/media.uumajalaiset.se\/2012\/08\/v\u00e4risinfonia-150x142.jpg 150w, http:\/\/media.uumajalaiset.se\/2012\/08\/v\u00e4risinfonia-300x285.jpg 300w, http:\/\/media.uumajalaiset.se\/2012\/08\/v\u00e4risinfonia-394x375.jpg 394w, http:\/\/media.uumajalaiset.se\/2012\/08\/v\u00e4risinfonia-315x300.jpg 315w\" sizes=\"auto, (max-width: 500px) 100vw, 500px\" \/><\/a><br \/>\nRiitta Parpalan valokuvan\u00e4yttely oli esilla taidekahvilan viimeisell\u00e4 viikolla.<br \/>\n<a href=\"http:\/\/uumajalaiset.se\/?attachment_id=3637\" rel=\"attachment wp-att-3637\"><img loading=\"lazy\" decoding=\"async\" class=\"alignnone size-full wp-image-3637\" title=\"Raija silverell\" src=\"http:\/\/media.uumajalaiset.se\/2012\/08\/Raija-silverell1.jpg\" alt=\"\" width=\"500\" height=\"620\" srcset=\"http:\/\/media.uumajalaiset.se\/2012\/08\/Raija-silverell1.jpg 500w, http:\/\/media.uumajalaiset.se\/2012\/08\/Raija-silverell1-120x150.jpg 120w, http:\/\/media.uumajalaiset.se\/2012\/08\/Raija-silverell1-241x300.jpg 241w, http:\/\/media.uumajalaiset.se\/2012\/08\/Raija-silverell1-302x375.jpg 302w\" sizes=\"auto, (max-width: 500px) 100vw, 500px\" \/><\/a><br \/>\nRaija Silverellin tauluja oli esill\u00e4 kes\u00e4kahvilassa.<br \/>\n<a href=\"http:\/\/uumajalaiset.se\/?attachment_id=3638\" rel=\"attachment wp-att-3638\"><img loading=\"lazy\" decoding=\"async\" class=\"alignnone size-full wp-image-3638\" title=\"hedelm\u00e4llist\u00e4\" src=\"http:\/\/media.uumajalaiset.se\/2012\/08\/hedelm\u00e4llist\u00e41.jpg\" alt=\"\" width=\"500\" height=\"502\" srcset=\"http:\/\/media.uumajalaiset.se\/2012\/08\/hedelm\u00e4llist\u00e41.jpg 500w, http:\/\/media.uumajalaiset.se\/2012\/08\/hedelm\u00e4llist\u00e41-150x150.jpg 150w, http:\/\/media.uumajalaiset.se\/2012\/08\/hedelm\u00e4llist\u00e41-298x300.jpg 298w, http:\/\/media.uumajalaiset.se\/2012\/08\/hedelm\u00e4llist\u00e41-373x375.jpg 373w\" sizes=\"auto, (max-width: 500px) 100vw, 500px\" \/><\/a><br \/>\nRitva Lundbergin hedelm\u00e4llisi\u00e4 tauluja oli esill\u00e4 kes\u00e4kahvilassa.<br \/>\n<a href=\"http:\/\/uumajalaiset.se\/?attachment_id=3640\" rel=\"attachment wp-att-3640\"><img loading=\"lazy\" decoding=\"async\" class=\"alignnone size-full wp-image-3640\" title=\"Metso\" src=\"http:\/\/media.uumajalaiset.se\/2012\/08\/Metso1.jpg\" alt=\"\" width=\"500\" height=\"406\" srcset=\"http:\/\/media.uumajalaiset.se\/2012\/08\/Metso1.jpg 500w, http:\/\/media.uumajalaiset.se\/2012\/08\/Metso1-150x121.jpg 150w, http:\/\/media.uumajalaiset.se\/2012\/08\/Metso1-300x243.jpg 300w, http:\/\/media.uumajalaiset.se\/2012\/08\/Metso1-461x375.jpg 461w, http:\/\/media.uumajalaiset.se\/2012\/08\/Metso1-369x300.jpg 369w\" sizes=\"auto, (max-width: 500px) 100vw, 500px\" \/><\/a><br \/>\nHeikki Vihtarin &#8221;Metso&#8221; \u00a0oli esill\u00e4 kes\u00e4kahvilassa.<br \/>\n<a href=\"http:\/\/uumajalaiset.se\/?attachment_id=3643\" rel=\"attachment wp-att-3643\"><img loading=\"lazy\" decoding=\"async\" class=\"alignnone size-full wp-image-3643\" title=\"syys\" src=\"http:\/\/media.uumajalaiset.se\/2012\/08\/syys.jpg\" alt=\"\" width=\"493\" height=\"582\" srcset=\"http:\/\/media.uumajalaiset.se\/2012\/08\/syys.jpg 493w, http:\/\/media.uumajalaiset.se\/2012\/08\/syys-127x150.jpg 127w, http:\/\/media.uumajalaiset.se\/2012\/08\/syys-254x300.jpg 254w, http:\/\/media.uumajalaiset.se\/2012\/08\/syys-317x375.jpg 317w\" sizes=\"auto, (max-width: 493px) 100vw, 493px\" \/><\/a><br \/>\nMarjatta Aidantaustan syysmaisema\u00a0oli esill\u00e4 kes\u00e4kahvilassa.<br \/>\n<a href=\"http:\/\/uumajalaiset.se\/?attachment_id=3642\" rel=\"attachment wp-att-3642\"><img loading=\"lazy\" decoding=\"async\" class=\"alignnone size-full wp-image-3642\" title=\"nallet\" src=\"http:\/\/media.uumajalaiset.se\/2012\/08\/nallet1.jpg\" alt=\"\" width=\"500\" height=\"796\" srcset=\"http:\/\/media.uumajalaiset.se\/2012\/08\/nallet1.jpg 500w, http:\/\/media.uumajalaiset.se\/2012\/08\/nallet1-94x150.jpg 94w, http:\/\/media.uumajalaiset.se\/2012\/08\/nallet1-188x300.jpg 188w, http:\/\/media.uumajalaiset.se\/2012\/08\/nallet1-235x375.jpg 235w\" sizes=\"auto, (max-width: 500px) 100vw, 500px\" \/><\/a><br \/>\nUlla Kiivuoren nalletaulu\u00a0oli esill\u00e4 kes\u00e4kahvilassa.<br \/>\n<a href=\"http:\/\/uumajalaiset.se\/?attachment_id=3645\" rel=\"attachment wp-att-3645\"><img loading=\"lazy\" decoding=\"async\" class=\"alignnone size-full wp-image-3645\" title=\"borgs\" src=\"http:\/\/media.uumajalaiset.se\/2012\/08\/borgs1.jpg\" alt=\"\" width=\"500\" height=\"590\" srcset=\"http:\/\/media.uumajalaiset.se\/2012\/08\/borgs1.jpg 500w, http:\/\/media.uumajalaiset.se\/2012\/08\/borgs1-127x150.jpg 127w, http:\/\/media.uumajalaiset.se\/2012\/08\/borgs1-254x300.jpg 254w, http:\/\/media.uumajalaiset.se\/2012\/08\/borgs1-317x375.jpg 317w\" sizes=\"auto, (max-width: 500px) 100vw, 500px\" \/><\/a><br \/>\nChristina Borgin &#8221;Ruosutytt\u00f6\u00e4&#8221; oli lainattu kes\u00e4kahvllan mainoksen taustakuvaksi.<br \/>\n<a href=\"http:\/\/uumajalaiset.se\/?attachment_id=3646\" rel=\"attachment wp-att-3646\"><img loading=\"lazy\" decoding=\"async\" class=\"alignnone size-full wp-image-3646\" title=\"kes\u00e4kahvila_done\" src=\"http:\/\/media.uumajalaiset.se\/2012\/08\/kes\u00e4kahvila_done.jpg\" alt=\"\" width=\"500\" height=\"416\" srcset=\"http:\/\/media.uumajalaiset.se\/2012\/08\/kes\u00e4kahvila_done.jpg 500w, http:\/\/media.uumajalaiset.se\/2012\/08\/kes\u00e4kahvila_done-150x124.jpg 150w, http:\/\/media.uumajalaiset.se\/2012\/08\/kes\u00e4kahvila_done-300x249.jpg 300w, http:\/\/media.uumajalaiset.se\/2012\/08\/kes\u00e4kahvila_done-450x375.jpg 450w, http:\/\/media.uumajalaiset.se\/2012\/08\/kes\u00e4kahvila_done-360x300.jpg 360w\" sizes=\"auto, (max-width: 500px) 100vw, 500px\" \/><\/a><br \/>\n&#8211; Minua h\u00e4mm\u00e4stytti se, ett\u00e4 Uumajan Suomalaisen Kerhon j\u00e4senist\u00e4 l\u00f6ytyy n\u00e4in monta taiteilijaa, jotka osaavat tehd\u00e4 n\u00e4in hienoa taidetta, totesi em\u00e4nt\u00e4 Marjatta Forsells, joka tutustui kaikkiin taiden\u00e4yttelyihin.<br \/>\n<a href=\"http:\/\/uumajalaiset.se\/?attachment_id=3630\" rel=\"attachment wp-att-3630\"><img loading=\"lazy\" decoding=\"async\" class=\"alignnone size-full wp-image-3630\" title=\"2012-08-17kes\u00e4kahvila (19)\" src=\"http:\/\/media.uumajalaiset.se\/2012\/08\/2012-08-17kes\u00e4kahvila-19.jpg\" alt=\"\" width=\"500\" height=\"375\" srcset=\"http:\/\/media.uumajalaiset.se\/2012\/08\/2012-08-17kes\u00e4kahvila-19.jpg 500w, http:\/\/media.uumajalaiset.se\/2012\/08\/2012-08-17kes\u00e4kahvila-19-150x112.jpg 150w, http:\/\/media.uumajalaiset.se\/2012\/08\/2012-08-17kes\u00e4kahvila-19-300x225.jpg 300w, http:\/\/media.uumajalaiset.se\/2012\/08\/2012-08-17kes\u00e4kahvila-19-400x300.jpg 400w\" sizes=\"auto, (max-width: 500px) 100vw, 500px\" \/><\/a><br \/>\nEi muuta kun kes\u00e4n p\u00f6lyt pois. Kaksi kuukautta kes\u00e4kahvilaa on auttamattomasti loppu. Kes\u00e4kahvilan p\u00e4ivitt\u00e4isten k\u00e4vij\u00f6iden m\u00e4\u00e4r\u00e4 oli 523. Tulot ja menot meniv\u00e4t suurinpiirtein tasan. Vieraat ja &#8221;henkil\u00f6kunta&#8221; viihtyiv\u00e4t. Jos resursseja ja voimia riitt\u00e4\u00e4 ensi vuonna uudelleen.<\/p>\n<p>Foto: Borg &amp; Falben.<\/p>\n","protected":false},"excerpt":{"rendered":"<p>Kes\u00e4kahvilan viimeinen perjantai. Aika siivota m\u00f6kilt\u00e4 pois kes\u00e4kahvilan j\u00e4ljet. P\u00e4iv\u00e4n ruokalistalla oli kaalilaatikkoa. Perinteellist\u00e4 suomalaista ruokaa. Kes\u00e4kahvilan ruokalistallahan oli &#8221;P\u00e4iv\u00e4n soppa&#8221;. Kaikkina p\u00e4ivin\u00e4 ei varsinaista soppaa tarjoiltu, mutta jos muuta tarjoiltiin, niin sekin laskettiin sopaksi, kuten p\u00e4iv\u00e4n kaalilaatikko. Mmmmm&#8230; maistuuhan &hellip; <a href=\"http:\/\/uumajalaiset.se\/?p=3605\">L\u00e4s mer <span class=\"meta-nav\">&rarr;<\/span><\/a><\/p>\n","protected":false},"author":1,"featured_media":0,"comment_status":"closed","ping_status":"closed","sticky":false,"template":"","format":"gallery","meta":{"footnotes":""},"categories":[8],"tags":[],"class_list":["post-3605","post","type-post","status-publish","format-gallery","hentry","category-uutiset-2","post_format-post-format-gallery"],"_links":{"self":[{"href":"http:\/\/uumajalaiset.se\/index.php?rest_route=\/wp\/v2\/posts\/3605","targetHints":{"allow":["GET"]}}],"collection":[{"href":"http:\/\/uumajalaiset.se\/index.php?rest_route=\/wp\/v2\/posts"}],"about":[{"href":"http:\/\/uumajalaiset.se\/index.php?rest_route=\/wp\/v2\/types\/post"}],"author":[{"embeddable":true,"href":"http:\/\/uumajalaiset.se\/index.php?rest_route=\/wp\/v2\/users\/1"}],"replies":[{"embeddable":true,"href":"http:\/\/uumajalaiset.se\/index.php?rest_route=%2Fwp%2Fv2%2Fcomments&post=3605"}],"version-history":[{"count":8,"href":"http:\/\/uumajalaiset.se\/index.php?rest_route=\/wp\/v2\/posts\/3605\/revisions"}],"predecessor-version":[{"id":3670,"href":"http:\/\/uumajalaiset.se\/index.php?rest_route=\/wp\/v2\/posts\/3605\/revisions\/3670"}],"wp:attachment":[{"href":"http:\/\/uumajalaiset.se\/index.php?rest_route=%2Fwp%2Fv2%2Fmedia&parent=3605"}],"wp:term":[{"taxonomy":"category","embeddable":true,"href":"http:\/\/uumajalaiset.se\/index.php?rest_route=%2Fwp%2Fv2%2Fcategories&post=3605"},{"taxonomy":"post_tag","embeddable":true,"href":"http:\/\/uumajalaiset.se\/index.php?rest_route=%2Fwp%2Fv2%2Ftags&post=3605"}],"curies":[{"name":"wp","href":"https:\/\/api.w.org\/{rel}","templated":true}]}}