{"id":453,"date":"2012-01-20T12:15:18","date_gmt":"2012-01-20T12:15:18","guid":{"rendered":"http:\/\/uumajalaiset.se\/?p=453"},"modified":"2012-01-20T16:18:45","modified_gmt":"2012-01-20T16:18:45","slug":"sisuradio-hakee-entisia-suomiluokkalaisia","status":"publish","type":"post","link":"http:\/\/uumajalaiset.se\/?p=453","title":{"rendered":"Sisuradio hakee entisi\u00e4 suomiluokkalaisia"},"content":{"rendered":"<p><strong>Kerhon s\u00e4hk\u00f6postiin oli tullut seuraava kirje:<\/strong><\/p>\n<p>Hei!<br \/>\nKirjoittelen Tukholmasta Sisuradiosta ja etsimme entisi\u00e4 suomiluokkalaisia.Kyse on projektista, joka on l\u00e4htenyt liikeelle ohjelmaideasta seurata 70-luvun suomalaisluokkalaisten el\u00e4m\u00e4nvaiheita.<\/p>\n<p>Ajattelin kysell\u00e4 teid\u00e4n kautta, osaisitteko antaa vinkkej\u00e4, miten voisimme l\u00f6yt\u00e4\u00e4 suomalaista luokkaa k\u00e4yneit\u00e4 tai muutoin suomen kielt\u00e4 opiskelleita?<\/p>\n<p>Meille riitt\u00e4isi tieto henkil\u00f6n nimest\u00e4, mit\u00e4 koulua\/luokkaa h\u00e4n on k\u00e4ynyt ja mahdolliset yhteystiedot. Haemme p\u00e4\u00e4s\u00e4\u00e4nt\u00f6isesti henkil\u00f6it\u00e4, jotka ovat olleet suomenkielisell\u00e4 luokalla 70-luvun loppupuoliskolla tai 80-luvun alussa ja tarkoituksena on tehd\u00e4 suomalaisluokkalaisista ohjelmasarja joka l\u00e4hetet\u00e4\u00e4n syksyll\u00e4.<\/p>\n<p>Oikein paljon kiitoksia jo etuk\u00e4teen. Mukavaa talven jatkoa ja iloa suomalaisseurojen toimintaan!<\/p>\n<p>Yst\u00e4v\u00e4llisin terveisin,<br \/>\n<a href=\"mailto:paivi.milanovic@sverigesradio.se\">P\u00e4ivi Milanovic<\/a>, Sveriges Radio Sisuradio, 105 10 Stockholm<br \/>\n<a href=\"http:\/\/www.sverigesradio.se\/sisuradio\">www.sverigesradio.se\/sisuradio<\/a><br \/>\nBes\u00f6k\/K\u00e4yntiosoite: Oxenstiernsgatan 20, RH-4A<\/p>\n","protected":false},"excerpt":{"rendered":"<p>Kerhon s\u00e4hk\u00f6postiin oli tullut seuraava kirje: Hei! Kirjoittelen Tukholmasta Sisuradiosta ja etsimme entisi\u00e4 suomiluokkalaisia.Kyse on projektista, joka on l\u00e4htenyt liikeelle ohjelmaideasta seurata 70-luvun suomalaisluokkalaisten el\u00e4m\u00e4nvaiheita. Ajattelin kysell\u00e4 teid\u00e4n kautta, osaisitteko antaa vinkkej\u00e4, miten voisimme l\u00f6yt\u00e4\u00e4 suomalaista luokkaa k\u00e4yneit\u00e4 tai muutoin &hellip; <a href=\"http:\/\/uumajalaiset.se\/?p=453\">L\u00e4s mer <span class=\"meta-nav\">&rarr;<\/span><\/a><\/p>\n","protected":false},"author":1,"featured_media":0,"comment_status":"open","ping_status":"open","sticky":false,"template":"","format":"gallery","meta":{"footnotes":""},"categories":[8],"tags":[],"class_list":["post-453","post","type-post","status-publish","format-gallery","hentry","category-uutiset-2","post_format-post-format-gallery"],"_links":{"self":[{"href":"http:\/\/uumajalaiset.se\/index.php?rest_route=\/wp\/v2\/posts\/453","targetHints":{"allow":["GET"]}}],"collection":[{"href":"http:\/\/uumajalaiset.se\/index.php?rest_route=\/wp\/v2\/posts"}],"about":[{"href":"http:\/\/uumajalaiset.se\/index.php?rest_route=\/wp\/v2\/types\/post"}],"author":[{"embeddable":true,"href":"http:\/\/uumajalaiset.se\/index.php?rest_route=\/wp\/v2\/users\/1"}],"replies":[{"embeddable":true,"href":"http:\/\/uumajalaiset.se\/index.php?rest_route=%2Fwp%2Fv2%2Fcomments&post=453"}],"version-history":[{"count":2,"href":"http:\/\/uumajalaiset.se\/index.php?rest_route=\/wp\/v2\/posts\/453\/revisions"}],"predecessor-version":[{"id":455,"href":"http:\/\/uumajalaiset.se\/index.php?rest_route=\/wp\/v2\/posts\/453\/revisions\/455"}],"wp:attachment":[{"href":"http:\/\/uumajalaiset.se\/index.php?rest_route=%2Fwp%2Fv2%2Fmedia&parent=453"}],"wp:term":[{"taxonomy":"category","embeddable":true,"href":"http:\/\/uumajalaiset.se\/index.php?rest_route=%2Fwp%2Fv2%2Fcategories&post=453"},{"taxonomy":"post_tag","embeddable":true,"href":"http:\/\/uumajalaiset.se\/index.php?rest_route=%2Fwp%2Fv2%2Ftags&post=453"}],"curies":[{"name":"wp","href":"https:\/\/api.w.org\/{rel}","templated":true}]}}