{"id":4673,"date":"2013-02-05T11:30:44","date_gmt":"2013-02-05T11:30:44","guid":{"rendered":"http:\/\/uumajalaiset.se\/?p=4673"},"modified":"2013-02-15T13:55:30","modified_gmt":"2013-02-15T13:55:30","slug":"delegaatiolle-uusi-puheenjohtaja","status":"publish","type":"post","link":"http:\/\/uumajalaiset.se\/?p=4673","title":{"rendered":"Delegaatiolle uusi puheenjohtaja"},"content":{"rendered":"<p>Henkil\u00f6valinnat olivat Suomen kielen delegaation raskain pyk\u00e4l\u00e4 maanantai-illan kokouksessa. Delegaation puheenjohtajana on toiminut Tapio Tamminen. Jari Prosi valittiin Suomen kielen delegaation puheenjohtajaksi vuodelle 2013.\u00a0Raili Borg jatkaa Delegaation varapuheenjohtajana. Jaakko Honkanen valittiin sihteeriksi ja h\u00e4nelle varaksi Seija Dahlgren.<br \/>\n<a href=\"http:\/\/uumajalaiset.se\/?attachment_id=4674\" rel=\"attachment wp-att-4674\"><img loading=\"lazy\" decoding=\"async\" title=\"2013-02-04delegaatio (1)\" alt=\"\" src=\"http:\/\/media.uumajalaiset.se\/2013\/02\/2013-02-04delegaatio-1.jpg\" width=\"600\" height=\"450\" \/><\/a><br \/>\nKokouksessa oli mukavasti osallistujia: Sven-Ola Hietala Tornionjokilaaksolaisten yhdistyksest\u00e4, Satu Lindgren Uumajan romaneista, Seija Dahlgren Ruotsin kirkon suomenkielisest\u00e4 toiminnasta, Saara Minkkinen Uumajan N\u00e4k\u00f6vammaisten yhdistyksest\u00e4, Jukka Linnan Hissin vanhemmista ja Mika Suominen \u00e4idinkielenopetuksessa olevien lasten vanhemmista, ex-puheenjohtaja Tapio Tamminen, Raili Borg, Olli Falben ja Jaakko Honkanen Uumajan Suomalaisesta Kerhosta, sek\u00e4 Mirjami Kiviniemi, el\u00e4kel\u00e4isjaosto Ikinuorten edustaja.<br \/>\n<a href=\"http:\/\/uumajalaiset.se\/?attachment_id=4675\" rel=\"attachment wp-att-4675\"><img loading=\"lazy\" decoding=\"async\" class=\"alignnone size-full wp-image-4675\" title=\"2013-02-04delegaatio (2)\" alt=\"\" src=\"http:\/\/media.uumajalaiset.se\/2013\/02\/2013-02-04delegaatio-2.jpg\" width=\"600\" height=\"450\" srcset=\"http:\/\/media.uumajalaiset.se\/2013\/02\/2013-02-04delegaatio-2.jpg 600w, http:\/\/media.uumajalaiset.se\/2013\/02\/2013-02-04delegaatio-2-150x112.jpg 150w, http:\/\/media.uumajalaiset.se\/2013\/02\/2013-02-04delegaatio-2-300x225.jpg 300w, http:\/\/media.uumajalaiset.se\/2013\/02\/2013-02-04delegaatio-2-500x375.jpg 500w, http:\/\/media.uumajalaiset.se\/2013\/02\/2013-02-04delegaatio-2-400x300.jpg 400w\" sizes=\"auto, (max-width: 600px) 100vw, 600px\" \/><\/a><br \/>\nValintoja Delegaation eri\u00a0ty\u00f6ryhmiin tehtiin\u00a0seuraavasti:<\/p>\n<p><strong>Kouluty\u00f6ryhm\u00e4:<\/strong><br \/>\n<strong>Tarja Backman,<\/strong> opettajat<br \/>\n<strong>Jukka Linna,<\/strong> Hissin vanhemmat<br \/>\n<strong>Mika Suominen,<\/strong> \u00c4idinkielenopetuksessa olevien lasten vanhemmat<br \/>\n<strong>Satu Lindgren,<\/strong> Uumajan romanit<\/p>\n<p><strong>Sosiaality\u00f6ryhm\u00e4:<\/strong><br \/>\n<strong>Seija Dahlgren,<\/strong> Suomenkielinen seurakuntaty\u00f6<br \/>\n<strong>Saara Minkkinen,<\/strong> N\u00e4k\u00f6vammaisten yhdistys<br \/>\n<strong>Mirjami Kiviniemi<br \/>\nPirkko Hirvonen<br \/>\n<\/strong>Varalla:<strong> Heikki Vihtari ja Liisa Suojanen<\/strong><\/p>\n<p><strong>Kultturity\u00f6ryhm\u00e4:<\/strong><br \/>\n<strong>Raili Borg,<\/strong> Uumajan Suomalainen Kerho<br \/>\n<strong>Sven-Ola Hietala,<\/strong> Uumajan Tornionjokilaaksolaiset<br \/>\n<strong>Satu Lindgren<\/strong>, Uumajan romanit<br \/>\n<strong>Pirkko Hirvonen, <\/strong>Teatteriryhm\u00e4 Kirput<\/p>\n<p><strong>Tiedotusty\u00f6ryhm\u00e4:<\/strong><br \/>\n<strong>Raili Borg,<\/strong> Uumajan Suomalainen Kerho<br \/>\n<strong>Olli Falben,<\/strong> Uumajan Suomalainen Kerho<br \/>\n<strong>Juha Niemi,<\/strong> Uumajan Suomalainen Kerho<\/p>\n<p><a href=\"http:\/\/uumajalaiset.se\/?attachment_id=4676\" rel=\"attachment wp-att-4676\"><img loading=\"lazy\" decoding=\"async\" title=\"2013-02-04delegaatio (3)\" alt=\"\" src=\"http:\/\/media.uumajalaiset.se\/2013\/02\/2013-02-04delegaatio-3.jpg\" width=\"600\" height=\"450\" \/><\/a><br \/>\nTapio Tamminen vapautui teht\u00e4v\u00e4st\u00e4\u00e4n puheenjohtajana.<br \/>\n&#8211; Ei minun \u00e4\u00e4neni silti lakkaa kuulumasta,\u00a0uskoi Tamminen. &#8211; Muitakin vaikuttamismahdollisuuksia kun Suomen kielen delegaatio on.<\/p>\n<p>Delegaatio p\u00e4\u00e4tti lis\u00e4t\u00e4 jo hyv\u00e4ksym\u00e4\u00e4ns\u00e4 budgettiehdotukseen kirjelm\u00e4n, jossa todetaan, ett\u00e4 Delegaatio haluaa vuoden aikana keskustella kunnan kanssa siit\u00e4, miten ne tarpeet, joita ei voida t\u00e4ytt\u00e4\u00e4 hallintoaluerahoista, aiotaan tulevaisuudessa t\u00e4ytt\u00e4\u00e4.<\/p>\n","protected":false},"excerpt":{"rendered":"<p>Henkil\u00f6valinnat olivat Suomen kielen delegaation raskain pyk\u00e4l\u00e4 maanantai-illan kokouksessa. Delegaation puheenjohtajana on toiminut Tapio Tamminen. Jari Prosi valittiin Suomen kielen delegaation puheenjohtajaksi vuodelle 2013.\u00a0Raili Borg jatkaa Delegaation varapuheenjohtajana. Jaakko Honkanen valittiin sihteeriksi ja h\u00e4nelle varaksi Seija Dahlgren. Kokouksessa oli mukavasti &hellip; <a href=\"http:\/\/uumajalaiset.se\/?p=4673\">L\u00e4s mer <span class=\"meta-nav\">&rarr;<\/span><\/a><\/p>\n","protected":false},"author":1,"featured_media":0,"comment_status":"closed","ping_status":"closed","sticky":false,"template":"","format":"gallery","meta":{"footnotes":""},"categories":[8],"tags":[],"class_list":["post-4673","post","type-post","status-publish","format-gallery","hentry","category-uutiset-2","post_format-post-format-gallery"],"_links":{"self":[{"href":"http:\/\/uumajalaiset.se\/index.php?rest_route=\/wp\/v2\/posts\/4673","targetHints":{"allow":["GET"]}}],"collection":[{"href":"http:\/\/uumajalaiset.se\/index.php?rest_route=\/wp\/v2\/posts"}],"about":[{"href":"http:\/\/uumajalaiset.se\/index.php?rest_route=\/wp\/v2\/types\/post"}],"author":[{"embeddable":true,"href":"http:\/\/uumajalaiset.se\/index.php?rest_route=\/wp\/v2\/users\/1"}],"replies":[{"embeddable":true,"href":"http:\/\/uumajalaiset.se\/index.php?rest_route=%2Fwp%2Fv2%2Fcomments&post=4673"}],"version-history":[{"count":5,"href":"http:\/\/uumajalaiset.se\/index.php?rest_route=\/wp\/v2\/posts\/4673\/revisions"}],"predecessor-version":[{"id":4678,"href":"http:\/\/uumajalaiset.se\/index.php?rest_route=\/wp\/v2\/posts\/4673\/revisions\/4678"}],"wp:attachment":[{"href":"http:\/\/uumajalaiset.se\/index.php?rest_route=%2Fwp%2Fv2%2Fmedia&parent=4673"}],"wp:term":[{"taxonomy":"category","embeddable":true,"href":"http:\/\/uumajalaiset.se\/index.php?rest_route=%2Fwp%2Fv2%2Fcategories&post=4673"},{"taxonomy":"post_tag","embeddable":true,"href":"http:\/\/uumajalaiset.se\/index.php?rest_route=%2Fwp%2Fv2%2Ftags&post=4673"}],"curies":[{"name":"wp","href":"https:\/\/api.w.org\/{rel}","templated":true}]}}