{"id":4923,"date":"2013-02-14T20:07:07","date_gmt":"2013-02-14T20:07:07","guid":{"rendered":"http:\/\/uumajalaiset.se\/?p=4923"},"modified":"2013-02-15T20:19:58","modified_gmt":"2013-02-15T20:19:58","slug":"maakarajat-neuvottelivat-yhdistysten-ja-piirin-kanssa","status":"publish","type":"post","link":"http:\/\/uumajalaiset.se\/?p=4923","title":{"rendered":"Maak\u00e4r\u00e4j\u00e4t neuvottelivat yhdistysten ja piirin kanssa"},"content":{"rendered":"<p><a href=\"http:\/\/media.uumajalaiset.se\/2013\/02\/2013-02-14lansting-2.jpg\"><img loading=\"lazy\" decoding=\"async\" class=\"alignnone size-full wp-image-4925\" alt=\"2013-02-14lansting (2)\" src=\"http:\/\/media.uumajalaiset.se\/2013\/02\/2013-02-14lansting-2.jpg\" width=\"600\" height=\"450\" srcset=\"http:\/\/media.uumajalaiset.se\/2013\/02\/2013-02-14lansting-2.jpg 600w, http:\/\/media.uumajalaiset.se\/2013\/02\/2013-02-14lansting-2-150x112.jpg 150w, http:\/\/media.uumajalaiset.se\/2013\/02\/2013-02-14lansting-2-300x225.jpg 300w, http:\/\/media.uumajalaiset.se\/2013\/02\/2013-02-14lansting-2-500x375.jpg 500w, http:\/\/media.uumajalaiset.se\/2013\/02\/2013-02-14lansting-2-400x300.jpg 400w\" sizes=\"auto, (max-width: 600px) 100vw, 600px\" \/><\/a><br \/>\nVideokonferenssi Uumajan, Skellefte\u00e5n ja Lyckselen v\u00e4lill\u00e4 oli se menetelm\u00e4, jonka kautta L\u00e4nsipohjan maak\u00e4r\u00e4j\u00e4t neuvotteli l\u00e4\u00e4nin suomenkielisten yhdistysten ja piirin kanssa.<\/p>\n<p><strong>14\/2 Neuvottelu Lanstingetin kanssa hallintoalueasioista<br \/>\n<\/strong><br \/>\n<strong>Tiedotus, Lanstingetin kotisivu: <\/strong>Vll:n etusivulla ei t\u00e4n\u00e4\u00e4n ole linkki\u00e4 suomenkieliseen tiedotukseen. Etusivulta l\u00f6ytyy vain linkki viittomakieliseen sivuun ja suomenkielinen tieto on \u201dOther languages\u201d -&gt; \u201dfinska\u201d:n takana. Olemme aikaisemmin keskustelleet Lanstingetin kanssa siit\u00e4, ett\u00e4 suomenkielinen tiedotus on saatava helpommin l\u00f6ytyv\u00e4ksi. \u00a0Nyt kertoi Ann-Sofi Grenholm olleensa taas yhteydess\u00e4 Lanstingetin tiedotusosastoon ja ett\u00e4 Suomeksi (ja saameksi) linkit tulevat nyt etusivulle viittomakielen viereen.<\/p>\n<p><strong>Tiedotteet:<\/strong> Ann-Sofi Grenholm kertoi my\u00f6s kolmesta tiedotteesta, jotka oli k\u00e4\u00e4nnetty suomeksi.\u00a0 Yksi niist\u00e4 oli nimelt\u00e4\u00e4n \u201dS\u00e4\u00e4nn\u00f6t ja oikeudet\u201d, josta tosin puuttui tieto oikeuksista v\u00e4hemmist\u00f6n\u00e4. Ehdotimme, ett\u00e4\u00a0 t\u00e4h\u00e4n tiedotteeseen lis\u00e4t\u00e4\u00e4n sivu, jossa kerrotaan, mitk\u00e4 oikeudet hoitoa hakevilla henkil\u00f6ill\u00e4 on v\u00e4hemmist\u00f6\u00f6n kuuluvina yksil\u00f6in\u00e4.<\/p>\n<p><strong>Esitteet odotushuoneisiin:<\/strong> Keskustelimme esitteest\u00e4 odotushuoneisiin, josta olemme puhuneet aikaisemmi. Ann-Sofi uskoi, ett\u00e4 riitt\u00e4\u00e4, jos materiaalia laitetaan kotisivulle, jolloin esitett\u00e4 ei en\u00e4\u00e4 tarvita. Yritimme selvitt\u00e4\u00e4 sit\u00e4, ett\u00e4 on ruosuista on suuri ryhm\u00e4 vanhuksia, jotka eiv\u00e4t osaa k\u00e4ytt\u00e4\u00e4 eiv\u00e4tk\u00e4 k\u00e4yt\u00e4 netti\u00e4, jolloin he j\u00e4isiv\u00e4t tiedotuksen ulkopuolelle. Esite\/esitteit\u00e4 terveyskaskuksiin ja lastenhoitokeskuksiin ja se olisi todella t\u00e4rke\u00e4 lis\u00e4 nettitiedotukselle.<\/p>\n<p>Kaikki sairaat yleens\u00e4 menev\u00e4t hoitoon terveyskeskuksien kautta, jolloin t\u00e4t\u00e4 kautta voi saada k\u00e4siins\u00e4 kaikki sairaat. Lastenhoitokeskuksista voivat toisen ja kolmannen sukupolven ruosut l\u00f6yt\u00e4\u00e4 lapsilleen tien hukattuun \u00e4idin tai is\u00e4n kieleen, jos he saavat tiet\u00e4\u00e4 oikeuksistaan.<\/p>\n<p><strong>N\u00e4kyvyys:<\/strong> Liputetaan Suomen lipuilla sek\u00e4 24.2 ett\u00e4 6.12.<\/p>\n<p><strong>Suomenkielisen hoidon organisoiminen niin, ett\u00e4 saadaan suomenkielisi\u00e4 hoitoyksikk\u00f6j\u00e4: <\/strong>Terveyskeskukset eiv\u00e4t kuulu Maak\u00e4r\u00e4jien p\u00e4\u00e4t\u00e4nt\u00e4vallan alle, vaan ovat jokainen itsen\u00e4isi\u00e4 yksikk\u00f6j\u00e4. Siksi olemme tulleet siihen tulokseen, ett\u00e4 on parasta yritt\u00e4\u00e4 saada jokainen terveyskeskus, jossa on suomenkielist\u00e4 henkil\u00f6kuntaa mainostamaan suomenkielist\u00e4 palvelua, kertomaan siit\u00e4 julkisesti ett\u00e4 t\u00e4\u00e4ll\u00e4 palvellaan suomen kielell\u00e4. Harriet Hedlund \u00a0oli ottanut yhtytt\u00e4 terveyskeskuksiin (terveyskeskusjengin pomo), ett\u00e4 he informoivat siit\u00e4, ett\u00e4 heill\u00e4 on suomenkielist\u00e4 henkil\u00f6kuntaa.<\/p>\n<p>Samoin pit\u00e4is saada ne terveyskeskukset, joilla on jo hyv\u00e4 pohja (esimerkiksi Mariehemin terveyskeskus, jossa t\u00e4ll\u00e4 hetkell\u00e4 on kolme suomea taitavaa l\u00e4\u00e4k\u00e4ri\u00e4) aktiivisesti rekrytoimaan kaksikielist\u00e4 henkil\u00f6kuntaa.\u00a0 T\u00e4m\u00e4 on seuraava askel.<\/p>\n<p>Lanstinget pit\u00e4isi saada my\u00f6s kartoittamaan koko suomenkielisen henkil\u00f6kunnan m\u00e4\u00e4r\u00e4, mutta siihen he eiv\u00e4t viel\u00e4 ole suostuneet. Lanstinget, sek\u00e4 poliitikot ett\u00e4 virkamies, v\u00e4itt\u00e4v\u00e4t, ett\u00e4 kartoituksen tekeminen on mahdotonta, koska henkil\u00f6kunta on liikkuvaa. No, joka tapauksessa vaadimme t\u00e4ll\u00e4kin kerralla sit\u00e4, ett\u00e4\u00a0 Lanstingetin tulee kartoittaa kaikki osastot ja kaikki resurssit saadakseen selville mink\u00e4laiset mahdollisuudet Lanstingetill\u00e4 on vastaa suomenkielisten potilaiden tarpeisiin.<\/p>\n<p><strong>Kulttuuri:<\/strong> Keskustelimme my\u00f6s Kulttuurista. Kulttuurihan kuuluu Region V\u00e4sterbottenin eik\u00e4 Lanstingetin alaisuuteen. P\u00e4\u00e4tiimme, ett\u00e4 suraavaan kokoukseen kutsumme jonkun virkamiehen joka toimii kulttuurin parissa (Bella Lawson on lopettanut, mutta h\u00e4nen seuraajansa.<\/p>\n<p><strong>Edustus: <\/strong>Suomen kieliset yhdistykset miettiv\u00e4t, onko t\u00e4m\u00e4 edustustapa paras, Onko muita, jotka tarvitsevat edustusta (esim. Suomen kielen delegaatio Uumajassa).<\/p>\n<p><strong>Palkkiot:<\/strong> Olemme aikaisemmin ehdottaneet, ett\u00e4 Lanstingetin kanssa neuvottelevat yhdistysten edustajat saavat palkkion neuvotteluajasta. Saamelaiset ottavat mieluummin matkakorvaukset. Harriet jatkaa keskustelua palkkioista saamelaisten ja politiikan kanssa. Mik\u00e4\u00e4n muu Lanstingetin neuvotteluryhm\u00e4 ei kuulemma saa palkkioita. Kerroimme tutkimuksesta joka osoittaa, ett\u00e4 ne kunnat miss\u00e4 referenssiryhm\u00e4t toimivat palkattuina, onnistuvat v\u00e4hemmist\u00f6ty\u00f6ss\u00e4 parhaiten (Cathrin Alensk\u00e4r). Muistutimme siit\u00e4, ett\u00e4 neuvotteleminen v\u00e4hemmist\u00f6jen kanssa on lakis\u00e4\u00e4teist\u00e4. Totesimme, ett\u00e4 itse haluamme nostaa v\u00e4hemmist\u00f6poliittisen ty\u00f6n samalle tasolle kuin mik\u00e4 kaikella muulla poliittisella ty\u00f6ll\u00e4 on.\u00a0 Jos poliitikot ja virkamiehet neuvottelevat palkattuina ty\u00f6ntekij\u00f6in\u00e4 ja me teemme samaa ty\u00f6t\u00e4 aatteellisella pohjalla syntyy ep\u00e4tasapaino, josta haluamme p\u00e4\u00e4st\u00e4 eroon.<br \/>\n<img loading=\"lazy\" decoding=\"async\" class=\"alignnone size-full wp-image-4924\" alt=\"2013-02-14lansting (1)\" src=\"http:\/\/media.uumajalaiset.se\/2013\/02\/2013-02-14lansting-1.jpg\" width=\"600\" height=\"450\" srcset=\"http:\/\/media.uumajalaiset.se\/2013\/02\/2013-02-14lansting-1.jpg 600w, http:\/\/media.uumajalaiset.se\/2013\/02\/2013-02-14lansting-1-150x112.jpg 150w, http:\/\/media.uumajalaiset.se\/2013\/02\/2013-02-14lansting-1-300x225.jpg 300w, http:\/\/media.uumajalaiset.se\/2013\/02\/2013-02-14lansting-1-500x375.jpg 500w, http:\/\/media.uumajalaiset.se\/2013\/02\/2013-02-14lansting-1-400x300.jpg 400w\" sizes=\"auto, (max-width: 600px) 100vw, 600px\" \/><br \/>\n<strong>Ann-Sofi Grenholm,<\/strong> maak\u00e4r\u00e4jien virkamies, <strong>Harriet Hedlund,<\/strong> poliitikko, <strong>Seija Dahlgren<\/strong>, Ruotsin kirkon suomenkielinen ty\u00f6, <strong>Saara Minkkinen<\/strong>, Uumajan N\u00e4k\u00f6vammaiset. Kameran takana <strong>Raili Borg,<\/strong> Uumajan Suomalainen Kerho.<br \/>\n<em>Raili Borg<\/em><\/p>\n","protected":false},"excerpt":{"rendered":"<p>Videokonferenssi Uumajan, Skellefte\u00e5n ja Lyckselen v\u00e4lill\u00e4 oli se menetelm\u00e4, jonka kautta L\u00e4nsipohjan maak\u00e4r\u00e4j\u00e4t neuvotteli l\u00e4\u00e4nin suomenkielisten yhdistysten ja piirin kanssa. 14\/2 Neuvottelu Lanstingetin kanssa hallintoalueasioista Tiedotus, Lanstingetin kotisivu: Vll:n etusivulla ei t\u00e4n\u00e4\u00e4n ole linkki\u00e4 suomenkieliseen tiedotukseen. Etusivulta l\u00f6ytyy vain linkki &hellip; <a href=\"http:\/\/uumajalaiset.se\/?p=4923\">L\u00e4s mer <span class=\"meta-nav\">&rarr;<\/span><\/a><\/p>\n","protected":false},"author":1,"featured_media":0,"comment_status":"closed","ping_status":"closed","sticky":false,"template":"","format":"gallery","meta":{"footnotes":""},"categories":[8],"tags":[],"class_list":["post-4923","post","type-post","status-publish","format-gallery","hentry","category-uutiset-2","post_format-post-format-gallery"],"_links":{"self":[{"href":"http:\/\/uumajalaiset.se\/index.php?rest_route=\/wp\/v2\/posts\/4923","targetHints":{"allow":["GET"]}}],"collection":[{"href":"http:\/\/uumajalaiset.se\/index.php?rest_route=\/wp\/v2\/posts"}],"about":[{"href":"http:\/\/uumajalaiset.se\/index.php?rest_route=\/wp\/v2\/types\/post"}],"author":[{"embeddable":true,"href":"http:\/\/uumajalaiset.se\/index.php?rest_route=\/wp\/v2\/users\/1"}],"replies":[{"embeddable":true,"href":"http:\/\/uumajalaiset.se\/index.php?rest_route=%2Fwp%2Fv2%2Fcomments&post=4923"}],"version-history":[{"count":6,"href":"http:\/\/uumajalaiset.se\/index.php?rest_route=\/wp\/v2\/posts\/4923\/revisions"}],"predecessor-version":[{"id":4927,"href":"http:\/\/uumajalaiset.se\/index.php?rest_route=\/wp\/v2\/posts\/4923\/revisions\/4927"}],"wp:attachment":[{"href":"http:\/\/uumajalaiset.se\/index.php?rest_route=%2Fwp%2Fv2%2Fmedia&parent=4923"}],"wp:term":[{"taxonomy":"category","embeddable":true,"href":"http:\/\/uumajalaiset.se\/index.php?rest_route=%2Fwp%2Fv2%2Fcategories&post=4923"},{"taxonomy":"post_tag","embeddable":true,"href":"http:\/\/uumajalaiset.se\/index.php?rest_route=%2Fwp%2Fv2%2Ftags&post=4923"}],"curies":[{"name":"wp","href":"https:\/\/api.w.org\/{rel}","templated":true}]}}