{"id":5412,"date":"2012-12-08T05:14:16","date_gmt":"2012-12-08T05:14:16","guid":{"rendered":"http:\/\/uumajalaiset.se\/?p=5412"},"modified":"2013-03-01T05:20:32","modified_gmt":"2013-03-01T05:20:32","slug":"gamlian-markkinoiden-valmisteluja","status":"publish","type":"post","link":"http:\/\/uumajalaiset.se\/?p=5412","title":{"rendered":"Gamlian markkinoiden valmisteluja"},"content":{"rendered":"<p><a href=\"http:\/\/media.uumajalaiset.se\/2013\/03\/2012-12-08laatikot-3.jpg\"><img loading=\"lazy\" decoding=\"async\" class=\"alignnone size-full wp-image-5415\" alt=\"2012-12-08laatikot (3)\" src=\"http:\/\/media.uumajalaiset.se\/2013\/03\/2012-12-08laatikot-3.jpg\" width=\"600\" height=\"450\" srcset=\"http:\/\/media.uumajalaiset.se\/2013\/03\/2012-12-08laatikot-3.jpg 600w, http:\/\/media.uumajalaiset.se\/2013\/03\/2012-12-08laatikot-3-150x112.jpg 150w, http:\/\/media.uumajalaiset.se\/2013\/03\/2012-12-08laatikot-3-300x225.jpg 300w, http:\/\/media.uumajalaiset.se\/2013\/03\/2012-12-08laatikot-3-500x375.jpg 500w, http:\/\/media.uumajalaiset.se\/2013\/03\/2012-12-08laatikot-3-400x300.jpg 400w\" sizes=\"auto, (max-width: 600px) 100vw, 600px\" \/><\/a><br \/>\nGammlian markkinoiden laatikot jouduttiin t\u00e4n\u00e4 vuonna paistamaan V\u00e4nnesin leivintuvalla, koska S\u00e4varin leivintupa ei en\u00e4\u00e4 ole k\u00e4yt\u00f6ss\u00e4. Hyvin se k\u00e4vi kuitenkin. T\u00e4ss\u00e4 kerhon leipomist\u00f6ihin joutuneet Olli Falben ja Osten Ollman. Alla lis\u00e4\u00e4 kuvia.<a href=\"http:\/\/media.uumajalaiset.se\/2013\/03\/2012-12-08laatikot-1.jpg\"><img loading=\"lazy\" decoding=\"async\" style=\"width: 573px; height: 446px;\" alt=\"2012-12-08laatikot (1)\" src=\"http:\/\/media.uumajalaiset.se\/2013\/03\/2012-12-08laatikot-1.jpg\" width=\"600\" height=\"450\" \/><\/a><\/p>\n<p><a href=\"http:\/\/media.uumajalaiset.se\/2013\/03\/2012-12-08laatikot-2.jpg\"><img loading=\"lazy\" decoding=\"async\" style=\"width: 575px; height: 435px;\" alt=\"2012-12-08laatikot (2)\" src=\"http:\/\/media.uumajalaiset.se\/2013\/03\/2012-12-08laatikot-2.jpg\" width=\"580\" height=\"439\" \/><\/a><br \/>\n<a href=\"http:\/\/media.uumajalaiset.se\/2013\/03\/2012-12-08laatikot-suuri.jpg\"><img loading=\"lazy\" decoding=\"async\" class=\"alignnone size-full wp-image-5418\" alt=\"2012-12-08laatikot-suuri\" src=\"http:\/\/media.uumajalaiset.se\/2013\/03\/2012-12-08laatikot-suuri.jpg\" width=\"600\" height=\"480\" srcset=\"http:\/\/media.uumajalaiset.se\/2013\/03\/2012-12-08laatikot-suuri.jpg 600w, http:\/\/media.uumajalaiset.se\/2013\/03\/2012-12-08laatikot-suuri-150x120.jpg 150w, http:\/\/media.uumajalaiset.se\/2013\/03\/2012-12-08laatikot-suuri-300x240.jpg 300w, http:\/\/media.uumajalaiset.se\/2013\/03\/2012-12-08laatikot-suuri-468x375.jpg 468w, http:\/\/media.uumajalaiset.se\/2013\/03\/2012-12-08laatikot-suuri-375x300.jpg 375w\" sizes=\"auto, (max-width: 600px) 100vw, 600px\" \/><\/a>\u00a0 <a href=\"http:\/\/media.uumajalaiset.se\/2013\/03\/2012-12-08laatikot-4.jpg\"><img loading=\"lazy\" decoding=\"async\" class=\"alignnone size-full wp-image-5416\" alt=\"2012-12-08laatikot (4)\" src=\"http:\/\/media.uumajalaiset.se\/2013\/03\/2012-12-08laatikot-4.jpg\" width=\"600\" height=\"450\" srcset=\"http:\/\/media.uumajalaiset.se\/2013\/03\/2012-12-08laatikot-4.jpg 600w, http:\/\/media.uumajalaiset.se\/2013\/03\/2012-12-08laatikot-4-150x112.jpg 150w, http:\/\/media.uumajalaiset.se\/2013\/03\/2012-12-08laatikot-4-300x225.jpg 300w, http:\/\/media.uumajalaiset.se\/2013\/03\/2012-12-08laatikot-4-500x375.jpg 500w, http:\/\/media.uumajalaiset.se\/2013\/03\/2012-12-08laatikot-4-400x300.jpg 400w\" sizes=\"auto, (max-width: 600px) 100vw, 600px\" \/><\/a>\u00a0 <a href=\"http:\/\/media.uumajalaiset.se\/2013\/03\/2012-12-08laatikot-5.jpg\"><img loading=\"lazy\" decoding=\"async\" alt=\"2012-12-08laatikot (5)\" src=\"http:\/\/media.uumajalaiset.se\/2013\/03\/2012-12-08laatikot-5.jpg\" width=\"600\" height=\"450\" \/><\/a><\/p>\n","protected":false},"excerpt":{"rendered":"<p>Gammlian markkinoiden laatikot jouduttiin t\u00e4n\u00e4 vuonna paistamaan V\u00e4nnesin leivintuvalla, koska S\u00e4varin leivintupa ei en\u00e4\u00e4 ole k\u00e4yt\u00f6ss\u00e4. Hyvin se k\u00e4vi kuitenkin. T\u00e4ss\u00e4 kerhon leipomist\u00f6ihin joutuneet Olli Falben ja Osten Ollman. Alla lis\u00e4\u00e4 kuvia. \u00a0 \u00a0<\/p>\n","protected":false},"author":1,"featured_media":0,"comment_status":"closed","ping_status":"closed","sticky":false,"template":"","format":"gallery","meta":{"footnotes":""},"categories":[8],"tags":[],"class_list":["post-5412","post","type-post","status-publish","format-gallery","hentry","category-uutiset-2","post_format-post-format-gallery"],"_links":{"self":[{"href":"http:\/\/uumajalaiset.se\/index.php?rest_route=\/wp\/v2\/posts\/5412","targetHints":{"allow":["GET"]}}],"collection":[{"href":"http:\/\/uumajalaiset.se\/index.php?rest_route=\/wp\/v2\/posts"}],"about":[{"href":"http:\/\/uumajalaiset.se\/index.php?rest_route=\/wp\/v2\/types\/post"}],"author":[{"embeddable":true,"href":"http:\/\/uumajalaiset.se\/index.php?rest_route=\/wp\/v2\/users\/1"}],"replies":[{"embeddable":true,"href":"http:\/\/uumajalaiset.se\/index.php?rest_route=%2Fwp%2Fv2%2Fcomments&post=5412"}],"version-history":[{"count":1,"href":"http:\/\/uumajalaiset.se\/index.php?rest_route=\/wp\/v2\/posts\/5412\/revisions"}],"predecessor-version":[{"id":5419,"href":"http:\/\/uumajalaiset.se\/index.php?rest_route=\/wp\/v2\/posts\/5412\/revisions\/5419"}],"wp:attachment":[{"href":"http:\/\/uumajalaiset.se\/index.php?rest_route=%2Fwp%2Fv2%2Fmedia&parent=5412"}],"wp:term":[{"taxonomy":"category","embeddable":true,"href":"http:\/\/uumajalaiset.se\/index.php?rest_route=%2Fwp%2Fv2%2Fcategories&post=5412"},{"taxonomy":"post_tag","embeddable":true,"href":"http:\/\/uumajalaiset.se\/index.php?rest_route=%2Fwp%2Fv2%2Ftags&post=5412"}],"curies":[{"name":"wp","href":"https:\/\/api.w.org\/{rel}","templated":true}]}}