{"id":5425,"date":"2012-11-14T05:43:21","date_gmt":"2012-11-14T05:43:21","guid":{"rendered":"http:\/\/uumajalaiset.se\/?p=5425"},"modified":"2013-03-01T05:47:47","modified_gmt":"2013-03-01T05:47:47","slug":"5425","status":"publish","type":"post","link":"http:\/\/uumajalaiset.se\/?p=5425","title":{"rendered":"Maak\u00e4r\u00e4j\u00e4t ja v\u00e4hemmist\u00f6 neuvottelivat"},"content":{"rendered":"<p>V\u00e4sterbottenin maak\u00e4r\u00e4j\u00e4t keskustelivat ruotsinsuomalaisen v\u00e4hemmist\u00f6n kanssa Skellefte\u00e5ssa.<a href=\"http:\/\/media.uumajalaiset.se\/2013\/03\/2012-11-14-samr\u00e5dsm\u00f6te-Lanstinget-1.jpg\"><img loading=\"lazy\" decoding=\"async\" alt=\"2012-11-14 samr\u00e5dsm\u00f6te Lanstinget (1)\" src=\"http:\/\/media.uumajalaiset.se\/2013\/03\/2012-11-14-samr\u00e5dsm\u00f6te-Lanstinget-1.jpg\" width=\"600\" height=\"450\" \/><\/a><br \/>\nMaak\u00e4r\u00e4jien\u00a0puolelta keskustelijoina olivat Harriet Hedlund,\u00a0 poliitikko, ja Ann-Sofi Gr\u00f6nholm, virkamies.<br \/>\n<a href=\"http:\/\/media.uumajalaiset.se\/2013\/03\/2012-11-14-samr\u00e5dsm\u00f6te-Lanstinget-2.jpg\"><img loading=\"lazy\" decoding=\"async\" class=\"alignnone size-full wp-image-5427\" alt=\"2012-11-14 samr\u00e5dsm\u00f6te Lanstinget (2)\" src=\"http:\/\/media.uumajalaiset.se\/2013\/03\/2012-11-14-samr\u00e5dsm\u00f6te-Lanstinget-2.jpg\" width=\"600\" height=\"450\" srcset=\"http:\/\/media.uumajalaiset.se\/2013\/03\/2012-11-14-samr\u00e5dsm\u00f6te-Lanstinget-2.jpg 600w, http:\/\/media.uumajalaiset.se\/2013\/03\/2012-11-14-samr\u00e5dsm\u00f6te-Lanstinget-2-150x112.jpg 150w, http:\/\/media.uumajalaiset.se\/2013\/03\/2012-11-14-samr\u00e5dsm\u00f6te-Lanstinget-2-300x225.jpg 300w, http:\/\/media.uumajalaiset.se\/2013\/03\/2012-11-14-samr\u00e5dsm\u00f6te-Lanstinget-2-500x375.jpg 500w, http:\/\/media.uumajalaiset.se\/2013\/03\/2012-11-14-samr\u00e5dsm\u00f6te-Lanstinget-2-400x300.jpg 400w\" sizes=\"auto, (max-width: 600px) 100vw, 600px\" \/><\/a><br \/>\nRuotsinsuomalaisten Keskusliiton Pohjois-Ruotsin piirin puheenjohtaja Sinikka Lindqvist, N\u00e4k\u00f6vammaisten yhdistyksen puheenjohtaja Saara Minkkinen, Ruotsin kirkon suomalaisen ty\u00f6 puheenjohtaja Seija Dahlgren ja Andreas L\u00f6venh\u00f6\u00f6k, poliitikko.<br \/>\n<a href=\"http:\/\/media.uumajalaiset.se\/2013\/03\/2012-11-14-samr\u00e5dsm\u00f6te-Lanstinget-3.jpg\"><img loading=\"lazy\" decoding=\"async\" class=\"alignnone size-full wp-image-5428\" alt=\"2012-11-14 samr\u00e5dsm\u00f6te Lanstinget (3)\" src=\"http:\/\/media.uumajalaiset.se\/2013\/03\/2012-11-14-samr\u00e5dsm\u00f6te-Lanstinget-3.jpg\" width=\"600\" height=\"450\" srcset=\"http:\/\/media.uumajalaiset.se\/2013\/03\/2012-11-14-samr\u00e5dsm\u00f6te-Lanstinget-3.jpg 600w, http:\/\/media.uumajalaiset.se\/2013\/03\/2012-11-14-samr\u00e5dsm\u00f6te-Lanstinget-3-150x112.jpg 150w, http:\/\/media.uumajalaiset.se\/2013\/03\/2012-11-14-samr\u00e5dsm\u00f6te-Lanstinget-3-300x225.jpg 300w, http:\/\/media.uumajalaiset.se\/2013\/03\/2012-11-14-samr\u00e5dsm\u00f6te-Lanstinget-3-500x375.jpg 500w, http:\/\/media.uumajalaiset.se\/2013\/03\/2012-11-14-samr\u00e5dsm\u00f6te-Lanstinget-3-400x300.jpg 400w\" sizes=\"auto, (max-width: 600px) 100vw, 600px\" \/><\/a><br \/>\nNeuvottelutilaisuus her\u00e4tti monia t\u00e4rkeit\u00e4 periaattellisia kysymyksi\u00e4 sek\u00e4 itse neuvonpidosta ett\u00e4 vahemmist\u00f6lains\u00e4\u00e4d\u00e4nn\u00f6n tulkitsemisesta ja k\u00e4yt\u00e4nn\u00f6st\u00e4.<br \/>\nNeuvottelut Maak\u00e4r\u00e4jien kanssa tulevat olemaan pitk\u00e4veteisi\u00e4ja hankalia, koska osapuolet t\u00e4ll\u00e4 hetkelle\u00a0ovat t\u00e4ysin omilla aaltopituuksillaan. Kokous p\u00e4\u00e4tti kuitenkin satsata ruotsinsuomalaisten terveyteen 50 000 kruunulla\u00a0<a title=\"Skellefte\u00e5ssa j\u00e4rjest\u00e4ydyttin ja opeteltiin terveytt\u00e4\" href=\"http:\/\/uumajalaiset.se\/?p=4686\" target=\"_blank\">Skellefte\u00e5n terveyskursseilla <\/a>vuoden alussa.<\/p>\n","protected":false},"excerpt":{"rendered":"<p>V\u00e4sterbottenin maak\u00e4r\u00e4j\u00e4t keskustelivat ruotsinsuomalaisen v\u00e4hemmist\u00f6n kanssa Skellefte\u00e5ssa. Maak\u00e4r\u00e4jien\u00a0puolelta keskustelijoina olivat Harriet Hedlund,\u00a0 poliitikko, ja Ann-Sofi Gr\u00f6nholm, virkamies. Ruotsinsuomalaisten Keskusliiton Pohjois-Ruotsin piirin puheenjohtaja Sinikka Lindqvist, N\u00e4k\u00f6vammaisten yhdistyksen puheenjohtaja Saara Minkkinen, Ruotsin kirkon suomalaisen ty\u00f6 puheenjohtaja Seija Dahlgren ja Andreas L\u00f6venh\u00f6\u00f6k, poliitikko. &hellip; <a href=\"http:\/\/uumajalaiset.se\/?p=5425\">L\u00e4s mer <span class=\"meta-nav\">&rarr;<\/span><\/a><\/p>\n","protected":false},"author":1,"featured_media":0,"comment_status":"closed","ping_status":"closed","sticky":false,"template":"","format":"gallery","meta":{"footnotes":""},"categories":[8],"tags":[],"class_list":["post-5425","post","type-post","status-publish","format-gallery","hentry","category-uutiset-2","post_format-post-format-gallery"],"_links":{"self":[{"href":"http:\/\/uumajalaiset.se\/index.php?rest_route=\/wp\/v2\/posts\/5425","targetHints":{"allow":["GET"]}}],"collection":[{"href":"http:\/\/uumajalaiset.se\/index.php?rest_route=\/wp\/v2\/posts"}],"about":[{"href":"http:\/\/uumajalaiset.se\/index.php?rest_route=\/wp\/v2\/types\/post"}],"author":[{"embeddable":true,"href":"http:\/\/uumajalaiset.se\/index.php?rest_route=\/wp\/v2\/users\/1"}],"replies":[{"embeddable":true,"href":"http:\/\/uumajalaiset.se\/index.php?rest_route=%2Fwp%2Fv2%2Fcomments&post=5425"}],"version-history":[{"count":7,"href":"http:\/\/uumajalaiset.se\/index.php?rest_route=\/wp\/v2\/posts\/5425\/revisions"}],"predecessor-version":[{"id":5430,"href":"http:\/\/uumajalaiset.se\/index.php?rest_route=\/wp\/v2\/posts\/5425\/revisions\/5430"}],"wp:attachment":[{"href":"http:\/\/uumajalaiset.se\/index.php?rest_route=%2Fwp%2Fv2%2Fmedia&parent=5425"}],"wp:term":[{"taxonomy":"category","embeddable":true,"href":"http:\/\/uumajalaiset.se\/index.php?rest_route=%2Fwp%2Fv2%2Fcategories&post=5425"},{"taxonomy":"post_tag","embeddable":true,"href":"http:\/\/uumajalaiset.se\/index.php?rest_route=%2Fwp%2Fv2%2Ftags&post=5425"}],"curies":[{"name":"wp","href":"https:\/\/api.w.org\/{rel}","templated":true}]}}