{"id":5590,"date":"2013-03-11T11:21:36","date_gmt":"2013-03-11T11:21:36","guid":{"rendered":"http:\/\/uumajalaiset.se\/?p=5590"},"modified":"2013-03-12T01:27:11","modified_gmt":"2013-03-12T01:27:11","slug":"nelja-tuntia-kevatkokousta","status":"publish","type":"post","link":"http:\/\/uumajalaiset.se\/?p=5590","title":{"rendered":"Nelj\u00e4 tuntia kev\u00e4tkokousta"},"content":{"rendered":"<p><a href=\"http:\/\/media.uumajalaiset.se\/2013\/03\/2013-03-09-kev\u00e4tkokous-1.jpg\"><img loading=\"lazy\" decoding=\"async\" alt=\"2013-03-09 kev\u00e4tkokous (1)\" src=\"http:\/\/media.uumajalaiset.se\/2013\/03\/2013-03-09-kev\u00e4tkokous-1.jpg\" width=\"600\" height=\"450\" \/><\/a><br \/>\nKev\u00e4tkokouksessa oli kyse vuoden 2012 toiminnan ja talouden l\u00e4pik\u00e4ynnist\u00e4. Kokouspaperit saivat j\u00e4senet\u00a0k\u00e4teen vasta paikan p\u00e4\u00e4ll\u00e4.<br \/>\n<a href=\"http:\/\/media.uumajalaiset.se\/2013\/03\/2013-03-09-kev\u00e4tkokous-2.jpg\"><img loading=\"lazy\" decoding=\"async\" alt=\"2013-03-09 kev\u00e4tkokous (2)\" src=\"http:\/\/media.uumajalaiset.se\/2013\/03\/2013-03-09-kev\u00e4tkokous-2.jpg\" width=\"600\" height=\"450\" \/><\/a><br \/>\nTilintarkastajat valmiina t\u00f6ihin, vaikka kyll\u00e4h\u00e4n sit\u00e4 aina muutaman sanan ehtii vieraiden kanssa vaihtaa.<br \/>\n<a href=\"http:\/\/media.uumajalaiset.se\/2013\/03\/2013-03-09-kev\u00e4tkokous-3.jpg\"><img loading=\"lazy\" decoding=\"async\" alt=\"2013-03-09 kev\u00e4tkokous (3)\" src=\"http:\/\/media.uumajalaiset.se\/2013\/03\/2013-03-09-kev\u00e4tkokous-3.jpg\" width=\"600\" height=\"450\" \/><\/a><br \/>\nMirjami Kiviniemi taisi kuvasta p\u00e4\u00e4tellen rohmuta kaikki paperit, vaikka kuvat aina joskus valehtelevatkin.<br \/>\n<a href=\"http:\/\/media.uumajalaiset.se\/2013\/03\/2013-03-09-kev\u00e4tkokous-4.jpg\"><img loading=\"lazy\" decoding=\"async\" alt=\"2013-03-09 kev\u00e4tkokous (4)\" src=\"http:\/\/media.uumajalaiset.se\/2013\/03\/2013-03-09-kev\u00e4tkokous-4.jpg\" width=\"600\" height=\"450\" \/><\/a><br \/>\nTapio Tamminen ja Helena Eklholm.<br \/>\n<a href=\"http:\/\/media.uumajalaiset.se\/2013\/03\/2013-03-09-kev\u00e4tkokous-5.jpg\"><img loading=\"lazy\" decoding=\"async\" alt=\"2013-03-09 kev\u00e4tkokous (5)\" src=\"http:\/\/media.uumajalaiset.se\/2013\/03\/2013-03-09-kev\u00e4tkokous-5.jpg\" width=\"600\" height=\"450\" \/><\/a><br \/>\nMukavaa, kun Sakke (Sakari Seittu)\u00a0ja Berttakin (Mets\u00e4ranta) p\u00e4\u00e4siv\u00e4t mukaan kev\u00e4tkokoukseen. &#8211; Todellista kulttuuria olisi latotanssien j\u00e4rjest\u00e4minen, mietti Sakari jossakin kohdassa keskustelua. &#8211; Rullaattoritanssien j\u00e4rjest\u00e4minen olisi taas nykyaikaista kulttuuria ja sellaista pit\u00e4isi saada aikaan.<br \/>\n<a href=\"http:\/\/media.uumajalaiset.se\/2013\/03\/2013-03-09-kev\u00e4tkokous-6.jpg\"><img loading=\"lazy\" decoding=\"async\" alt=\"2013-03-09 kev\u00e4tkokous (6)\" src=\"http:\/\/media.uumajalaiset.se\/2013\/03\/2013-03-09-kev\u00e4tkokous-6.jpg\" width=\"600\" height=\"450\" \/><\/a><br \/>\nKerhon puheenjohtaja Raili Borg avasi kokoksen.<br \/>\n<a href=\"http:\/\/media.uumajalaiset.se\/2013\/03\/2013-03-09-kev\u00e4tkokous-7.jpg\"><img loading=\"lazy\" decoding=\"async\" alt=\"2013-03-09 kev\u00e4tkokous (7)\" src=\"http:\/\/media.uumajalaiset.se\/2013\/03\/2013-03-09-kev\u00e4tkokous-7.jpg\" width=\"600\" height=\"450\" \/><\/a><br \/>\nMirjami Kiviniemen vieress\u00e4 Jari Prosi, kerhon varapuheenjohtaja ja Suomen kielen delegaation puheenjohtaja. Heli Aarnipuro, Raili Borgin vieress\u00e4 toimi kev\u00e4tkokouksen puheenjohtajana.<br \/>\n<a href=\"http:\/\/media.uumajalaiset.se\/2013\/03\/2013-03-09-kev\u00e4tkokous-8.jpg\"><img loading=\"lazy\" decoding=\"async\" alt=\"2013-03-09 kev\u00e4tkokous (8)\" src=\"http:\/\/media.uumajalaiset.se\/2013\/03\/2013-03-09-kev\u00e4tkokous-8.jpg\" width=\"600\" height=\"450\" \/><\/a><br \/>\nKev\u00e4t kokouksen sihteerin\u00e4 toimi Arja Tamminen. Kim Borg ja Lisbeth Pihlajamaa valittiin tarkistamaan p\u00f6yt\u00e4kirja ja \u00e4\u00e4ntenlaskijaksi kahden edellellisen lis\u00e4ksi valittiin Mirjami Kiviniemi.<br \/>\n<a href=\"http:\/\/media.uumajalaiset.se\/2013\/03\/2013-03-09-kev\u00e4tkokous-9.jpg\"><img loading=\"lazy\" decoding=\"async\" alt=\"2013-03-09 kev\u00e4tkokous (9)\" src=\"http:\/\/media.uumajalaiset.se\/2013\/03\/2013-03-09-kev\u00e4tkokous-9.jpg\" width=\"600\" height=\"450\" \/><\/a><br \/>\nOlli Falben kirjoitti toimintakertomusen muutokset suoraan digitaaliseen kopioon tietokoneelle.<br \/>\n<a href=\"http:\/\/media.uumajalaiset.se\/2013\/03\/2013-03-09-kev\u00e4tkokous-10.jpg\"><img loading=\"lazy\" decoding=\"async\" alt=\"2013-03-09 kev\u00e4tkokous (10)\" src=\"http:\/\/media.uumajalaiset.se\/2013\/03\/2013-03-09-kev\u00e4tkokous-10.jpg\" width=\"600\" height=\"450\" \/><\/a><br \/>\n<a href=\"http:\/\/media.uumajalaiset.se\/2013\/03\/2013-03-09-kev\u00e4tkokous-11.jpg\"><img loading=\"lazy\" decoding=\"async\" alt=\"2013-03-09 kev\u00e4tkokous (11)\" src=\"http:\/\/media.uumajalaiset.se\/2013\/03\/2013-03-09-kev\u00e4tkokous-11.jpg\" width=\"600\" height=\"450\" \/><\/a><br \/>\n<a href=\"http:\/\/media.uumajalaiset.se\/2013\/03\/2013-03-09-kev\u00e4tkokous-12.jpg\"><img loading=\"lazy\" decoding=\"async\" alt=\"2013-03-09 kev\u00e4tkokous (12)\" src=\"http:\/\/media.uumajalaiset.se\/2013\/03\/2013-03-09-kev\u00e4tkokous-12.jpg\" width=\"600\" height=\"450\" \/><\/a><br \/>\n<a href=\"http:\/\/media.uumajalaiset.se\/2013\/03\/2013-03-09-kev\u00e4tkokous-14.jpg\"><img loading=\"lazy\" decoding=\"async\" alt=\"2013-03-09 kev\u00e4tkokous (14)\" src=\"http:\/\/media.uumajalaiset.se\/2013\/03\/2013-03-09-kev\u00e4tkokous-14.jpg\" width=\"600\" height=\"450\" \/><\/a><br \/>\n<a href=\"http:\/\/media.uumajalaiset.se\/2013\/03\/2013-03-09-kev\u00e4tkokous-15.jpg\"><img loading=\"lazy\" decoding=\"async\" alt=\"2013-03-09 kev\u00e4tkokous (15)\" src=\"http:\/\/media.uumajalaiset.se\/2013\/03\/2013-03-09-kev\u00e4tkokous-15.jpg\" width=\"600\" height=\"450\" \/><\/a><br \/>\n<a href=\"http:\/\/media.uumajalaiset.se\/2013\/03\/2013-03-09-kev\u00e4tkokous-16.jpg\"><img loading=\"lazy\" decoding=\"async\" alt=\"2013-03-09 kev\u00e4tkokous (16)\" src=\"http:\/\/media.uumajalaiset.se\/2013\/03\/2013-03-09-kev\u00e4tkokous-16.jpg\" width=\"600\" height=\"450\" \/><\/a><br \/>\n<a href=\"http:\/\/media.uumajalaiset.se\/2013\/03\/2013-03-09-kev\u00e4tkokous-13.jpg\"><img loading=\"lazy\" decoding=\"async\" alt=\"2013-03-09 kev\u00e4tkokous (13)\" src=\"http:\/\/media.uumajalaiset.se\/2013\/03\/2013-03-09-kev\u00e4tkokous-13.jpg\" width=\"600\" height=\"450\" \/><\/a><br \/>\nKim Borg ja Emilia Lejdebro taistelivat yhdess\u00e4 suomenkielisten tekstien kanssa.<\/p>\n<p>Liittop\u00e4iv\u00e4edustajiksi valittiin Raili Borg ja Jari Prosi, varalle t\u00e4ss\u00e4 j\u00e4rjestyksess\u00e4, mik\u00e4li suostuvat: Pekka Erikoinen, Jaakko Honkanen, Emilia Lejdebro ja Rauno Pihlajamaa. Liittop\u00e4iv\u00e4t pidet\u00e4\u00e4n Axevallan kansankorkeakoulussa 6-7\/6 2013.<\/p>\n<p>Kerhon vaalivaliokuntaan kokoonkutsujaksi valittiin paikalla ollut Jussi Vartiainen. Jussin seuraksi valitiin Merja Olsson ja Hannele Tuominen sill\u00e4 edellytyksell\u00e4 ett\u00e4 he suostuvat jatkamaan vaalivaliokunnassa. Kumpikaan heist\u00e4 ei ollut paikalla. Mik\u00e4li he kielt\u00e4ytyv\u00e4t, otetaan esille asia j\u00e4senkokouksessa, jossa p\u00e4ivitet\u00e4\u00e4n kerhon s\u00e4\u00e4nn\u00f6t.<\/p>\n<p>Uumajan Suomalaisen Kerhon johtokunta otti esille kaksi asiaa: Daniel Tanse halusi erota johtokunnasta, koska h\u00e4nell\u00e4 oli liian paljon tekemist\u00e4. Kev\u00e4tkokous valitsi Daniel Tansen tilalle \u00d6sten Ollmanin.<\/p>\n<p>Kerhon johtokunta esitti, ett\u00e4 j\u00e4rjestelytoimikunta, joka perustettiin syyskokouksessa lopetettaisiin, koska siihen oli vaikea l\u00f6yt\u00e4\u00e4 osanottajia ja koska esimerkiksi\u00a0idean alulle pannut henkil\u00f6 ei edes itse halunnut olla siin\u00e4 mukana. Kev\u00e4tkokous p\u00e4\u00e4tti, ett\u00e4 j\u00e4rjestelytoimikunta lopetetaan ja sen ty\u00f6t siirret\u00e4\u00e4n johtokunnalle.<\/p>\n<p>Kev\u00e4tkokous totesi my\u00f6s, ett\u00e4 kerhon s\u00e4\u00e4nt\u00f6j\u00e4 ei ole p\u00e4ivitetty\u00a0vastaamaan RSKL:n normaalis\u00e4\u00e4nt\u00f6j\u00e4 ja vaati johtokuntaa j\u00e4rjest\u00e4m\u00e4\u00e4n pikimmiten ylim\u00e4\u00e4r\u00e4isen j\u00e4senkokouksen, jossa s\u00e4\u00e4nn\u00f6t p\u00e4ivitet\u00e4\u00e4n. P\u00e4iv\u00e4m\u00e4\u00e4r\u00e4st\u00e4 keskusteltiin ja kokouksen johtop\u00e4\u00e4t\u00f6kseksi tuli, ett\u00e4 kyseinen kokous voidaan pit\u00e4\u00e4 aikaisintaan kuukauden kuluttua. Lauantai 13\/4 on luultavasti sopiva ajankohta.<\/p>\n<p>Kerhon kev\u00e4tkokous keskusteli my\u00f6s koulutuksen tarpeesta. Kysymykset, jotka her\u00e4ttiv\u00e4t keskustelua t\u00e4ss\u00e4 j\u00e4senkokouksessa voitaisiin k\u00e4yd\u00e4 mieluummin l\u00e4pi eri teemailloissa. Ehdotuksia teemailloiksi:\u00a0Rahastonhoito, Hallintoaluerahat &#8211; mit\u00e4 ne ovat, Miss\u00e4 p\u00e4\u00e4tt\u00e4\u00e4 ja mit\u00e4 p\u00e4\u00e4tt\u00e4\u00e4? Mit\u00e4 se kulttuuri oikein on, voiko siit\u00e4 tehd\u00e4 listan?<\/p>\n<p>Ehk\u00e4 tilintarkastajatkin tarvitsisivat koulutusta, ett\u00e4 he ensi kerralla ehdottavat vastuuvapautta johtokunnalle, eik\u00e4 kerhon j\u00e4senille.<\/p>\n","protected":false},"excerpt":{"rendered":"<p>Kev\u00e4tkokouksessa oli kyse vuoden 2012 toiminnan ja talouden l\u00e4pik\u00e4ynnist\u00e4. Kokouspaperit saivat j\u00e4senet\u00a0k\u00e4teen vasta paikan p\u00e4\u00e4ll\u00e4. Tilintarkastajat valmiina t\u00f6ihin, vaikka kyll\u00e4h\u00e4n sit\u00e4 aina muutaman sanan ehtii vieraiden kanssa vaihtaa. Mirjami Kiviniemi taisi kuvasta p\u00e4\u00e4tellen rohmuta kaikki paperit, vaikka kuvat aina joskus &hellip; <a href=\"http:\/\/uumajalaiset.se\/?p=5590\">L\u00e4s mer <span class=\"meta-nav\">&rarr;<\/span><\/a><\/p>\n","protected":false},"author":1,"featured_media":0,"comment_status":"closed","ping_status":"closed","sticky":false,"template":"","format":"gallery","meta":{"footnotes":""},"categories":[8],"tags":[],"class_list":["post-5590","post","type-post","status-publish","format-gallery","hentry","category-uutiset-2","post_format-post-format-gallery"],"_links":{"self":[{"href":"http:\/\/uumajalaiset.se\/index.php?rest_route=\/wp\/v2\/posts\/5590","targetHints":{"allow":["GET"]}}],"collection":[{"href":"http:\/\/uumajalaiset.se\/index.php?rest_route=\/wp\/v2\/posts"}],"about":[{"href":"http:\/\/uumajalaiset.se\/index.php?rest_route=\/wp\/v2\/types\/post"}],"author":[{"embeddable":true,"href":"http:\/\/uumajalaiset.se\/index.php?rest_route=\/wp\/v2\/users\/1"}],"replies":[{"embeddable":true,"href":"http:\/\/uumajalaiset.se\/index.php?rest_route=%2Fwp%2Fv2%2Fcomments&post=5590"}],"version-history":[{"count":6,"href":"http:\/\/uumajalaiset.se\/index.php?rest_route=\/wp\/v2\/posts\/5590\/revisions"}],"predecessor-version":[{"id":5610,"href":"http:\/\/uumajalaiset.se\/index.php?rest_route=\/wp\/v2\/posts\/5590\/revisions\/5610"}],"wp:attachment":[{"href":"http:\/\/uumajalaiset.se\/index.php?rest_route=%2Fwp%2Fv2%2Fmedia&parent=5590"}],"wp:term":[{"taxonomy":"category","embeddable":true,"href":"http:\/\/uumajalaiset.se\/index.php?rest_route=%2Fwp%2Fv2%2Fcategories&post=5590"},{"taxonomy":"post_tag","embeddable":true,"href":"http:\/\/uumajalaiset.se\/index.php?rest_route=%2Fwp%2Fv2%2Ftags&post=5590"}],"curies":[{"name":"wp","href":"https:\/\/api.w.org\/{rel}","templated":true}]}}