{"id":5630,"date":"2013-04-25T12:42:54","date_gmt":"2013-04-25T12:42:54","guid":{"rendered":"http:\/\/uumajalaiset.se\/?p=5630"},"modified":"2013-05-26T20:22:49","modified_gmt":"2013-05-26T20:22:49","slug":"kansallinen-veteraanipaiva","status":"publish","type":"post","link":"http:\/\/uumajalaiset.se\/?p=5630","title":{"rendered":"Kansallinen veteraanip\u00e4iv\u00e4"},"content":{"rendered":"<p>Suomen Valtioneuvosto teki huhtikuussa 1986 p\u00e4\u00e4t\u00f6ksen huhtikuun 27. p\u00e4iv\u00e4n nime\u00e4misest\u00e4 kansalliseksi veteraanip\u00e4iv\u00e4ksi ja m\u00e4\u00e4r\u00e4si toimeenpantavaksi yleisen liputuksen vuosittain kyseisen\u00e4 p\u00e4iv\u00e4n\u00e4. Ensimm\u00e4ist\u00e4 veteraanip\u00e4iv\u00e4\u00e4 vietettiin vuonna 1987 itsen\u00e4isen Suomen t\u00e4ytt\u00e4ess\u00e4 70 vuotta. Seuraavana vuonna valtioneuvosto p\u00e4\u00e4tti, ett\u00e4 kansallista veteraanip\u00e4iv\u00e4\u00e4 vietet\u00e4\u00e4n jatkossa vuosittain. Veteraanip\u00e4iv\u00e4n ohjelmaan ovat sen j\u00e4lkeen kuuluneet valtakunnallinen p\u00e4\u00e4juhla ja lukuisa m\u00e4\u00e4r\u00e4 paikallisia juhlatilaisuuksia.<br \/>\nUumajan Suomalainen Kerho juhlii Kansallista veteraanip\u00e4iv\u00e4\u00e4 ensimm\u00e4ist\u00e4 kertaa 2013.<\/p>\n<p><strong>Kansallinen veteraanip\u00e4iv\u00e4 24\/4 klo 18.00 &#8211; 20.00<\/strong><br \/>\n<em>Alustava ohjelma:<\/em><\/p>\n<ul>\n<li>Kunniavartiosto klo 18.00<\/li>\n<li>40- ja 50 -luvun musiikkia, sota-ajan musiikkia<\/li>\n<li>Puheet: Erik Eriksson, Richard Eklund, Torbj\u00f6rn Lundqvist, konsulin tervehdys<\/li>\n<li>Muusikko\/sotilasmusiikia<\/li>\n<\/ul>\n<p>Ruokailu<\/p>\n<p>Huom! Isot mitalit<\/p>\n","protected":false},"excerpt":{"rendered":"<p>Suomen Valtioneuvosto teki huhtikuussa 1986 p\u00e4\u00e4t\u00f6ksen huhtikuun 27. p\u00e4iv\u00e4n nime\u00e4misest\u00e4 kansalliseksi veteraanip\u00e4iv\u00e4ksi ja m\u00e4\u00e4r\u00e4si toimeenpantavaksi yleisen liputuksen vuosittain kyseisen\u00e4 p\u00e4iv\u00e4n\u00e4. Ensimm\u00e4ist\u00e4 veteraanip\u00e4iv\u00e4\u00e4 vietettiin vuonna 1987 itsen\u00e4isen Suomen t\u00e4ytt\u00e4ess\u00e4 70 vuotta. Seuraavana vuonna valtioneuvosto p\u00e4\u00e4tti, ett\u00e4 kansallista veteraanip\u00e4iv\u00e4\u00e4 vietet\u00e4\u00e4n jatkossa vuosittain. &hellip; <a href=\"http:\/\/uumajalaiset.se\/?p=5630\">L\u00e4s mer <span class=\"meta-nav\">&rarr;<\/span><\/a><\/p>\n","protected":false},"author":1,"featured_media":0,"comment_status":"closed","ping_status":"closed","sticky":false,"template":"","format":"gallery","meta":{"footnotes":""},"categories":[8],"tags":[],"class_list":["post-5630","post","type-post","status-publish","format-gallery","hentry","category-uutiset-2","post_format-post-format-gallery"],"_links":{"self":[{"href":"http:\/\/uumajalaiset.se\/index.php?rest_route=\/wp\/v2\/posts\/5630","targetHints":{"allow":["GET"]}}],"collection":[{"href":"http:\/\/uumajalaiset.se\/index.php?rest_route=\/wp\/v2\/posts"}],"about":[{"href":"http:\/\/uumajalaiset.se\/index.php?rest_route=\/wp\/v2\/types\/post"}],"author":[{"embeddable":true,"href":"http:\/\/uumajalaiset.se\/index.php?rest_route=\/wp\/v2\/users\/1"}],"replies":[{"embeddable":true,"href":"http:\/\/uumajalaiset.se\/index.php?rest_route=%2Fwp%2Fv2%2Fcomments&post=5630"}],"version-history":[{"count":9,"href":"http:\/\/uumajalaiset.se\/index.php?rest_route=\/wp\/v2\/posts\/5630\/revisions"}],"predecessor-version":[{"id":6088,"href":"http:\/\/uumajalaiset.se\/index.php?rest_route=\/wp\/v2\/posts\/5630\/revisions\/6088"}],"wp:attachment":[{"href":"http:\/\/uumajalaiset.se\/index.php?rest_route=%2Fwp%2Fv2%2Fmedia&parent=5630"}],"wp:term":[{"taxonomy":"category","embeddable":true,"href":"http:\/\/uumajalaiset.se\/index.php?rest_route=%2Fwp%2Fv2%2Fcategories&post=5630"},{"taxonomy":"post_tag","embeddable":true,"href":"http:\/\/uumajalaiset.se\/index.php?rest_route=%2Fwp%2Fv2%2Ftags&post=5630"}],"curies":[{"name":"wp","href":"https:\/\/api.w.org\/{rel}","templated":true}]}}