{"id":5661,"date":"2013-03-21T10:04:58","date_gmt":"2013-03-21T10:04:58","guid":{"rendered":"http:\/\/uumajalaiset.se\/?p=5661"},"modified":"2013-03-24T11:29:11","modified_gmt":"2013-03-24T11:29:11","slug":"paasiaistipuja-lauantaikoulussa","status":"publish","type":"post","link":"http:\/\/uumajalaiset.se\/?p=5661","title":{"rendered":"Johtokunta kokoontui"},"content":{"rendered":"<p><a href=\"http:\/\/media.uumajalaiset.se\/2013\/03\/2013-03-03-21JK.jpg\"><img loading=\"lazy\" decoding=\"async\" class=\"alignnone size-full wp-image-5662\" alt=\"2013-03-03-21JK\" src=\"http:\/\/media.uumajalaiset.se\/2013\/03\/2013-03-03-21JK.jpg\" width=\"600\" height=\"450\" srcset=\"http:\/\/media.uumajalaiset.se\/2013\/03\/2013-03-03-21JK.jpg 600w, http:\/\/media.uumajalaiset.se\/2013\/03\/2013-03-03-21JK-150x112.jpg 150w, http:\/\/media.uumajalaiset.se\/2013\/03\/2013-03-03-21JK-300x225.jpg 300w, http:\/\/media.uumajalaiset.se\/2013\/03\/2013-03-03-21JK-500x375.jpg 500w\" sizes=\"auto, (max-width: 600px) 100vw, 600px\" \/><\/a><br \/>\nUumajan Suomalaisen Kerhon johtokunta kokoontui torstaina 21\/3 sairaalan tiloissa.<br \/>\nKuvassa \u00d6sten Ollman, Olli Falben, Kim Borg ja\u00a0Pekka Erkoinen. Paikalla ollut\u00a0 Jari Prosi ehti jo l\u00e4hte\u00e4 kokouksesta, joka p\u00e4\u00e4ttyi 19.20. Johtokunnan p\u00e4\u00e4t\u00f6kset:<br \/>\n&#8211; Johtokunta hyv\u00e4ksyi Uumajan Suomalaisen Kerhon p\u00e4ivitetyn kulttuurisuunnitelman vuodelle 2013<br \/>\n&#8211; Johtokunta p\u00e4\u00e4tti, ett\u00e4 pid\u00e4mme ylim\u00e4\u00e4r\u00e4isen j\u00e4senkokouksen, jossa tarkistamme kerhon s\u00e4\u00e4nn\u00f6t M\u00f6kill\u00e4 lauantaina 13.4.\u00a0Kerhon puheenjohtaja alustaa s\u00e4\u00e4nt\u00f6ehdotuksen seuraavaan johtokunnan kokoukseen 10.4.<br \/>\n&#8211; Ume\u00e5 Teaterf\u00f6rening j\u00e4rjest\u00e4\u00e4\u00a0 yhdess\u00e4 kerhon kanssa marraskuussa Uumajassa\u00a0esityksen \u201dMuista minut\u201d P\u00e4\u00e4tettiin ett\u00e4 Uumajan Suomalainen Kerho osallistuu kustannuksiin 10.000 krunulla. Rahat otetaan kerhon kulttuuritililt\u00e4. Tapio Tamminen lupautunut hoitamaan k\u00e4yt\u00e4nn\u00f6n j\u00e4rjestelyt kerhon puolesta<br \/>\n&#8211; Kerho ehdottaa Tapio Tammista Ume\u00e5 F\u00f6reningsr\u00e5detin johtoon, mik\u00e4li h\u00e4n haluaa.<br \/>\nP\u00e4\u00e4tettiin ett\u00e4 projektirahoituskurssille Luulajassa 6.4. osallistuvat kaikki johtokuntalaiset ja kaksi henkil\u00f6\u00e4 joka jaostosta sek\u00e4 m\u00f6kkitoimikunnasta. Kurssin hinta on 80 kr \/ henkil\u00f6 (kurssi + ruokailu). Tapio Tamminen on lupautunut j\u00e4rjestelem\u00e4\u00e4n matkaa ja johtokunta p\u00e4\u00e4tti, ett\u00e4 Olli Falben avustaa Tapiota halukkaiden hakemisessa.<br \/>\n&#8211; Suomen kansallinen veteraanip\u00e4iv\u00e4 27.4. klo 18-20 lauantaina kerhon m\u00f6kill\u00e4. Raili Borg esitteli suunnitelman veteraanip\u00e4iv\u00e4n viettoon. Johtokunta p\u00e4\u00e4tti, ett\u00e4 ruokailu tarjotaan kunniavartiostolle, veteraaneille, puhujille ja muusikolle. Ostetaan kukat veteraaneille. Raili Borg ja Erik Eriksson vastaavat ohjelmasta ja sen toteuttamisesta.<br \/>\n&#8211; P\u00e4\u00e4tettiin ett\u00e4 Ruosufestivaaliviikolla kerhon m\u00f6kill\u00e4 avoimet ovet. Viikon ohjelmasta vastaa ty\u00f6ryhm\u00e4 Raili Borg, Jari Prosi, \u00d6sten Ollman, Olli Falben. Kerhon n\u00e4yttely pidet\u00e4\u00e4n viikon aikana yliopistolla p\u00e4ivitt\u00e4in klo 11.00 -13.00. Jari Prosi vastaa yliopistolla kerhon n\u00e4yttelyst\u00e4. Pekka Erikoinen ja Kim Borg avustavat. Kim Borg pit\u00e4\u00e4 avoinna Lasitaloa 10.00 -18.00 Ruosufestivaaliviikon tiistaina, mik\u00e4li Lasitalo on vapaa. Raili Borg tarkistaa, onko Lasitalo vapaana.<br \/>\n&#8211; Talousraportit k\u00e4yd\u00e4\u00e4n l\u00e4pi ensi Jk-kokouksessa 10.4.<br \/>\n&#8211; P\u00e4\u00e4tettiin ett\u00e4 miesjaosto saa ylitt\u00e4\u00e4 tilins\u00e4 5000 kruunuun asti. Miesjaosto maksaa rahat takaisin kerholle pikimmiten.<\/p>\n<p><a href=\"http:\/\/media.uumajalaiset.se\/2013\/03\/2013-03-21Osten.jpg\"><img loading=\"lazy\" decoding=\"async\" alt=\"2013-03-21Osten\" src=\"http:\/\/media.uumajalaiset.se\/2013\/03\/2013-03-21Osten.jpg\" width=\"600\" height=\"500\" \/><\/a><br \/>\n\u00d6sten Ollman on uusi johtokunnan j\u00e4sen. H\u00e4net valittiin Uumajan Suomalaisen Kerhon johtokuntaan kev\u00e4tkokouksessa Daniel Tansen tilalle.<\/p>\n","protected":false},"excerpt":{"rendered":"<p>Uumajan Suomalaisen Kerhon johtokunta kokoontui torstaina 21\/3 sairaalan tiloissa. Kuvassa \u00d6sten Ollman, Olli Falben, Kim Borg ja\u00a0Pekka Erkoinen. Paikalla ollut\u00a0 Jari Prosi ehti jo l\u00e4hte\u00e4 kokouksesta, joka p\u00e4\u00e4ttyi 19.20. Johtokunnan p\u00e4\u00e4t\u00f6kset: &#8211; Johtokunta hyv\u00e4ksyi Uumajan Suomalaisen Kerhon p\u00e4ivitetyn kulttuurisuunnitelman vuodelle &hellip; <a href=\"http:\/\/uumajalaiset.se\/?p=5661\">L\u00e4s mer <span class=\"meta-nav\">&rarr;<\/span><\/a><\/p>\n","protected":false},"author":1,"featured_media":0,"comment_status":"closed","ping_status":"closed","sticky":false,"template":"","format":"gallery","meta":{"footnotes":""},"categories":[8],"tags":[],"class_list":["post-5661","post","type-post","status-publish","format-gallery","hentry","category-uutiset-2","post_format-post-format-gallery"],"_links":{"self":[{"href":"http:\/\/uumajalaiset.se\/index.php?rest_route=\/wp\/v2\/posts\/5661","targetHints":{"allow":["GET"]}}],"collection":[{"href":"http:\/\/uumajalaiset.se\/index.php?rest_route=\/wp\/v2\/posts"}],"about":[{"href":"http:\/\/uumajalaiset.se\/index.php?rest_route=\/wp\/v2\/types\/post"}],"author":[{"embeddable":true,"href":"http:\/\/uumajalaiset.se\/index.php?rest_route=\/wp\/v2\/users\/1"}],"replies":[{"embeddable":true,"href":"http:\/\/uumajalaiset.se\/index.php?rest_route=%2Fwp%2Fv2%2Fcomments&post=5661"}],"version-history":[{"count":6,"href":"http:\/\/uumajalaiset.se\/index.php?rest_route=\/wp\/v2\/posts\/5661\/revisions"}],"predecessor-version":[{"id":5665,"href":"http:\/\/uumajalaiset.se\/index.php?rest_route=\/wp\/v2\/posts\/5661\/revisions\/5665"}],"wp:attachment":[{"href":"http:\/\/uumajalaiset.se\/index.php?rest_route=%2Fwp%2Fv2%2Fmedia&parent=5661"}],"wp:term":[{"taxonomy":"category","embeddable":true,"href":"http:\/\/uumajalaiset.se\/index.php?rest_route=%2Fwp%2Fv2%2Fcategories&post=5661"},{"taxonomy":"post_tag","embeddable":true,"href":"http:\/\/uumajalaiset.se\/index.php?rest_route=%2Fwp%2Fv2%2Ftags&post=5661"}],"curies":[{"name":"wp","href":"https:\/\/api.w.org\/{rel}","templated":true}]}}