{"id":6276,"date":"2013-06-04T07:22:30","date_gmt":"2013-06-04T07:22:30","guid":{"rendered":"http:\/\/uumajalaiset.se\/?p=6276"},"modified":"2013-06-09T07:37:12","modified_gmt":"2013-06-09T07:37:12","slug":"sium-keskusteli-kunnan-kanssa-radiosta","status":"publish","type":"post","link":"http:\/\/uumajalaiset.se\/?p=6276","title":{"rendered":"Sium keskusteli kunnan kanssa radiosta"},"content":{"rendered":"<p><a href=\"http:\/\/media.uumajalaiset.se\/2013\/06\/2013-06-04sium_kommun.jpg\"><img loading=\"lazy\" decoding=\"async\" class=\"alignnone size-full wp-image-6277\" alt=\"2013-06-04sium_kommun\" src=\"http:\/\/media.uumajalaiset.se\/2013\/06\/2013-06-04sium_kommun.jpg\" width=\"600\" height=\"450\" srcset=\"http:\/\/media.uumajalaiset.se\/2013\/06\/2013-06-04sium_kommun.jpg 600w, http:\/\/media.uumajalaiset.se\/2013\/06\/2013-06-04sium_kommun-150x112.jpg 150w, http:\/\/media.uumajalaiset.se\/2013\/06\/2013-06-04sium_kommun-300x225.jpg 300w, http:\/\/media.uumajalaiset.se\/2013\/06\/2013-06-04sium_kommun-500x375.jpg 500w, http:\/\/media.uumajalaiset.se\/2013\/06\/2013-06-04sium_kommun-400x300.jpg 400w\" sizes=\"auto, (max-width: 600px) 100vw, 600px\" \/><\/a><br \/>\nPalaverissa H\u00e5kan G\u00f6ransson, Aida Mehrani, Raili Borg, Saman Nikmanesh.<\/p>\n<p>Sium keskusteli kunnan kanssa radiosta ja radiotoiminnan rahoituksesta. Siumin radiol\u00e4hetykseth\u00e4n ovat olleet vaakalaudalla l\u00e4hiradioyhdistyksess\u00e4 tapahtuneiden muutosten yhteydess\u00e4. Radio Ume\u00e5 oli ostanut serveripaikan ja halusi yhdistysten lopettavan l\u00e4hetykset sen kautta, jonka seurauksena Uumajan l\u00e4hiradioyhdistys on hankkinut uuden serveripaikan ja l\u00e4hett\u00e4\u00e4 syksyst\u00e4 sit\u00e4 kautta. Lahiradion yhdistykset ovat yhdess\u00e4 lainanneet l\u00e4hiradioyhdistykselle serverin hankkimiseen tarvittavat varat.<\/p>\n<p>Siumin l\u00e4hetykset tulevat siis olemaan ennallaan syksyst\u00e4 eteenp\u00e4in. Uumajan kunta halusi tiet\u00e4\u00e4, mill\u00e4 kielill\u00e4 Sium l\u00e4hett\u00e4\u00e4 ja miten paljon sek\u00e4 mink\u00e4 verran kunnallista tiedotusta yhdistykset l\u00e4hett\u00e4v\u00e4t. &#8211; N\u00e4m\u00e4 radiol\u00e4hetykset ovat kunnallekin t\u00e4rkeit\u00e4, totesi H\u00e5kan G\u00f6ransson. Kunta voi tavoittaa my\u00f6s pienten kielien puhujat Uumajassa, jos kunnalla on t\u00e4rke\u00e4\u00e4 tiedotettavaa.<\/p>\n<p>Kunta aikoo tukea Siumin radiol\u00e4hetyksi\u00e4 vastaisuudessakin. Nyt kunta haluaa vain kirjallisen selvityksen siit\u00e4, mill\u00e4 kielill\u00e4 l\u00e4het\u00e4mme, miten paljon ja miten paljon kunnallista tiedotusta ohjelmat sis\u00e4lt\u00e4v\u00e4t.\/<em>Tiedotus<\/em><\/p>\n","protected":false},"excerpt":{"rendered":"<p>Palaverissa H\u00e5kan G\u00f6ransson, Aida Mehrani, Raili Borg, Saman Nikmanesh. Sium keskusteli kunnan kanssa radiosta ja radiotoiminnan rahoituksesta. Siumin radiol\u00e4hetykseth\u00e4n ovat olleet vaakalaudalla l\u00e4hiradioyhdistyksess\u00e4 tapahtuneiden muutosten yhteydess\u00e4. Radio Ume\u00e5 oli ostanut serveripaikan ja halusi yhdistysten lopettavan l\u00e4hetykset sen kautta, jonka seurauksena &hellip; <a href=\"http:\/\/uumajalaiset.se\/?p=6276\">L\u00e4s mer <span class=\"meta-nav\">&rarr;<\/span><\/a><\/p>\n","protected":false},"author":1,"featured_media":0,"comment_status":"closed","ping_status":"closed","sticky":false,"template":"","format":"standard","meta":{"footnotes":""},"categories":[1],"tags":[],"class_list":["post-6276","post","type-post","status-publish","format-standard","hentry","category-arkisto"],"_links":{"self":[{"href":"http:\/\/uumajalaiset.se\/index.php?rest_route=\/wp\/v2\/posts\/6276","targetHints":{"allow":["GET"]}}],"collection":[{"href":"http:\/\/uumajalaiset.se\/index.php?rest_route=\/wp\/v2\/posts"}],"about":[{"href":"http:\/\/uumajalaiset.se\/index.php?rest_route=\/wp\/v2\/types\/post"}],"author":[{"embeddable":true,"href":"http:\/\/uumajalaiset.se\/index.php?rest_route=\/wp\/v2\/users\/1"}],"replies":[{"embeddable":true,"href":"http:\/\/uumajalaiset.se\/index.php?rest_route=%2Fwp%2Fv2%2Fcomments&post=6276"}],"version-history":[{"count":3,"href":"http:\/\/uumajalaiset.se\/index.php?rest_route=\/wp\/v2\/posts\/6276\/revisions"}],"predecessor-version":[{"id":6280,"href":"http:\/\/uumajalaiset.se\/index.php?rest_route=\/wp\/v2\/posts\/6276\/revisions\/6280"}],"wp:attachment":[{"href":"http:\/\/uumajalaiset.se\/index.php?rest_route=%2Fwp%2Fv2%2Fmedia&parent=6276"}],"wp:term":[{"taxonomy":"category","embeddable":true,"href":"http:\/\/uumajalaiset.se\/index.php?rest_route=%2Fwp%2Fv2%2Fcategories&post=6276"},{"taxonomy":"post_tag","embeddable":true,"href":"http:\/\/uumajalaiset.se\/index.php?rest_route=%2Fwp%2Fv2%2Ftags&post=6276"}],"curies":[{"name":"wp","href":"https:\/\/api.w.org\/{rel}","templated":true}]}}