{"id":6354,"date":"2012-06-09T20:10:32","date_gmt":"2012-06-09T20:10:32","guid":{"rendered":"http:\/\/uumajalaiset.se\/?p=6354"},"modified":"2013-06-09T20:14:35","modified_gmt":"2013-06-09T20:14:35","slug":"suomenkielisen-seurakuntatyon-syysohjelma-2012","status":"publish","type":"post","link":"http:\/\/uumajalaiset.se\/?p=6354","title":{"rendered":"Suomenkielisen seurakuntaty\u00f6n syysohjelma 2012"},"content":{"rendered":"<p><strong>Suomenkielisen seurakuntaty\u00f6n syysohjelma 2012. 2\/9\u00a0 kl 15.30<\/strong> Kolminaisuudenp\u00e4iv\u00e4n 13.s sunnuntai.P\u00e4\u00e4messu \u00c5lidhem kko. <strong>30\/9 kl 15.30<\/strong> Pyh\u00e4n Mikaelin p\u00e4iv\u00e4. P\u00e4\u00e4messu. Syyskokous \u00c5lidhem kko. <strong>28\/10 kl.11.00<\/strong> Huom. aika! Kaksikielinen p\u00e4\u00e4messu, Staffan Nyg\u00e5rd ja Walther Hjorth, kuoro. \u00c5lidhem kko. <strong>25\/11 kl. 15.30<\/strong> Tuomiosunnuntai.\u00a0Sunnuntaijumalanpalvelus. \u00c5lidhem kko. <strong>16\/12 kl. 18.00<\/strong> Huom. aika! Kauneimmat joululaulut, kuoro. \u00c5lidhem kko. <strong>25\/12 kl. 14.00<\/strong> Huom. aika! Joulup\u00e4iv\u00e4n hartaus, L-O Kevnell, kuoro. <strong>20\/1.2013 Kl. 15.30<\/strong> Loppiaisen j\u00e4lkeinen sunnuntai, sunnuntaijumalanpalvelus.\u00c5lidhem kko. Pappina Walther Hjort, jos ei muuta mainita.<\/p>\n<p><strong>Muuta suomenkielist\u00e4 seurakuntaty\u00f6t\u00e4:<\/strong> <em>\u2013 \u00d6vrigt finskspr\u00e5kigt f\u00f6rsamlingsarbete \u2013<\/em><\/p>\n<p><strong>Suomen itsen\u00e4isyysp\u00e4iv\u00e4\u00e4 6.12 2012<\/strong>\u00a0Suomen itsen\u00e4isyysp\u00e4iv\u00e4\u00e4 vietet\u00e4\u00e4n Torstaina 6.12 klo.18.00 F\u00f6rsamlingsg\u00e5rdenilla, \u00d6stra Esplanaden 9. Alkaen ruokailulla, ohjelmaa, kirkkokuoro esiintyy. J\u00e4rjest\u00e4jin\u00e4: Uumajan Suomalainen Kerho ja Suomenkielinen seurakuntapiiri Lis\u00e4tietoja: <a href=\"http:\/\/www.uumajalaiset.se\/\">www.uumajalaiset.se<\/a>.<\/p>\n<p><em>Finska sj\u00e4lvst\u00e4ndighetsdagen firas Torsdag 6 december kl. 18.00 F\u00f6rsamlingsg\u00e5rden, \u00d6stra Esplanaden 9. Finsk mat, program, kyrkok\u00f6ren medverkar. Arrang\u00f6rer: Finska Klubben, Finskspr\u00e5kiga f\u00f6rsamlingskretsen. Mera info: <a href=\"http:\/\/www.uumajalaiset.se\/\">www.uumajalaiset.se<\/a><\/em>.<\/p>\n<p><strong>Hyv\u00e4n voinnin p\u00e4iv\u00e4t \/ M\u00e5 bra dagar\u00a0<\/strong><\/p>\n<p>Opi voimaan hyvin!<\/p>\n<p>Tule mukaan henkist\u00e4 hyvinvointia vahvistavalle kurssille 22-23\/9 klo. 10.00-15.00 Uumajan Suomalaisen Kerhon m\u00f6kill\u00e4. Vahva yhteinen tahto \u2013 Yhteishenki \u2013 Arjen oivallukset ja ihmisten erilaisuutta arvostava ty\u00f6ilmapiiri ovat koulutuksen avaimia. Luennoitsijana, pappi, Leila M\u00e4ntt\u00e4ri Karlstadista. Vapaa p\u00e4\u00e4sy. Ilmottautuminen elokuun loppuun menness\u00e4, Helille \u00a00702-169141, tai Tarjalle 0703-926399. Tervetuloa!<\/p>\n<p><em>\u00a0<\/em><em>L\u00e4r dig att m\u00e5 bra!<\/em><\/p>\n<p><em>Kom med p\u00e5 en kurs i mental tr\u00e4ning 22-23\/9 kl 10.00 -15.00 i Finska Klubbens stuga, Olle Fiskares v\u00e4g14. <\/em><em>En stark gemensam vilja \u2013 Samf\u00f6rst\u00e5nd \u2013 Vardagens realiteter och ett arbetsklimat som respekterar m\u00e4nniskors olikheter \u00e4r nyckelord i utbildningen. F\u00f6rel\u00e4sare, pr\u00e4sten, Leila M\u00e4ntt\u00e4ri fr\u00e5n Karlstad. Fri entre. Anm\u00e4lan senast den 31 augusti till: Heli 0702-169141 eller till Tarja 0703-926399. <\/em><em>V\u00e4lkommen!<\/em><em>\u00a0<\/em><\/p>\n<p><strong>Kuoroharjoitus \u2013 <em>K\u00f6r\u00f6vning\u00a0\u00a0<\/em><\/strong><\/p>\n<p>Alkup\u00e4iv\u00e4 syksyll\u00e4: 10.9. klo 18:00 -ja sitten aina jatkuu aina maanantaisin klo 18:00, \u00c5lidhemin kirkolla \u2013 paitsi jumalanpalveluksen j\u00e4lkeisen\u00e4 maanantaina, jos kuoro on esiintynyt jum.palveluksessa. Uudet kuorolaulajat ovat my\u00f6s tervetulleita.<\/p>\n<p><em>Startdag till h\u00f6sten: 10 sept kl. 18 &#8211; och d\u00e4refter blir det k\u00f6r\u00f6vning p\u00e5 m\u00e5ndagar kl. 18.00 i \u00c5lidhemskyrkan \u2013 utom p\u00e5 m\u00e5ndag efter gudstj\u00e4nstdag i de fall k\u00f6ren har medverkat i gudstj\u00e4nsten. Nya k\u00f6rs\u00e5ngare \u00e4r\u00a0hj\u00e4rtligt v\u00e4lkomna.<\/em><\/p>\n<p><strong>Kuoron johtaja<\/strong> \u2013 <em>k\u00f6rledare: <\/em>Ingrid Engdahl Puh\/Tel. 090-200 27 18 S\u00e4hk\u00f6posti\/<em>e-post: <\/em><a href=\"mailto:ingrid.engdahl@svenskakyrkan.se\">ingrid.engdahl@svenskakyrkan.se<\/a><\/p>\n<p><strong>Muut tiedot \/ <em>\u00d6vrig information<\/em> <\/strong>Pappi\/<em>Pr\u00e4st: <\/em>Walther Hjorth Puh\/Tel: 090-200 27 32 (suomenkiell.seurak.ty\u00f6\/finskspr\u00e5kl.f\u00f6rs.arb.)S\u00e4hk\u00f6posti\/<em>e-post: <\/em><a href=\"mailto:walther.hjorth@svenskakyrkan.se\">walther.hjorth@svenskakyrkan.se<\/a>\u00a0Papin ty\u00f6aika on 25%. Pappi on tavattavissa \u00c5lidhemmin seurak. virastossa, seuraavina Tiistai p\u00e4ivin\u00e4 klo. 13-14. 21.8, 18.9, 25.9, 16.10, 23.10, 13.11, 20.11, 11.12 ja 18.12 <em>Pr\u00e4stens arbetstid \u00e4r 25%. Pr\u00e4st \u00e4r antr\u00e4ffbar p\u00e5 \u00c5lidhemskyrkans kontorunder f\u00f6ljande Tisdagar kl. 13-14. 21\/8, 18\/9, 25\/9, 16\/10, 23\/10, 13\/11, 20\/11, 11\/12 och 18\/12\u00a0<\/em><\/p>\n<p><strong>Ruotsin kirkon puhelinkeskus,<\/strong> Uumajassa: puh. 090-200 25 00.<em>Tel. till Svenska kyrkan i Ume\u00e5: <\/em>090-200 25 00.<\/p>\n<p><strong>Kanttori \/ Kuoron johtaja<\/strong> \u2013 <em>Kantor \/ k\u00f6rledare:<\/em>Ingrid Engdahl Puh\/Tel. 090-200 27 18 S\u00e4hk\u00f6posti\/<em>e-post: <\/em><a href=\"mailto:ingrid.engdahl@svenskakyrkan.se\">ingrid.engdahl@svenskakyrkan.se<\/a><\/p>\n<p>Huom. Muutokset mahdollisia yll\u00e4 olevaan ohjelmaan., Katso my\u00f6s \u00c5lidhemmin kirkkon kotisivua : <a href=\"http:\/\/www.svenskakyrkan.se\/alidhem\">www.svenskakyrkan.se\/alidhem<\/a><\/p>\n<p><em>Obs: Ovanst\u00e5ende program kan \u00e4ndras, se ocks\u00e5 \u00c5lidhems f\u00f6rsamlings hemsida: www.svenskakyrkan.se\/alidhem<\/em><\/p>\n","protected":false},"excerpt":{"rendered":"<p>Suomenkielisen seurakuntaty\u00f6n syysohjelma 2012. 2\/9\u00a0 kl 15.30 Kolminaisuudenp\u00e4iv\u00e4n 13.s sunnuntai.P\u00e4\u00e4messu \u00c5lidhem kko. 30\/9 kl 15.30 Pyh\u00e4n Mikaelin p\u00e4iv\u00e4. P\u00e4\u00e4messu. Syyskokous \u00c5lidhem kko. 28\/10 kl.11.00 Huom. aika! Kaksikielinen p\u00e4\u00e4messu, Staffan Nyg\u00e5rd ja Walther Hjorth, kuoro. \u00c5lidhem kko. 25\/11 kl. 15.30 Tuomiosunnuntai.\u00a0Sunnuntaijumalanpalvelus. &hellip; <a href=\"http:\/\/uumajalaiset.se\/?p=6354\">L\u00e4s mer <span class=\"meta-nav\">&rarr;<\/span><\/a><\/p>\n","protected":false},"author":1,"featured_media":0,"comment_status":"closed","ping_status":"closed","sticky":false,"template":"","format":"standard","meta":{"footnotes":""},"categories":[1],"tags":[],"class_list":["post-6354","post","type-post","status-publish","format-standard","hentry","category-arkisto"],"_links":{"self":[{"href":"http:\/\/uumajalaiset.se\/index.php?rest_route=\/wp\/v2\/posts\/6354","targetHints":{"allow":["GET"]}}],"collection":[{"href":"http:\/\/uumajalaiset.se\/index.php?rest_route=\/wp\/v2\/posts"}],"about":[{"href":"http:\/\/uumajalaiset.se\/index.php?rest_route=\/wp\/v2\/types\/post"}],"author":[{"embeddable":true,"href":"http:\/\/uumajalaiset.se\/index.php?rest_route=\/wp\/v2\/users\/1"}],"replies":[{"embeddable":true,"href":"http:\/\/uumajalaiset.se\/index.php?rest_route=%2Fwp%2Fv2%2Fcomments&post=6354"}],"version-history":[{"count":3,"href":"http:\/\/uumajalaiset.se\/index.php?rest_route=\/wp\/v2\/posts\/6354\/revisions"}],"predecessor-version":[{"id":6356,"href":"http:\/\/uumajalaiset.se\/index.php?rest_route=\/wp\/v2\/posts\/6354\/revisions\/6356"}],"wp:attachment":[{"href":"http:\/\/uumajalaiset.se\/index.php?rest_route=%2Fwp%2Fv2%2Fmedia&parent=6354"}],"wp:term":[{"taxonomy":"category","embeddable":true,"href":"http:\/\/uumajalaiset.se\/index.php?rest_route=%2Fwp%2Fv2%2Fcategories&post=6354"},{"taxonomy":"post_tag","embeddable":true,"href":"http:\/\/uumajalaiset.se\/index.php?rest_route=%2Fwp%2Fv2%2Ftags&post=6354"}],"curies":[{"name":"wp","href":"https:\/\/api.w.org\/{rel}","templated":true}]}}