{"id":6389,"date":"2013-05-10T07:17:22","date_gmt":"2013-05-10T07:17:22","guid":{"rendered":"http:\/\/uumajalaiset.se\/?p=6389"},"modified":"2013-08-30T12:33:51","modified_gmt":"2013-08-30T10:33:51","slug":"kimmo-sunila-uumajan-papiksi","status":"publish","type":"post","link":"http:\/\/uumajalaiset.se\/?p=6389","title":{"rendered":"Kimmo Sulila Uumajan papiksi"},"content":{"rendered":"<p>Tuli viesti Ruotsin kirkon suomenkielisen seurakuntaty\u00f6n puheenjohtajalta, joka kertoi, ett\u00e4 Uumajaan oli saatu uusi pappi Walther Hjorthin tilalla, Walther Hjorthan j\u00e4i kev\u00e4\u00e4ll\u00e4 el\u00e4kkeelle. Kimmo Sulila alkaa ty\u00f6ns\u00e4 syksyll\u00e4 2013.<\/p>\n<p>&#8221; Hei,\u00a0nyt saan p\u00e4\u00e4st\u00e4\u00e4 tiedoksi uuden pappimme henkil\u00f6tiedot.\u00a0H\u00e4n on Kimmo Sulila, ja h\u00e4n aloittaa Uumajassa ensimm\u00e4inen lokakuuta. Kimmo on\u00a0\u00a0v\u00e4h\u00e4n p\u00e4\u00e4lle 50 vuotias, monen lapsen is\u00e4. Kaikki lapset ovat aikuisia ja\u00a0\u00a0asuvat ymp\u00e4ri Ruotsinmaata, nuorin opiskelee Uumajassa, mik\u00e4 varmaan\u00a0\u00a0vaikutti siihen ett\u00e4 Kimmo haki seurakuntapapin ty\u00f6t\u00e4 t\u00e4\u00e4lt\u00e4.<\/p>\n<p>Kimmo Sulila toimii kirkkoherrana kaksikielisess\u00e4 Haaparannassa, ja h\u00e4n on\u00a0tottunut k\u00e4ytt\u00e4m\u00e4\u00e4n molempia kieli\u00e4 virantoimituksessaan.\u00a0Suomenkielinen seurakuntaty\u00f6 on puolet ty\u00f6ajasta.\u00a0H\u00e4nell\u00e4 on my\u00f6skin kokemusta instituuttity\u00f6st\u00e4, sill\u00e4 h\u00e4n on ollut<br \/>\nvankilapappina nuorempana.<\/p>\n<p>Uumajassa on h\u00e4nen puoli ty\u00f6kentt\u00e4\u00e4ns\u00e4\u00a0\u00a0ruotsinkielisen\u00e4 sairaalapappina useamman muun papin ja diakoonin\u00a0\u00a0ty\u00f6ryhm\u00e4ss\u00e4.\u00a0Kimmon sairaanhoitajavaimo on juuri saanut sairaanhoitajan viran\u00a0\u00a0m\u00e4\u00e4r\u00e4tyll\u00e4 erikoisalalla Haaparannassa, ja j\u00e4\u00e4 sinne ty\u00f6skentelem\u00e4\u00e4n, niin\u00a0\u00a0ett\u00e4 perheen juuret eiv\u00e4t viel\u00e4 katkea Haaparantaan.<\/p>\n<p>Terveisin, Seija Dahlgren<\/p>\n","protected":false},"excerpt":{"rendered":"<p>Tuli viesti Ruotsin kirkon suomenkielisen seurakuntaty\u00f6n puheenjohtajalta, joka kertoi, ett\u00e4 Uumajaan oli saatu uusi pappi Walther Hjorthin tilalla, Walther Hjorthan j\u00e4i kev\u00e4\u00e4ll\u00e4 el\u00e4kkeelle. Kimmo Sulila alkaa ty\u00f6ns\u00e4 syksyll\u00e4 2013. &#8221; Hei,\u00a0nyt saan p\u00e4\u00e4st\u00e4\u00e4 tiedoksi uuden pappimme henkil\u00f6tiedot.\u00a0H\u00e4n on Kimmo Sulila, &hellip; <a href=\"http:\/\/uumajalaiset.se\/?p=6389\">L\u00e4s mer <span class=\"meta-nav\">&rarr;<\/span><\/a><\/p>\n","protected":false},"author":1,"featured_media":0,"comment_status":"closed","ping_status":"closed","sticky":false,"template":"","format":"standard","meta":{"footnotes":""},"categories":[1,15,8],"tags":[],"class_list":["post-6389","post","type-post","status-publish","format-standard","hentry","category-arkisto","category-seurakuntapiiri","category-uutiset-2"],"_links":{"self":[{"href":"http:\/\/uumajalaiset.se\/index.php?rest_route=\/wp\/v2\/posts\/6389","targetHints":{"allow":["GET"]}}],"collection":[{"href":"http:\/\/uumajalaiset.se\/index.php?rest_route=\/wp\/v2\/posts"}],"about":[{"href":"http:\/\/uumajalaiset.se\/index.php?rest_route=\/wp\/v2\/types\/post"}],"author":[{"embeddable":true,"href":"http:\/\/uumajalaiset.se\/index.php?rest_route=\/wp\/v2\/users\/1"}],"replies":[{"embeddable":true,"href":"http:\/\/uumajalaiset.se\/index.php?rest_route=%2Fwp%2Fv2%2Fcomments&post=6389"}],"version-history":[{"count":10,"href":"http:\/\/uumajalaiset.se\/index.php?rest_route=\/wp\/v2\/posts\/6389\/revisions"}],"predecessor-version":[{"id":6577,"href":"http:\/\/uumajalaiset.se\/index.php?rest_route=\/wp\/v2\/posts\/6389\/revisions\/6577"}],"wp:attachment":[{"href":"http:\/\/uumajalaiset.se\/index.php?rest_route=%2Fwp%2Fv2%2Fmedia&parent=6389"}],"wp:term":[{"taxonomy":"category","embeddable":true,"href":"http:\/\/uumajalaiset.se\/index.php?rest_route=%2Fwp%2Fv2%2Fcategories&post=6389"},{"taxonomy":"post_tag","embeddable":true,"href":"http:\/\/uumajalaiset.se\/index.php?rest_route=%2Fwp%2Fv2%2Ftags&post=6389"}],"curies":[{"name":"wp","href":"https:\/\/api.w.org\/{rel}","templated":true}]}}