{"id":6670,"date":"2013-12-03T04:16:42","date_gmt":"2013-12-03T02:16:42","guid":{"rendered":"http:\/\/uumajalaiset.se\/?p=6670"},"modified":"2018-09-24T20:07:48","modified_gmt":"2018-09-24T18:07:48","slug":"suomen-itsenaisyyspaiva-uumajassa-6-12","status":"publish","type":"post","link":"http:\/\/uumajalaiset.se\/?p=6670","title":{"rendered":"Suomen itsen\u00e4isyysp\u00e4iv\u00e4 Uumajassa 6.12."},"content":{"rendered":"<p>Tervetuloa viett\u00e4m\u00e4\u00e4n kanssamme Suomen itsen\u00e4isyysp\u00e4iv\u00e4\u00e4 perjantaina 6. joulukuuta Uumajan Mariakirkossa.<br \/>\nOhjelma alkaa klo 18 sis\u00e4lt\u00e4en mm. ruokailun (40 kr), Viktor Klimenko esiintyy, samoin kirkkokuoro. Ilmoittautumiset Jari Prosille 070-655 98 94. Kutsuvieraina mm. sotaveteraaneja ja paikallisia vaikuttajia.<\/p>\n<p>Itsen\u00e4isyysp\u00e4iv\u00e4n\u00e4 olemme my\u00f6s kaupungilla Lasitalossa R\u00e5dhustorgetilla klo 10-15. Suomen lippu liehuu ja laulamme Maamme-laulun klo 12.00.<br \/>\nTarjoilemme kahvia ja pipareita.<\/p>\n<p><b>Fira Finlands sj\u00e4lvst\u00e4ndighetsdag 6 december<br \/>\n<\/b>Kom och fira Finlands sj\u00e4lvst\u00e4ndighetsdag fredag 6 december i Glashuset och i Mariakyrkan.<b>Klockan 10\u201315<br \/>\n<\/b><b>Glashuset, R\u00e5dhustorget<br \/>\n<\/b>Kl. 11 Krigsveteran professor Fritz Bergman ber\u00e4ttar om Finlands historia och krig. Mikko Luiro, finsktalande konsulent i Ume\u00e5 kommun, informerar om pension\u00e4rers minoritetsr\u00e4ttigheter.<br \/>\nKl. 12 Sj\u00e4lvst\u00e4ndighetstal och nationals\u00e5ng<br \/>\nKl. 13 Aino Dahl, finsktalande informat\u00f6r i Ume\u00e5 kommun, informerar och svarar p\u00e5 fr\u00e5gor om Ume\u00e5 kommuns arbete med de nationella minoriteterna.<br \/>\nFinska klubben bjuder p\u00e5 kaffe och kakor. Jari Prosi, ordf\u00f6rande i Finska delegationen i Ume\u00e5, svarar p\u00e5 fr\u00e5gor om minoritetsreformen i Ume\u00e5 kommun<\/p>\n","protected":false},"excerpt":{"rendered":"<p>Tervetuloa viett\u00e4m\u00e4\u00e4n kanssamme Suomen itsen\u00e4isyysp\u00e4iv\u00e4\u00e4 perjantaina 6. joulukuuta Uumajan Mariakirkossa. Ohjelma alkaa klo 18 sis\u00e4lt\u00e4en mm. ruokailun (40 kr), Viktor Klimenko esiintyy, samoin kirkkokuoro. Ilmoittautumiset Jari Prosille 070-655 98 94. Kutsuvieraina mm. sotaveteraaneja ja paikallisia vaikuttajia. Itsen\u00e4isyysp\u00e4iv\u00e4n\u00e4 olemme my\u00f6s kaupungilla &hellip; <a href=\"http:\/\/uumajalaiset.se\/?p=6670\">L\u00e4s mer <span class=\"meta-nav\">&rarr;<\/span><\/a><\/p>\n","protected":false},"author":1,"featured_media":0,"comment_status":"closed","ping_status":"closed","sticky":false,"template":"","format":"standard","meta":{"footnotes":""},"categories":[1,8],"tags":[],"class_list":["post-6670","post","type-post","status-publish","format-standard","hentry","category-arkisto","category-uutiset-2"],"_links":{"self":[{"href":"http:\/\/uumajalaiset.se\/index.php?rest_route=\/wp\/v2\/posts\/6670","targetHints":{"allow":["GET"]}}],"collection":[{"href":"http:\/\/uumajalaiset.se\/index.php?rest_route=\/wp\/v2\/posts"}],"about":[{"href":"http:\/\/uumajalaiset.se\/index.php?rest_route=\/wp\/v2\/types\/post"}],"author":[{"embeddable":true,"href":"http:\/\/uumajalaiset.se\/index.php?rest_route=\/wp\/v2\/users\/1"}],"replies":[{"embeddable":true,"href":"http:\/\/uumajalaiset.se\/index.php?rest_route=%2Fwp%2Fv2%2Fcomments&post=6670"}],"version-history":[{"count":7,"href":"http:\/\/uumajalaiset.se\/index.php?rest_route=\/wp\/v2\/posts\/6670\/revisions"}],"predecessor-version":[{"id":6691,"href":"http:\/\/uumajalaiset.se\/index.php?rest_route=\/wp\/v2\/posts\/6670\/revisions\/6691"}],"wp:attachment":[{"href":"http:\/\/uumajalaiset.se\/index.php?rest_route=%2Fwp%2Fv2%2Fmedia&parent=6670"}],"wp:term":[{"taxonomy":"category","embeddable":true,"href":"http:\/\/uumajalaiset.se\/index.php?rest_route=%2Fwp%2Fv2%2Fcategories&post=6670"},{"taxonomy":"post_tag","embeddable":true,"href":"http:\/\/uumajalaiset.se\/index.php?rest_route=%2Fwp%2Fv2%2Ftags&post=6670"}],"curies":[{"name":"wp","href":"https:\/\/api.w.org\/{rel}","templated":true}]}}