{"id":822,"date":"2012-02-15T18:18:54","date_gmt":"2012-02-15T18:18:54","guid":{"rendered":"http:\/\/uumajalaiset.se\/?p=822"},"modified":"2012-02-25T07:01:27","modified_gmt":"2012-02-25T07:01:27","slug":"frida-hyvosesta-veikko-ahvenaiseen-ruosufestivaaleilla","status":"publish","type":"post","link":"http:\/\/uumajalaiset.se\/?p=822","title":{"rendered":"Frida Hyv\u00f6sest\u00e4 Veikko Ahvenaiseen Ruosufestivaaliviikolla"},"content":{"rendered":"<p><a href=\"http:\/\/uumajalaiset.se\/?attachment_id=823\" rel=\"attachment wp-att-823\" target=\"_blank\"><img loading=\"lazy\" decoding=\"async\" class=\"alignnone size-full wp-image-823\" title=\"FridaHyv\u00f6nen\" src=\"http:\/\/media.uumajalaiset.se\/2012\/02\/FridaHyv\u00f6nen.jpg\" alt=\"\" width=\"4022\" height=\"2260\" srcset=\"http:\/\/media.uumajalaiset.se\/2012\/02\/FridaHyv\u00f6nen.jpg 4022w, http:\/\/media.uumajalaiset.se\/2012\/02\/FridaHyv\u00f6nen-150x84.jpg 150w, http:\/\/media.uumajalaiset.se\/2012\/02\/FridaHyv\u00f6nen-300x168.jpg 300w, http:\/\/media.uumajalaiset.se\/2012\/02\/FridaHyv\u00f6nen-500x280.jpg 500w\" sizes=\"auto, (max-width: 4022px) 100vw, 4022px\" \/><\/a><br \/>\nFrida Hyv\u00f6sen kolmas albumi ilmestyy Ruosufestivaaliviikon keskiviikkona ja Ruosufestivaaliviikon lauantaina 21.4 h\u00e4n esiintyy Sagateatterissa Uumajassa kulttuuriyhdistys Humlan j\u00e4rjest\u00e4m\u00e4ss\u00e4 konsertissa.<\/p>\n<p><a href=\"http:\/\/uumajalaiset.se\/?attachment_id=824\" rel=\"attachment wp-att-824\" target=\"_blank\"><img loading=\"lazy\" decoding=\"async\" class=\"alignnone size-full wp-image-824\" title=\"veikkojuhlissa\" src=\"http:\/\/media.uumajalaiset.se\/2012\/02\/veikkojuhlissa.jpg\" alt=\"\" width=\"510\" height=\"340\" srcset=\"http:\/\/media.uumajalaiset.se\/2012\/02\/veikkojuhlissa.jpg 510w, http:\/\/media.uumajalaiset.se\/2012\/02\/veikkojuhlissa-150x100.jpg 150w, http:\/\/media.uumajalaiset.se\/2012\/02\/veikkojuhlissa-300x200.jpg 300w, http:\/\/media.uumajalaiset.se\/2012\/02\/veikkojuhlissa-500x333.jpg 500w, http:\/\/media.uumajalaiset.se\/2012\/02\/veikkojuhlissa-450x300.jpg 450w\" sizes=\"auto, (max-width: 510px) 100vw, 510px\" \/><\/a><br \/>\nRuosufestivaaliviikon tiistaina 17.4 esiintyy el\u00e4v\u00e4 legenda, harmonikkataiteilija Veikko Ahvenainen joko Ume\u00e5 Folkets Hus\u00a0Studion tai Tegin kirkossa.<\/p>\n<p>Maanantai-iltana Uumajan Suomalaisen Kerhon vieraana on Uumajan alueen aluep\u00e4\u00e4likk\u00f6 Erik Bergqvist joka keskustelee Sillasta Suomeen. Torstai-iltana keskustellaan kulttuurista.<\/p>\n<p>Ruosufestivaaliviikon ohjelma on ty\u00f6n alla. Mit\u00e4 Sin\u00e4 haluaisit n\u00e4hd\u00e4 Ruosufestivaaliviikolla?<\/p>\n","protected":false},"excerpt":{"rendered":"<p>Frida Hyv\u00f6sen kolmas albumi ilmestyy Ruosufestivaaliviikon keskiviikkona ja Ruosufestivaaliviikon lauantaina 21.4 h\u00e4n esiintyy Sagateatterissa Uumajassa kulttuuriyhdistys Humlan j\u00e4rjest\u00e4m\u00e4ss\u00e4 konsertissa. Ruosufestivaaliviikon tiistaina 17.4 esiintyy el\u00e4v\u00e4 legenda, harmonikkataiteilija Veikko Ahvenainen joko Ume\u00e5 Folkets Hus\u00a0Studion tai Tegin kirkossa. Maanantai-iltana Uumajan Suomalaisen Kerhon vieraana &hellip; <a href=\"http:\/\/uumajalaiset.se\/?p=822\">L\u00e4s mer <span class=\"meta-nav\">&rarr;<\/span><\/a><\/p>\n","protected":false},"author":1,"featured_media":0,"comment_status":"open","ping_status":"open","sticky":false,"template":"","format":"gallery","meta":{"footnotes":""},"categories":[8],"tags":[],"class_list":["post-822","post","type-post","status-publish","format-gallery","hentry","category-uutiset-2","post_format-post-format-gallery"],"_links":{"self":[{"href":"http:\/\/uumajalaiset.se\/index.php?rest_route=\/wp\/v2\/posts\/822","targetHints":{"allow":["GET"]}}],"collection":[{"href":"http:\/\/uumajalaiset.se\/index.php?rest_route=\/wp\/v2\/posts"}],"about":[{"href":"http:\/\/uumajalaiset.se\/index.php?rest_route=\/wp\/v2\/types\/post"}],"author":[{"embeddable":true,"href":"http:\/\/uumajalaiset.se\/index.php?rest_route=\/wp\/v2\/users\/1"}],"replies":[{"embeddable":true,"href":"http:\/\/uumajalaiset.se\/index.php?rest_route=%2Fwp%2Fv2%2Fcomments&post=822"}],"version-history":[{"count":13,"href":"http:\/\/uumajalaiset.se\/index.php?rest_route=\/wp\/v2\/posts\/822\/revisions"}],"predecessor-version":[{"id":932,"href":"http:\/\/uumajalaiset.se\/index.php?rest_route=\/wp\/v2\/posts\/822\/revisions\/932"}],"wp:attachment":[{"href":"http:\/\/uumajalaiset.se\/index.php?rest_route=%2Fwp%2Fv2%2Fmedia&parent=822"}],"wp:term":[{"taxonomy":"category","embeddable":true,"href":"http:\/\/uumajalaiset.se\/index.php?rest_route=%2Fwp%2Fv2%2Fcategories&post=822"},{"taxonomy":"post_tag","embeddable":true,"href":"http:\/\/uumajalaiset.se\/index.php?rest_route=%2Fwp%2Fv2%2Ftags&post=822"}],"curies":[{"name":"wp","href":"https:\/\/api.w.org\/{rel}","templated":true}]}}