{"id":870,"date":"2012-02-25T02:28:27","date_gmt":"2012-02-25T02:28:27","guid":{"rendered":"http:\/\/uumajalaiset.se\/?p=870"},"modified":"2013-01-11T13:55:31","modified_gmt":"2013-01-11T13:55:31","slug":"ruotsinsuomalaisten-paivaa-vietettiin-uumajassa","status":"publish","type":"post","link":"http:\/\/uumajalaiset.se\/?p=870","title":{"rendered":"Ruotsinsuomalaisten p\u00e4iv\u00e4\u00e4 vietettiin Uumajassa"},"content":{"rendered":"<p><a href=\"http:\/\/uumajalaiset.se\/?attachment_id=871\" rel=\"attachment wp-att-871\"><img loading=\"lazy\" decoding=\"async\" class=\"alignnone size-full wp-image-871\" title=\"2012-02-24gottlundinp\u00e4iv\u00e4 (1)\" src=\"http:\/\/media.uumajalaiset.se\/2012\/02\/2012-02-24gottlundinp\u00e4iv\u00e4-1.jpg\" alt=\"\" width=\"500\" height=\"375\" srcset=\"http:\/\/media.uumajalaiset.se\/2012\/02\/2012-02-24gottlundinp\u00e4iv\u00e4-1.jpg 500w, http:\/\/media.uumajalaiset.se\/2012\/02\/2012-02-24gottlundinp\u00e4iv\u00e4-1-150x112.jpg 150w, http:\/\/media.uumajalaiset.se\/2012\/02\/2012-02-24gottlundinp\u00e4iv\u00e4-1-300x225.jpg 300w, http:\/\/media.uumajalaiset.se\/2012\/02\/2012-02-24gottlundinp\u00e4iv\u00e4-1-400x300.jpg 400w\" sizes=\"auto, (max-width: 500px) 100vw, 500px\" \/><\/a><br \/>\nRuotsinsuomalaisuuden p\u00e4iv\u00e4\u00e4 vietettiin Uumajassa toista kertaa. Uumajan Suomalaisen\u00a0Kerhon m\u00f6kille Nydalaj\u00e4rven rannalle oli lumituiskua uhmaten ker\u00e4\u00e4ntynyt pari tusinaa ruotsinsuomalaista juhlistamaan Gottlundin syntym\u00e4p\u00e4iv\u00e4\u00e4, ruotsinsuomalaisten ja ruotsinsuomalaisuuden p\u00e4iv\u00e4\u00e4.<br \/>\n<a href=\"http:\/\/uumajalaiset.se\/?attachment_id=872\" rel=\"attachment wp-att-872\"><img loading=\"lazy\" decoding=\"async\" class=\"alignnone size-full wp-image-872\" title=\"2012-02-24gottlundinp\u00e4iv\u00e4 (2)\" src=\"http:\/\/media.uumajalaiset.se\/2012\/02\/2012-02-24gottlundinp\u00e4iv\u00e4-2.jpg\" alt=\"\" width=\"500\" height=\"375\" srcset=\"http:\/\/media.uumajalaiset.se\/2012\/02\/2012-02-24gottlundinp\u00e4iv\u00e4-2.jpg 500w, http:\/\/media.uumajalaiset.se\/2012\/02\/2012-02-24gottlundinp\u00e4iv\u00e4-2-150x112.jpg 150w, http:\/\/media.uumajalaiset.se\/2012\/02\/2012-02-24gottlundinp\u00e4iv\u00e4-2-300x225.jpg 300w, http:\/\/media.uumajalaiset.se\/2012\/02\/2012-02-24gottlundinp\u00e4iv\u00e4-2-400x300.jpg 400w\" sizes=\"auto, (max-width: 500px) 100vw, 500px\" \/><\/a><br \/>\nPaikalle ker\u00e4\u00e4ntyneet juhlavieraat ehtiv\u00e4t jutella hetken &#8230;.<a href=\"http:\/\/uumajalaiset.se\/?attachment_id=873\" rel=\"attachment wp-att-873\"><img loading=\"lazy\" decoding=\"async\" class=\"alignnone size-full wp-image-873\" title=\"2012-02-24gottlundinp\u00e4iv\u00e4 (3)\" src=\"http:\/\/media.uumajalaiset.se\/2012\/02\/2012-02-24gottlundinp\u00e4iv\u00e4-3.jpg\" alt=\"\" width=\"500\" height=\"375\" srcset=\"http:\/\/media.uumajalaiset.se\/2012\/02\/2012-02-24gottlundinp\u00e4iv\u00e4-3.jpg 500w, http:\/\/media.uumajalaiset.se\/2012\/02\/2012-02-24gottlundinp\u00e4iv\u00e4-3-150x112.jpg 150w, http:\/\/media.uumajalaiset.se\/2012\/02\/2012-02-24gottlundinp\u00e4iv\u00e4-3-300x225.jpg 300w, http:\/\/media.uumajalaiset.se\/2012\/02\/2012-02-24gottlundinp\u00e4iv\u00e4-3-400x300.jpg 400w\" sizes=\"auto, (max-width: 500px) 100vw, 500px\" \/><\/a><br \/>\n&#8230; ennenkuin Uumajan Suomalaisen Kerhon puheenjohtaja Raili Borg toivotti kaikki tervetulleiksi ja kehoitti nauttimaan p\u00f6yd\u00e4n antimista.<br \/>\n<a href=\"http:\/\/uumajalaiset.se\/?attachment_id=875\" rel=\"attachment wp-att-875\"><img loading=\"lazy\" decoding=\"async\" class=\"alignnone size-full wp-image-875\" title=\"2012-02-24gottlundinp\u00e4iv\u00e4 (16)\" src=\"http:\/\/media.uumajalaiset.se\/2012\/02\/2012-02-24gottlundinp\u00e4iv\u00e4-16.jpg\" alt=\"\" width=\"500\" height=\"375\" srcset=\"http:\/\/media.uumajalaiset.se\/2012\/02\/2012-02-24gottlundinp\u00e4iv\u00e4-16.jpg 500w, http:\/\/media.uumajalaiset.se\/2012\/02\/2012-02-24gottlundinp\u00e4iv\u00e4-16-150x112.jpg 150w, http:\/\/media.uumajalaiset.se\/2012\/02\/2012-02-24gottlundinp\u00e4iv\u00e4-16-300x225.jpg 300w, http:\/\/media.uumajalaiset.se\/2012\/02\/2012-02-24gottlundinp\u00e4iv\u00e4-16-400x300.jpg 400w\" sizes=\"auto, (max-width: 500px) 100vw, 500px\" \/><\/a><br \/>\nLuvassa oli perinteellinen suomalainen juhla ateria, joka alkoi karjalanpiirakoilla eturuuaksi.<br \/>\n<a href=\"http:\/\/uumajalaiset.se\/?attachment_id=874\" rel=\"attachment wp-att-874\"><img loading=\"lazy\" decoding=\"async\" class=\"alignnone size-full wp-image-874\" title=\"2012-02-24gottlundinp\u00e4iv\u00e4 (4)\" src=\"http:\/\/media.uumajalaiset.se\/2012\/02\/2012-02-24gottlundinp\u00e4iv\u00e4-4.jpg\" alt=\"\" width=\"500\" height=\"375\" srcset=\"http:\/\/media.uumajalaiset.se\/2012\/02\/2012-02-24gottlundinp\u00e4iv\u00e4-4.jpg 500w, http:\/\/media.uumajalaiset.se\/2012\/02\/2012-02-24gottlundinp\u00e4iv\u00e4-4-150x112.jpg 150w, http:\/\/media.uumajalaiset.se\/2012\/02\/2012-02-24gottlundinp\u00e4iv\u00e4-4-300x225.jpg 300w, http:\/\/media.uumajalaiset.se\/2012\/02\/2012-02-24gottlundinp\u00e4iv\u00e4-4-400x300.jpg 400w\" sizes=\"auto, (max-width: 500px) 100vw, 500px\" \/><\/a><br \/>\nIrma Larsson, todellinen veteraani Uumajan Suomalaisessa Kerhossa oli perustamassa kerhoa 56 vuotta sitten vuonna 1956.<br \/>\n<a href=\"http:\/\/uumajalaiset.se\/?attachment_id=876\" rel=\"attachment wp-att-876\"><img loading=\"lazy\" decoding=\"async\" class=\"alignnone size-full wp-image-876\" title=\"2012-02-24gottlundinp\u00e4iv\u00e4 (5)\" src=\"http:\/\/media.uumajalaiset.se\/2012\/02\/2012-02-24gottlundinp\u00e4iv\u00e4-5.jpg\" alt=\"\" width=\"500\" height=\"375\" srcset=\"http:\/\/media.uumajalaiset.se\/2012\/02\/2012-02-24gottlundinp\u00e4iv\u00e4-5.jpg 500w, http:\/\/media.uumajalaiset.se\/2012\/02\/2012-02-24gottlundinp\u00e4iv\u00e4-5-150x112.jpg 150w, http:\/\/media.uumajalaiset.se\/2012\/02\/2012-02-24gottlundinp\u00e4iv\u00e4-5-300x225.jpg 300w, http:\/\/media.uumajalaiset.se\/2012\/02\/2012-02-24gottlundinp\u00e4iv\u00e4-5-400x300.jpg 400w\" sizes=\"auto, (max-width: 500px) 100vw, 500px\" \/><\/a><br \/>\nMaistuvaa.<br \/>\n<a href=\"http:\/\/uumajalaiset.se\/?attachment_id=877\" rel=\"attachment wp-att-877\"><img loading=\"lazy\" decoding=\"async\" class=\"alignnone size-full wp-image-877\" title=\"2012-02-24gottlundinp\u00e4iv\u00e4 (12)\" src=\"http:\/\/media.uumajalaiset.se\/2012\/02\/2012-02-24gottlundinp\u00e4iv\u00e4-12.jpg\" alt=\"\" width=\"500\" height=\"375\" srcset=\"http:\/\/media.uumajalaiset.se\/2012\/02\/2012-02-24gottlundinp\u00e4iv\u00e4-12.jpg 500w, http:\/\/media.uumajalaiset.se\/2012\/02\/2012-02-24gottlundinp\u00e4iv\u00e4-12-150x112.jpg 150w, http:\/\/media.uumajalaiset.se\/2012\/02\/2012-02-24gottlundinp\u00e4iv\u00e4-12-300x225.jpg 300w, http:\/\/media.uumajalaiset.se\/2012\/02\/2012-02-24gottlundinp\u00e4iv\u00e4-12-400x300.jpg 400w\" sizes=\"auto, (max-width: 500px) 100vw, 500px\" \/><\/a><br \/>\nP\u00e4\u00e4ruokana oli karjalanpaistia ja perunamuusia sek\u00e4 salaattip\u00f6yt\u00e4, josta l\u00f6ytyi niin kaali-puolukkasalaattia, porkkanaraastetta kuin vihre\u00e4\u00e4 salaattia.<br \/>\n<a href=\"http:\/\/uumajalaiset.se\/?attachment_id=878\" rel=\"attachment wp-att-878\"><img loading=\"lazy\" decoding=\"async\" class=\"alignnone size-full wp-image-878\" title=\"2012-02-24gottlundinp\u00e4iv\u00e4 (10)\" src=\"http:\/\/media.uumajalaiset.se\/2012\/02\/2012-02-24gottlundinp\u00e4iv\u00e4-10.jpg\" alt=\"\" width=\"500\" height=\"375\" srcset=\"http:\/\/media.uumajalaiset.se\/2012\/02\/2012-02-24gottlundinp\u00e4iv\u00e4-10.jpg 500w, http:\/\/media.uumajalaiset.se\/2012\/02\/2012-02-24gottlundinp\u00e4iv\u00e4-10-150x112.jpg 150w, http:\/\/media.uumajalaiset.se\/2012\/02\/2012-02-24gottlundinp\u00e4iv\u00e4-10-300x225.jpg 300w, http:\/\/media.uumajalaiset.se\/2012\/02\/2012-02-24gottlundinp\u00e4iv\u00e4-10-400x300.jpg 400w\" sizes=\"auto, (max-width: 500px) 100vw, 500px\" \/><\/a><br \/>\nVastaleivottu vehn\u00e4rouhe-ruisleip\u00e4 antoi ruualle\u00a0lis\u00e4\u00e4 kotoisaa tunnetta. Puolukkamehu ruokajuomana muistutti pohjoisen metsist\u00e4.<br \/>\n<a href=\"http:\/\/uumajalaiset.se\/?attachment_id=879\" rel=\"attachment wp-att-879\"><img loading=\"lazy\" decoding=\"async\" class=\"alignnone size-full wp-image-879\" title=\"2012-02-24gottlundinp\u00e4iv\u00e4 (14)\" src=\"http:\/\/media.uumajalaiset.se\/2012\/02\/2012-02-24gottlundinp\u00e4iv\u00e4-14.jpg\" alt=\"\" width=\"500\" height=\"375\" srcset=\"http:\/\/media.uumajalaiset.se\/2012\/02\/2012-02-24gottlundinp\u00e4iv\u00e4-14.jpg 500w, http:\/\/media.uumajalaiset.se\/2012\/02\/2012-02-24gottlundinp\u00e4iv\u00e4-14-150x112.jpg 150w, http:\/\/media.uumajalaiset.se\/2012\/02\/2012-02-24gottlundinp\u00e4iv\u00e4-14-300x225.jpg 300w, http:\/\/media.uumajalaiset.se\/2012\/02\/2012-02-24gottlundinp\u00e4iv\u00e4-14-400x300.jpg 400w\" sizes=\"auto, (max-width: 500px) 100vw, 500px\" \/><\/a><br \/>\nSuomen kielen delegaaation puheenjohtaja Tapio Tamminen ja Uumajan Suomalaisen Kerhon rahastonhoitaja Arja Tamminen olivat paikalla.<br \/>\n<a href=\"http:\/\/uumajalaiset.se\/?attachment_id=880\" rel=\"attachment wp-att-880\"><img loading=\"lazy\" decoding=\"async\" class=\"alignnone size-full wp-image-880\" title=\"2012-02-24gottlundinp\u00e4iv\u00e4 (9)\" src=\"http:\/\/media.uumajalaiset.se\/2012\/02\/2012-02-24gottlundinp\u00e4iv\u00e4-9.jpg\" alt=\"\" width=\"500\" height=\"375\" srcset=\"http:\/\/media.uumajalaiset.se\/2012\/02\/2012-02-24gottlundinp\u00e4iv\u00e4-9.jpg 500w, http:\/\/media.uumajalaiset.se\/2012\/02\/2012-02-24gottlundinp\u00e4iv\u00e4-9-150x112.jpg 150w, http:\/\/media.uumajalaiset.se\/2012\/02\/2012-02-24gottlundinp\u00e4iv\u00e4-9-300x225.jpg 300w, http:\/\/media.uumajalaiset.se\/2012\/02\/2012-02-24gottlundinp\u00e4iv\u00e4-9-400x300.jpg 400w\" sizes=\"auto, (max-width: 500px) 100vw, 500px\" \/><\/a><br \/>\nSek\u00e4 suomenkieliset romanit ett\u00e4 tornionjokilaaksolaiset oli kutsuttu juhliin\u00a0ja paikalle p\u00e4\u00e4si Pekka Nyman romanien yhdistyksest\u00e4.<br \/>\n<a href=\"http:\/\/uumajalaiset.se\/?attachment_id=881\" rel=\"attachment wp-att-881\"><img loading=\"lazy\" decoding=\"async\" class=\"alignnone size-full wp-image-881\" title=\"2012-02-24gottlundinp\u00e4iv\u00e4 (8)\" src=\"http:\/\/media.uumajalaiset.se\/2012\/02\/2012-02-24gottlundinp\u00e4iv\u00e4-8.jpg\" alt=\"\" width=\"500\" height=\"375\" srcset=\"http:\/\/media.uumajalaiset.se\/2012\/02\/2012-02-24gottlundinp\u00e4iv\u00e4-8.jpg 500w, http:\/\/media.uumajalaiset.se\/2012\/02\/2012-02-24gottlundinp\u00e4iv\u00e4-8-150x112.jpg 150w, http:\/\/media.uumajalaiset.se\/2012\/02\/2012-02-24gottlundinp\u00e4iv\u00e4-8-300x225.jpg 300w, http:\/\/media.uumajalaiset.se\/2012\/02\/2012-02-24gottlundinp\u00e4iv\u00e4-8-400x300.jpg 400w\" sizes=\"auto, (max-width: 500px) 100vw, 500px\" \/><\/a><br \/>\nKeitt\u00f6mestarina toimi Marjatta Forsells, joka tottuneesti hoiti ruuanlaiton.<br \/>\n<a href=\"http:\/\/uumajalaiset.se\/?attachment_id=882\" rel=\"attachment wp-att-882\"><img loading=\"lazy\" decoding=\"async\" class=\"alignnone size-full wp-image-882\" title=\"2012-02-24gottlundinp\u00e4iv\u00e4 (13)\" src=\"http:\/\/media.uumajalaiset.se\/2012\/02\/2012-02-24gottlundinp\u00e4iv\u00e4-13.jpg\" alt=\"\" width=\"500\" height=\"375\" srcset=\"http:\/\/media.uumajalaiset.se\/2012\/02\/2012-02-24gottlundinp\u00e4iv\u00e4-13.jpg 500w, http:\/\/media.uumajalaiset.se\/2012\/02\/2012-02-24gottlundinp\u00e4iv\u00e4-13-150x112.jpg 150w, http:\/\/media.uumajalaiset.se\/2012\/02\/2012-02-24gottlundinp\u00e4iv\u00e4-13-300x225.jpg 300w, http:\/\/media.uumajalaiset.se\/2012\/02\/2012-02-24gottlundinp\u00e4iv\u00e4-13-400x300.jpg 400w\" sizes=\"auto, (max-width: 500px) 100vw, 500px\" \/><\/a><br \/>\nTosi hyv\u00e4\u00e4.<br \/>\n<a href=\"http:\/\/uumajalaiset.se\/?attachment_id=884\" rel=\"attachment wp-att-884\"><img loading=\"lazy\" decoding=\"async\" class=\"alignnone size-full wp-image-884\" title=\"2012-02-24gottlundinp\u00e4iv\u00e4 (7)\" src=\"http:\/\/media.uumajalaiset.se\/2012\/02\/2012-02-24gottlundinp\u00e4iv\u00e4-7.jpg\" alt=\"\" width=\"500\" height=\"375\" srcset=\"http:\/\/media.uumajalaiset.se\/2012\/02\/2012-02-24gottlundinp\u00e4iv\u00e4-7.jpg 500w, http:\/\/media.uumajalaiset.se\/2012\/02\/2012-02-24gottlundinp\u00e4iv\u00e4-7-150x112.jpg 150w, http:\/\/media.uumajalaiset.se\/2012\/02\/2012-02-24gottlundinp\u00e4iv\u00e4-7-300x225.jpg 300w, http:\/\/media.uumajalaiset.se\/2012\/02\/2012-02-24gottlundinp\u00e4iv\u00e4-7-400x300.jpg 400w\" sizes=\"auto, (max-width: 500px) 100vw, 500px\" \/><\/a><br \/>\nRuuan p\u00e4\u00e4lle viel\u00e4 kahvit ja makeisia, jonka j\u00e4lkeen Raili Borg kertoi Karl Axel Gottlundista ja h\u00e4nen el\u00e4m\u00e4st\u00e4\u00e4n.<br \/>\n<a href=\"http:\/\/uumajalaiset.se\/?attachment_id=885\" rel=\"attachment wp-att-885\"><img loading=\"lazy\" decoding=\"async\" class=\"alignnone size-full wp-image-885\" title=\"2012-02-24gottlundinp\u00e4iv\u00e4 (11)\" src=\"http:\/\/media.uumajalaiset.se\/2012\/02\/2012-02-24gottlundinp\u00e4iv\u00e4-11.jpg\" alt=\"\" width=\"500\" height=\"375\" srcset=\"http:\/\/media.uumajalaiset.se\/2012\/02\/2012-02-24gottlundinp\u00e4iv\u00e4-11.jpg 500w, http:\/\/media.uumajalaiset.se\/2012\/02\/2012-02-24gottlundinp\u00e4iv\u00e4-11-150x112.jpg 150w, http:\/\/media.uumajalaiset.se\/2012\/02\/2012-02-24gottlundinp\u00e4iv\u00e4-11-300x225.jpg 300w, http:\/\/media.uumajalaiset.se\/2012\/02\/2012-02-24gottlundinp\u00e4iv\u00e4-11-400x300.jpg 400w\" sizes=\"auto, (max-width: 500px) 100vw, 500px\" \/><\/a><br \/>\nLovisa Jacobsson lauloi ja laulatti paikallaolijoita.<br \/>\n<a href=\"http:\/\/uumajalaiset.se\/?attachment_id=886\" rel=\"attachment wp-att-886\"><img loading=\"lazy\" decoding=\"async\" class=\"alignnone size-full wp-image-886\" title=\"2012-02-24gottlundinp\u00e4iv\u00e4 (17)\" src=\"http:\/\/media.uumajalaiset.se\/2012\/02\/2012-02-24gottlundinp\u00e4iv\u00e4-17.jpg\" alt=\"\" width=\"500\" height=\"375\" srcset=\"http:\/\/media.uumajalaiset.se\/2012\/02\/2012-02-24gottlundinp\u00e4iv\u00e4-17.jpg 500w, http:\/\/media.uumajalaiset.se\/2012\/02\/2012-02-24gottlundinp\u00e4iv\u00e4-17-150x112.jpg 150w, http:\/\/media.uumajalaiset.se\/2012\/02\/2012-02-24gottlundinp\u00e4iv\u00e4-17-300x225.jpg 300w, http:\/\/media.uumajalaiset.se\/2012\/02\/2012-02-24gottlundinp\u00e4iv\u00e4-17-400x300.jpg 400w\" sizes=\"auto, (max-width: 500px) 100vw, 500px\" \/><\/a><br \/>\nTuli takassa alkoi hiipua, osa vieraista l\u00e4hti kotiin ja osa j\u00e4i viel\u00e4 Loviisan kanssa laulamaan karaokea loppuillaksi. Ulkona tuiversi lumimyrsky ja ruotsinsuomalaisuuden p\u00e4iv\u00e4 l\u00e4heni loppuaan Uumajassa.<\/p>\n<p>Foto:Christina Borg<\/p>\n","protected":false},"excerpt":{"rendered":"<p>Ruotsinsuomalaisuuden p\u00e4iv\u00e4\u00e4 vietettiin Uumajassa toista kertaa. Uumajan Suomalaisen\u00a0Kerhon m\u00f6kille Nydalaj\u00e4rven rannalle oli lumituiskua uhmaten ker\u00e4\u00e4ntynyt pari tusinaa ruotsinsuomalaista juhlistamaan Gottlundin syntym\u00e4p\u00e4iv\u00e4\u00e4, ruotsinsuomalaisten ja ruotsinsuomalaisuuden p\u00e4iv\u00e4\u00e4. Paikalle ker\u00e4\u00e4ntyneet juhlavieraat ehtiv\u00e4t jutella hetken &#8230;. &#8230; ennenkuin Uumajan Suomalaisen Kerhon puheenjohtaja Raili Borg &hellip; <a href=\"http:\/\/uumajalaiset.se\/?p=870\">L\u00e4s mer <span class=\"meta-nav\">&rarr;<\/span><\/a><\/p>\n","protected":false},"author":1,"featured_media":0,"comment_status":"open","ping_status":"open","sticky":false,"template":"","format":"gallery","meta":{"footnotes":""},"categories":[8],"tags":[],"class_list":["post-870","post","type-post","status-publish","format-gallery","hentry","category-uutiset-2","post_format-post-format-gallery"],"_links":{"self":[{"href":"http:\/\/uumajalaiset.se\/index.php?rest_route=\/wp\/v2\/posts\/870","targetHints":{"allow":["GET"]}}],"collection":[{"href":"http:\/\/uumajalaiset.se\/index.php?rest_route=\/wp\/v2\/posts"}],"about":[{"href":"http:\/\/uumajalaiset.se\/index.php?rest_route=\/wp\/v2\/types\/post"}],"author":[{"embeddable":true,"href":"http:\/\/uumajalaiset.se\/index.php?rest_route=\/wp\/v2\/users\/1"}],"replies":[{"embeddable":true,"href":"http:\/\/uumajalaiset.se\/index.php?rest_route=%2Fwp%2Fv2%2Fcomments&post=870"}],"version-history":[{"count":10,"href":"http:\/\/uumajalaiset.se\/index.php?rest_route=\/wp\/v2\/posts\/870\/revisions"}],"predecessor-version":[{"id":891,"href":"http:\/\/uumajalaiset.se\/index.php?rest_route=\/wp\/v2\/posts\/870\/revisions\/891"}],"wp:attachment":[{"href":"http:\/\/uumajalaiset.se\/index.php?rest_route=%2Fwp%2Fv2%2Fmedia&parent=870"}],"wp:term":[{"taxonomy":"category","embeddable":true,"href":"http:\/\/uumajalaiset.se\/index.php?rest_route=%2Fwp%2Fv2%2Fcategories&post=870"},{"taxonomy":"post_tag","embeddable":true,"href":"http:\/\/uumajalaiset.se\/index.php?rest_route=%2Fwp%2Fv2%2Ftags&post=870"}],"curies":[{"name":"wp","href":"https:\/\/api.w.org\/{rel}","templated":true}]}}