{"id":310,"date":"2012-01-16T18:07:34","date_gmt":"2012-01-16T18:07:34","guid":{"rendered":"http:\/\/blogg.uumajalaiset.se\/?p=310"},"modified":"2016-08-20T14:55:59","modified_gmt":"2016-08-20T12:55:59","slug":"johtokunnan-jarkestaytymiskokous","status":"publish","type":"post","link":"https:\/\/uumajalaiset.se\/?p=310","title":{"rendered":"Johtokunnan j\u00e4rjest\u00e4ytymiskokous"},"content":{"rendered":"<p>Uumajan Suomalaisen Kerhon johtokunta j\u00e4rjest\u00e4ytyi sunnuntaina 15.tammikuuta kerhon konttorin tiloissa pidetyss\u00e4 kokouksessa. Juha Niemi on kerhon uusi varapuheenjohtaja, Olli Falben valittiin sihteeriksi.<\/p>\n<p><a href=\"http:\/\/uumajalaiset.se\/?attachment_id=336\" rel=\"attachment wp-att-336\"><img loading=\"lazy\" decoding=\"async\" class=\"alignnone size-full wp-image-336\" title=\"201201Johtokunta6\" src=\"http:\/\/media.uumajalaiset.se\/2012\/01\/201201Johtokunta6.jpg\" alt=\"\" width=\"400\" height=\"300\" srcset=\"http:\/\/media.uumajalaiset.se\/2012\/01\/201201Johtokunta6.jpg 400w, http:\/\/media.uumajalaiset.se\/2012\/01\/201201Johtokunta6-150x112.jpg 150w, http:\/\/media.uumajalaiset.se\/2012\/01\/201201Johtokunta6-300x225.jpg 300w\" sizes=\"auto, (max-width: 400px) 100vw, 400px\" \/><\/a><br \/>\nVasemmalta: varapuheenjohtaja Juha Niemi, puheenjohtaja Raili Borg, sihteeri Olli Falben.<\/p>\n<p>\n\t\t<style type=\"text\/css\">\n\t\t\t#gallery-1 {\n\t\t\t\tmargin: auto;\n\t\t\t}\n\t\t\t#gallery-1 .gallery-item {\n\t\t\t\tfloat: left;\n\t\t\t\tmargin-top: 10px;\n\t\t\t\ttext-align: center;\n\t\t\t\twidth: 50%;\n\t\t\t}\n\t\t\t#gallery-1 img {\n\t\t\t\tborder: 2px solid #cfcfcf;\n\t\t\t}\n\t\t\t#gallery-1 .gallery-caption {\n\t\t\t\tmargin-left: 0;\n\t\t\t}\n\t\t\t\/* see gallery_shortcode() in wp-includes\/media.php *\/\n\t\t<\/style>\n\t\t<div id='gallery-1' class='gallery galleryid-310 gallery-columns-2 gallery-size-thumbnail'><dl class='gallery-item'>\n\t\t\t<dt class='gallery-icon landscape'>\n\t\t\t\t<a href='https:\/\/uumajalaiset.se\/?attachment_id=338'><img loading=\"lazy\" decoding=\"async\" width=\"150\" height=\"112\" src=\"https:\/\/media.uumajalaiset.se\/2012\/01\/201201Johtokunta3-150x112.jpg\" class=\"attachment-thumbnail size-thumbnail\" alt=\"\" srcset=\"http:\/\/media.uumajalaiset.se\/2012\/01\/201201Johtokunta3-150x112.jpg 150w, http:\/\/media.uumajalaiset.se\/2012\/01\/201201Johtokunta3-300x225.jpg 300w, http:\/\/media.uumajalaiset.se\/2012\/01\/201201Johtokunta3.jpg 400w\" sizes=\"auto, (max-width: 150px) 100vw, 150px\" \/><\/a>\n\t\t\t<\/dt><\/dl><dl class='gallery-item'>\n\t\t\t<dt class='gallery-icon landscape'>\n\t\t\t\t<a href='https:\/\/uumajalaiset.se\/?attachment_id=341'><img loading=\"lazy\" decoding=\"async\" width=\"150\" height=\"112\" src=\"https:\/\/media.uumajalaiset.se\/2012\/01\/201201Johtokunta4-150x112.jpg\" class=\"attachment-thumbnail size-thumbnail\" alt=\"\" srcset=\"http:\/\/media.uumajalaiset.se\/2012\/01\/201201Johtokunta4-150x112.jpg 150w, http:\/\/media.uumajalaiset.se\/2012\/01\/201201Johtokunta4-300x225.jpg 300w, http:\/\/media.uumajalaiset.se\/2012\/01\/201201Johtokunta4.jpg 400w\" sizes=\"auto, (max-width: 150px) 100vw, 150px\" \/><\/a>\n\t\t\t<\/dt><\/dl><br style=\"clear: both\" \/><dl class='gallery-item'>\n\t\t\t<dt class='gallery-icon landscape'>\n\t\t\t\t<a href='https:\/\/uumajalaiset.se\/?attachment_id=342'><img loading=\"lazy\" decoding=\"async\" width=\"150\" height=\"112\" src=\"https:\/\/media.uumajalaiset.se\/2012\/01\/201201Johtokunta5-150x112.jpg\" class=\"attachment-thumbnail size-thumbnail\" alt=\"\" srcset=\"http:\/\/media.uumajalaiset.se\/2012\/01\/201201Johtokunta5-150x112.jpg 150w, http:\/\/media.uumajalaiset.se\/2012\/01\/201201Johtokunta5-300x225.jpg 300w, http:\/\/media.uumajalaiset.se\/2012\/01\/201201Johtokunta5.jpg 400w\" sizes=\"auto, (max-width: 150px) 100vw, 150px\" \/><\/a>\n\t\t\t<\/dt><\/dl><dl class='gallery-item'>\n\t\t\t<dt class='gallery-icon landscape'>\n\t\t\t\t<a href='https:\/\/uumajalaiset.se\/?attachment_id=343'><img loading=\"lazy\" decoding=\"async\" width=\"150\" height=\"112\" src=\"https:\/\/media.uumajalaiset.se\/2012\/01\/201201Johtokunta1-150x112.jpg\" class=\"attachment-thumbnail size-thumbnail\" alt=\"\" srcset=\"http:\/\/media.uumajalaiset.se\/2012\/01\/201201Johtokunta1-150x112.jpg 150w, http:\/\/media.uumajalaiset.se\/2012\/01\/201201Johtokunta1-300x225.jpg 300w, http:\/\/media.uumajalaiset.se\/2012\/01\/201201Johtokunta1.jpg 400w\" sizes=\"auto, (max-width: 150px) 100vw, 150px\" \/><\/a>\n\t\t\t<\/dt><\/dl><br style=\"clear: both\" \/><dl class='gallery-item'>\n\t\t\t<dt class='gallery-icon landscape'>\n\t\t\t\t<a href='https:\/\/uumajalaiset.se\/?attachment_id=336'><img loading=\"lazy\" decoding=\"async\" width=\"150\" height=\"112\" src=\"https:\/\/media.uumajalaiset.se\/2012\/01\/201201Johtokunta6-150x112.jpg\" class=\"attachment-thumbnail size-thumbnail\" alt=\"\" srcset=\"http:\/\/media.uumajalaiset.se\/2012\/01\/201201Johtokunta6-150x112.jpg 150w, http:\/\/media.uumajalaiset.se\/2012\/01\/201201Johtokunta6-300x225.jpg 300w, http:\/\/media.uumajalaiset.se\/2012\/01\/201201Johtokunta6.jpg 400w\" sizes=\"auto, (max-width: 150px) 100vw, 150px\" \/><\/a>\n\t\t\t<\/dt><\/dl>\n\t\t\t<br style='clear: both' \/>\n\t\t<\/div>\n<br \/>\nFoto: Olli Falben<\/p>\n","protected":false},"excerpt":{"rendered":"<p>Uumajan Suomalaisen Kerhon johtokunta j\u00e4rjest\u00e4ytyi sunnuntaina 15.tammikuuta kerhon konttorin tiloissa pidetyss\u00e4 kokouksessa. Juha Niemi on kerhon uusi varapuheenjohtaja, Olli Falben valittiin sihteeriksi. Vasemmalta: varapuheenjohtaja Juha Niemi, puheenjohtaja Raili Borg, sihteeri Olli Falben. Foto: Olli Falben<\/p>\n","protected":false},"author":1,"featured_media":0,"comment_status":"open","ping_status":"open","sticky":false,"template":"","format":"gallery","meta":{"footnotes":""},"categories":[8],"tags":[],"class_list":["post-310","post","type-post","status-publish","format-gallery","hentry","category-uutiset-2","post_format-post-format-gallery"],"_links":{"self":[{"href":"https:\/\/uumajalaiset.se\/index.php?rest_route=\/wp\/v2\/posts\/310","targetHints":{"allow":["GET"]}}],"collection":[{"href":"https:\/\/uumajalaiset.se\/index.php?rest_route=\/wp\/v2\/posts"}],"about":[{"href":"https:\/\/uumajalaiset.se\/index.php?rest_route=\/wp\/v2\/types\/post"}],"author":[{"embeddable":true,"href":"https:\/\/uumajalaiset.se\/index.php?rest_route=\/wp\/v2\/users\/1"}],"replies":[{"embeddable":true,"href":"https:\/\/uumajalaiset.se\/index.php?rest_route=%2Fwp%2Fv2%2Fcomments&post=310"}],"version-history":[{"count":20,"href":"https:\/\/uumajalaiset.se\/index.php?rest_route=\/wp\/v2\/posts\/310\/revisions"}],"predecessor-version":[{"id":7373,"href":"https:\/\/uumajalaiset.se\/index.php?rest_route=\/wp\/v2\/posts\/310\/revisions\/7373"}],"wp:attachment":[{"href":"https:\/\/uumajalaiset.se\/index.php?rest_route=%2Fwp%2Fv2%2Fmedia&parent=310"}],"wp:term":[{"taxonomy":"category","embeddable":true,"href":"https:\/\/uumajalaiset.se\/index.php?rest_route=%2Fwp%2Fv2%2Fcategories&post=310"},{"taxonomy":"post_tag","embeddable":true,"href":"https:\/\/uumajalaiset.se\/index.php?rest_route=%2Fwp%2Fv2%2Ftags&post=310"}],"curies":[{"name":"wp","href":"https:\/\/api.w.org\/{rel}","templated":true}]}}