{"id":3275,"date":"2012-07-24T19:51:08","date_gmt":"2012-07-24T19:51:08","guid":{"rendered":"http:\/\/uumajalaiset.se\/?p=3275"},"modified":"2012-07-25T17:36:55","modified_gmt":"2012-07-25T17:36:55","slug":"aurinko-paistoi-vaikka-vetta-satoi-tiistaina","status":"publish","type":"post","link":"https:\/\/uumajalaiset.se\/?p=3275","title":{"rendered":"Aurinko paistoi ja vett\u00e4 satoi tiistaina"},"content":{"rendered":"<p><a href=\"http:\/\/uumajalaiset.se\/?attachment_id=3276\" rel=\"attachment wp-att-3276\"><img loading=\"lazy\" decoding=\"async\" class=\"alignnone size-full wp-image-3276\" title=\"2012-07-24kes\u00e4kahvila (1)\" src=\"http:\/\/media.uumajalaiset.se\/2012\/07\/2012-07-24kes\u00e4kahvila-1.jpg\" alt=\"\" width=\"500\" height=\"375\" srcset=\"http:\/\/media.uumajalaiset.se\/2012\/07\/2012-07-24kes\u00e4kahvila-1.jpg 500w, http:\/\/media.uumajalaiset.se\/2012\/07\/2012-07-24kes\u00e4kahvila-1-150x112.jpg 150w, http:\/\/media.uumajalaiset.se\/2012\/07\/2012-07-24kes\u00e4kahvila-1-300x225.jpg 300w, http:\/\/media.uumajalaiset.se\/2012\/07\/2012-07-24kes\u00e4kahvila-1-400x300.jpg 400w\" sizes=\"auto, (max-width: 500px) 100vw, 500px\" \/><\/a><br \/>\nTiistain kes\u00e4kahvilassa vaihtelivat auringonpaiste ja sadekuurot, v\u00e4lill\u00e4 samanaikaisesti.<br \/>\n<a href=\"http:\/\/uumajalaiset.se\/?attachment_id=3277\" rel=\"attachment wp-att-3277\"><img loading=\"lazy\" decoding=\"async\" class=\"alignnone size-full wp-image-3277\" title=\"2012-07-24kes\u00e4kahvila (2)\" src=\"http:\/\/media.uumajalaiset.se\/2012\/07\/2012-07-24kes\u00e4kahvila-2.jpg\" alt=\"\" width=\"500\" height=\"375\" srcset=\"http:\/\/media.uumajalaiset.se\/2012\/07\/2012-07-24kes\u00e4kahvila-2.jpg 500w, http:\/\/media.uumajalaiset.se\/2012\/07\/2012-07-24kes\u00e4kahvila-2-150x112.jpg 150w, http:\/\/media.uumajalaiset.se\/2012\/07\/2012-07-24kes\u00e4kahvila-2-300x225.jpg 300w, http:\/\/media.uumajalaiset.se\/2012\/07\/2012-07-24kes\u00e4kahvila-2-400x300.jpg 400w\" sizes=\"auto, (max-width: 500px) 100vw, 500px\" \/><\/a><br \/>\n&#8221;P\u00e4iv\u00e4n soppa&#8221; oli Marjatan maukasta makaroonilaatikkoa.<br \/>\n<a href=\"http:\/\/uumajalaiset.se\/?attachment_id=3278\" rel=\"attachment wp-att-3278\"><img loading=\"lazy\" decoding=\"async\" class=\"alignnone size-full wp-image-3278\" title=\"2012-07-24kes\u00e4kahvila (3)\" src=\"http:\/\/media.uumajalaiset.se\/2012\/07\/2012-07-24kes\u00e4kahvila-3.jpg\" alt=\"\" width=\"500\" height=\"375\" srcset=\"http:\/\/media.uumajalaiset.se\/2012\/07\/2012-07-24kes\u00e4kahvila-3.jpg 500w, http:\/\/media.uumajalaiset.se\/2012\/07\/2012-07-24kes\u00e4kahvila-3-150x112.jpg 150w, http:\/\/media.uumajalaiset.se\/2012\/07\/2012-07-24kes\u00e4kahvila-3-300x225.jpg 300w, http:\/\/media.uumajalaiset.se\/2012\/07\/2012-07-24kes\u00e4kahvila-3-400x300.jpg 400w\" sizes=\"auto, (max-width: 500px) 100vw, 500px\" \/><\/a><br \/>\nRuokailun aikoihin olivat p\u00f6yd\u00e4t m\u00f6kin terassilla melkein t\u00e4ynn\u00e4.<br \/>\n<a href=\"http:\/\/uumajalaiset.se\/?attachment_id=3279\" rel=\"attachment wp-att-3279\"><img loading=\"lazy\" decoding=\"async\" class=\"alignnone size-full wp-image-3279\" title=\"2012-07-24kes\u00e4kahvila (4)\" src=\"http:\/\/media.uumajalaiset.se\/2012\/07\/2012-07-24kes\u00e4kahvila-4.jpg\" alt=\"\" width=\"500\" height=\"375\" srcset=\"http:\/\/media.uumajalaiset.se\/2012\/07\/2012-07-24kes\u00e4kahvila-4.jpg 500w, http:\/\/media.uumajalaiset.se\/2012\/07\/2012-07-24kes\u00e4kahvila-4-150x112.jpg 150w, http:\/\/media.uumajalaiset.se\/2012\/07\/2012-07-24kes\u00e4kahvila-4-300x225.jpg 300w, http:\/\/media.uumajalaiset.se\/2012\/07\/2012-07-24kes\u00e4kahvila-4-400x300.jpg 400w\" sizes=\"auto, (max-width: 500px) 100vw, 500px\" \/><\/a><br \/>\nVaikka l\u00f6ytyih\u00e4n sit\u00e4 Mirjami Kiviniemellekin istumapaikka.<br \/>\n<a href=\"http:\/\/uumajalaiset.se\/?attachment_id=3280\" rel=\"attachment wp-att-3280\"><img loading=\"lazy\" decoding=\"async\" class=\"alignnone size-full wp-image-3280\" title=\"2012-07-24kes\u00e4kahvila (5)\" src=\"http:\/\/media.uumajalaiset.se\/2012\/07\/2012-07-24kes\u00e4kahvila-5.jpg\" alt=\"\" width=\"500\" height=\"375\" srcset=\"http:\/\/media.uumajalaiset.se\/2012\/07\/2012-07-24kes\u00e4kahvila-5.jpg 500w, http:\/\/media.uumajalaiset.se\/2012\/07\/2012-07-24kes\u00e4kahvila-5-150x112.jpg 150w, http:\/\/media.uumajalaiset.se\/2012\/07\/2012-07-24kes\u00e4kahvila-5-300x225.jpg 300w, http:\/\/media.uumajalaiset.se\/2012\/07\/2012-07-24kes\u00e4kahvila-5-400x300.jpg 400w\" sizes=\"auto, (max-width: 500px) 100vw, 500px\" \/><\/a><br \/>\nMervi Erkinheikki uskaltautui ensimm\u00e4ist\u00e4 kertaa m\u00f6kille.<br \/>\n<a href=\"http:\/\/uumajalaiset.se\/?attachment_id=3281\" rel=\"attachment wp-att-3281\"><img loading=\"lazy\" decoding=\"async\" class=\"alignnone size-full wp-image-3281\" title=\"2012-07-24kes\u00e4kahvila (6)\" src=\"http:\/\/media.uumajalaiset.se\/2012\/07\/2012-07-24kes\u00e4kahvila-6.jpg\" alt=\"\" width=\"500\" height=\"375\" srcset=\"http:\/\/media.uumajalaiset.se\/2012\/07\/2012-07-24kes\u00e4kahvila-6.jpg 500w, http:\/\/media.uumajalaiset.se\/2012\/07\/2012-07-24kes\u00e4kahvila-6-150x112.jpg 150w, http:\/\/media.uumajalaiset.se\/2012\/07\/2012-07-24kes\u00e4kahvila-6-300x225.jpg 300w, http:\/\/media.uumajalaiset.se\/2012\/07\/2012-07-24kes\u00e4kahvila-6-400x300.jpg 400w\" sizes=\"auto, (max-width: 500px) 100vw, 500px\" \/><\/a><br \/>\nMervill\u00e4 oli mukanaan kuukauden ik\u00e4iseksi miehenaluksi varsin tomeran tuntunen poikavauva.<br \/>\n<a href=\"http:\/\/uumajalaiset.se\/?attachment_id=3282\" rel=\"attachment wp-att-3282\"><img loading=\"lazy\" decoding=\"async\" class=\"alignnone size-full wp-image-3282\" title=\"2012-07-24kes\u00e4kahvila (7)\" src=\"http:\/\/media.uumajalaiset.se\/2012\/07\/2012-07-24kes\u00e4kahvila-7.jpg\" alt=\"\" width=\"500\" height=\"375\" srcset=\"http:\/\/media.uumajalaiset.se\/2012\/07\/2012-07-24kes\u00e4kahvila-7.jpg 500w, http:\/\/media.uumajalaiset.se\/2012\/07\/2012-07-24kes\u00e4kahvila-7-150x112.jpg 150w, http:\/\/media.uumajalaiset.se\/2012\/07\/2012-07-24kes\u00e4kahvila-7-300x225.jpg 300w, http:\/\/media.uumajalaiset.se\/2012\/07\/2012-07-24kes\u00e4kahvila-7-400x300.jpg 400w\" sizes=\"auto, (max-width: 500px) 100vw, 500px\" \/><\/a><br \/>\nVauvasta tuli tietenkin kaikkien ihailun kohde.<br \/>\n<a href=\"http:\/\/uumajalaiset.se\/?attachment_id=3283\" rel=\"attachment wp-att-3283\"><img loading=\"lazy\" decoding=\"async\" class=\"alignnone size-full wp-image-3283\" title=\"2012-07-24kes\u00e4kahvila (8)\" src=\"http:\/\/media.uumajalaiset.se\/2012\/07\/2012-07-24kes\u00e4kahvila-8.jpg\" alt=\"\" width=\"499\" height=\"375\" srcset=\"http:\/\/media.uumajalaiset.se\/2012\/07\/2012-07-24kes\u00e4kahvila-8.jpg 499w, http:\/\/media.uumajalaiset.se\/2012\/07\/2012-07-24kes\u00e4kahvila-8-150x112.jpg 150w, http:\/\/media.uumajalaiset.se\/2012\/07\/2012-07-24kes\u00e4kahvila-8-300x225.jpg 300w, http:\/\/media.uumajalaiset.se\/2012\/07\/2012-07-24kes\u00e4kahvila-8-399x300.jpg 399w\" sizes=\"auto, (max-width: 499px) 100vw, 499px\" \/><\/a><br \/>\nN\u00e4iden naisten saapuessa paikalle oli ulkona jo alkanut sade.<br \/>\n<a href=\"http:\/\/uumajalaiset.se\/?attachment_id=3284\" rel=\"attachment wp-att-3284\"><img loading=\"lazy\" decoding=\"async\" class=\"alignnone size-full wp-image-3284\" title=\"2012-07-24kes\u00e4kahvila (9)\" src=\"http:\/\/media.uumajalaiset.se\/2012\/07\/2012-07-24kes\u00e4kahvila-9.jpg\" alt=\"\" width=\"500\" height=\"375\" srcset=\"http:\/\/media.uumajalaiset.se\/2012\/07\/2012-07-24kes\u00e4kahvila-9.jpg 500w, http:\/\/media.uumajalaiset.se\/2012\/07\/2012-07-24kes\u00e4kahvila-9-150x112.jpg 150w, http:\/\/media.uumajalaiset.se\/2012\/07\/2012-07-24kes\u00e4kahvila-9-300x225.jpg 300w, http:\/\/media.uumajalaiset.se\/2012\/07\/2012-07-24kes\u00e4kahvila-9-400x300.jpg 400w\" sizes=\"auto, (max-width: 500px) 100vw, 500px\" \/><\/a><br \/>\nKiva k\u00e4yd\u00e4 keitti\u00f6ss\u00e4 juttelemassa.<br \/>\n<a href=\"http:\/\/uumajalaiset.se\/?attachment_id=3289\" rel=\"attachment wp-att-3289\"><img loading=\"lazy\" decoding=\"async\" class=\"alignnone size-full wp-image-3289\" title=\"2012-07-24kes\u00e4kahvila (29)\" src=\"http:\/\/media.uumajalaiset.se\/2012\/07\/2012-07-24kes\u00e4kahvila-29.jpg\" alt=\"\" width=\"500\" height=\"375\" srcset=\"http:\/\/media.uumajalaiset.se\/2012\/07\/2012-07-24kes\u00e4kahvila-29.jpg 500w, http:\/\/media.uumajalaiset.se\/2012\/07\/2012-07-24kes\u00e4kahvila-29-150x112.jpg 150w, http:\/\/media.uumajalaiset.se\/2012\/07\/2012-07-24kes\u00e4kahvila-29-300x225.jpg 300w, http:\/\/media.uumajalaiset.se\/2012\/07\/2012-07-24kes\u00e4kahvila-29-400x300.jpg 400w\" sizes=\"auto, (max-width: 500px) 100vw, 500px\" \/><\/a><br \/>\nVaikka siell\u00e4 taisi olla ruuanlaitto k\u00e4ynniss\u00e4.<br \/>\n<a href=\"http:\/\/uumajalaiset.se\/?attachment_id=3285\" rel=\"attachment wp-att-3285\"><img loading=\"lazy\" decoding=\"async\" class=\"alignnone size-full wp-image-3285\" title=\"2012-07-24kes\u00e4kahvila (10)\" src=\"http:\/\/media.uumajalaiset.se\/2012\/07\/2012-07-24kes\u00e4kahvila-10.jpg\" alt=\"\" width=\"500\" height=\"375\" srcset=\"http:\/\/media.uumajalaiset.se\/2012\/07\/2012-07-24kes\u00e4kahvila-10.jpg 500w, http:\/\/media.uumajalaiset.se\/2012\/07\/2012-07-24kes\u00e4kahvila-10-150x112.jpg 150w, http:\/\/media.uumajalaiset.se\/2012\/07\/2012-07-24kes\u00e4kahvila-10-300x225.jpg 300w, http:\/\/media.uumajalaiset.se\/2012\/07\/2012-07-24kes\u00e4kahvila-10-400x300.jpg 400w\" sizes=\"auto, (max-width: 500px) 100vw, 500px\" \/><\/a><br \/>\n&#8211; Arvatkaapas, mik\u00e4 t\u00e4m\u00e4n kuvan nimeksi tulee, kysyi Raili kameran takaa. &#8211;\u00a0Monta naista vierekk\u00e4in penkill\u00e4, miehet puuttuvat. Ei yht\u00e4\u00e4n &#8221;kukkoa&#8221; paikalla. Siksi p\u00e4\u00e4tin risti\u00e4 kuvan jo etuk\u00e4teen ja nyt t\u00e4m\u00e4n kuvan nimi on &#8221;Kanat orrella&#8221; :)<\/p>\n<p>T\u00e4ss\u00e4 muutamia &#8221;kanoja&#8221; (lue: paikalla olleita naisia)<br \/>\n<a href=\"http:\/\/uumajalaiset.se\/?attachment_id=3291\" rel=\"attachment wp-att-3291\"><img loading=\"lazy\" decoding=\"async\" class=\"alignnone size-full wp-image-3291\" title=\"2012-07-24kes\u00e4kahvila (11)\" src=\"http:\/\/media.uumajalaiset.se\/2012\/07\/2012-07-24kes\u00e4kahvila-11.jpg\" alt=\"\" width=\"500\" height=\"375\" srcset=\"http:\/\/media.uumajalaiset.se\/2012\/07\/2012-07-24kes\u00e4kahvila-11.jpg 500w, http:\/\/media.uumajalaiset.se\/2012\/07\/2012-07-24kes\u00e4kahvila-11-150x112.jpg 150w, http:\/\/media.uumajalaiset.se\/2012\/07\/2012-07-24kes\u00e4kahvila-11-300x225.jpg 300w, http:\/\/media.uumajalaiset.se\/2012\/07\/2012-07-24kes\u00e4kahvila-11-400x300.jpg 400w\" sizes=\"auto, (max-width: 500px) 100vw, 500px\" \/><\/a><br \/>\nRitva Jokinen<br \/>\n<a href=\"http:\/\/uumajalaiset.se\/?attachment_id=3292\" rel=\"attachment wp-att-3292\"><img loading=\"lazy\" decoding=\"async\" class=\"alignnone size-full wp-image-3292\" title=\"2012-07-24kes\u00e4kahvila (13)\" src=\"http:\/\/media.uumajalaiset.se\/2012\/07\/2012-07-24kes\u00e4kahvila-13.jpg\" alt=\"\" width=\"500\" height=\"375\" srcset=\"http:\/\/media.uumajalaiset.se\/2012\/07\/2012-07-24kes\u00e4kahvila-13.jpg 500w, http:\/\/media.uumajalaiset.se\/2012\/07\/2012-07-24kes\u00e4kahvila-13-150x112.jpg 150w, http:\/\/media.uumajalaiset.se\/2012\/07\/2012-07-24kes\u00e4kahvila-13-300x225.jpg 300w, http:\/\/media.uumajalaiset.se\/2012\/07\/2012-07-24kes\u00e4kahvila-13-400x300.jpg 400w\" sizes=\"auto, (max-width: 500px) 100vw, 500px\" \/><\/a><br \/>\nAiri Tikkanen<br \/>\n<a href=\"http:\/\/uumajalaiset.se\/?attachment_id=3293\" rel=\"attachment wp-att-3293\"><img loading=\"lazy\" decoding=\"async\" class=\"alignnone size-full wp-image-3293\" title=\"2012-07-24kes\u00e4kahvila (14)\" src=\"http:\/\/media.uumajalaiset.se\/2012\/07\/2012-07-24kes\u00e4kahvila-14.jpg\" alt=\"\" width=\"500\" height=\"375\" srcset=\"http:\/\/media.uumajalaiset.se\/2012\/07\/2012-07-24kes\u00e4kahvila-14.jpg 500w, http:\/\/media.uumajalaiset.se\/2012\/07\/2012-07-24kes\u00e4kahvila-14-150x112.jpg 150w, http:\/\/media.uumajalaiset.se\/2012\/07\/2012-07-24kes\u00e4kahvila-14-300x225.jpg 300w, http:\/\/media.uumajalaiset.se\/2012\/07\/2012-07-24kes\u00e4kahvila-14-400x300.jpg 400w\" sizes=\"auto, (max-width: 500px) 100vw, 500px\" \/><\/a><br \/>\nAila Vuorinen<br \/>\n<a href=\"http:\/\/uumajalaiset.se\/?attachment_id=3294\" rel=\"attachment wp-att-3294\"><img loading=\"lazy\" decoding=\"async\" class=\"alignnone size-full wp-image-3294\" title=\"2012-07-24kes\u00e4kahvila (15)\" src=\"http:\/\/media.uumajalaiset.se\/2012\/07\/2012-07-24kes\u00e4kahvila-15.jpg\" alt=\"\" width=\"500\" height=\"375\" srcset=\"http:\/\/media.uumajalaiset.se\/2012\/07\/2012-07-24kes\u00e4kahvila-15.jpg 500w, http:\/\/media.uumajalaiset.se\/2012\/07\/2012-07-24kes\u00e4kahvila-15-150x112.jpg 150w, http:\/\/media.uumajalaiset.se\/2012\/07\/2012-07-24kes\u00e4kahvila-15-300x225.jpg 300w, http:\/\/media.uumajalaiset.se\/2012\/07\/2012-07-24kes\u00e4kahvila-15-400x300.jpg 400w\" sizes=\"auto, (max-width: 500px) 100vw, 500px\" \/><\/a><br \/>\nRaija Silverell<br \/>\n<a href=\"http:\/\/uumajalaiset.se\/?attachment_id=3295\" rel=\"attachment wp-att-3295\"><img loading=\"lazy\" decoding=\"async\" class=\"alignnone size-full wp-image-3295\" title=\"2012-07-24kes\u00e4kahvila (17)\" src=\"http:\/\/media.uumajalaiset.se\/2012\/07\/2012-07-24kes\u00e4kahvila-17.jpg\" alt=\"\" width=\"500\" height=\"375\" srcset=\"http:\/\/media.uumajalaiset.se\/2012\/07\/2012-07-24kes\u00e4kahvila-17.jpg 500w, http:\/\/media.uumajalaiset.se\/2012\/07\/2012-07-24kes\u00e4kahvila-17-150x112.jpg 150w, http:\/\/media.uumajalaiset.se\/2012\/07\/2012-07-24kes\u00e4kahvila-17-300x225.jpg 300w, http:\/\/media.uumajalaiset.se\/2012\/07\/2012-07-24kes\u00e4kahvila-17-400x300.jpg 400w\" sizes=\"auto, (max-width: 500px) 100vw, 500px\" \/><\/a><br \/>\nLiisa Suojanen<br \/>\n<a href=\"http:\/\/uumajalaiset.se\/?attachment_id=3296\" rel=\"attachment wp-att-3296\"><img loading=\"lazy\" decoding=\"async\" class=\"alignnone size-full wp-image-3296\" title=\"2012-07-24kes\u00e4kahvila (18)\" src=\"http:\/\/media.uumajalaiset.se\/2012\/07\/2012-07-24kes\u00e4kahvila-18.jpg\" alt=\"\" width=\"500\" height=\"375\" srcset=\"http:\/\/media.uumajalaiset.se\/2012\/07\/2012-07-24kes\u00e4kahvila-18.jpg 500w, http:\/\/media.uumajalaiset.se\/2012\/07\/2012-07-24kes\u00e4kahvila-18-150x112.jpg 150w, http:\/\/media.uumajalaiset.se\/2012\/07\/2012-07-24kes\u00e4kahvila-18-300x225.jpg 300w, http:\/\/media.uumajalaiset.se\/2012\/07\/2012-07-24kes\u00e4kahvila-18-400x300.jpg 400w\" sizes=\"auto, (max-width: 500px) 100vw, 500px\" \/><\/a><br \/>\nMirjami Kiviniemi<br \/>\n<a href=\"http:\/\/uumajalaiset.se\/?attachment_id=3297\" rel=\"attachment wp-att-3297\"><img loading=\"lazy\" decoding=\"async\" class=\"alignnone size-full wp-image-3297\" title=\"2012-07-24kes\u00e4kahvila (20)\" src=\"http:\/\/media.uumajalaiset.se\/2012\/07\/2012-07-24kes\u00e4kahvila-20.jpg\" alt=\"\" width=\"500\" height=\"375\" srcset=\"http:\/\/media.uumajalaiset.se\/2012\/07\/2012-07-24kes\u00e4kahvila-20.jpg 500w, http:\/\/media.uumajalaiset.se\/2012\/07\/2012-07-24kes\u00e4kahvila-20-150x112.jpg 150w, http:\/\/media.uumajalaiset.se\/2012\/07\/2012-07-24kes\u00e4kahvila-20-300x225.jpg 300w, http:\/\/media.uumajalaiset.se\/2012\/07\/2012-07-24kes\u00e4kahvila-20-400x300.jpg 400w\" sizes=\"auto, (max-width: 500px) 100vw, 500px\" \/><\/a><br \/>\nLeena Kuismin<br \/>\n<a href=\"http:\/\/uumajalaiset.se\/?attachment_id=3299\" rel=\"attachment wp-att-3299\"><img loading=\"lazy\" decoding=\"async\" class=\"alignnone size-full wp-image-3299\" title=\"2012-07-24kes\u00e4kahvila (22)\" src=\"http:\/\/media.uumajalaiset.se\/2012\/07\/2012-07-24kes\u00e4kahvila-22.jpg\" alt=\"\" width=\"500\" height=\"375\" srcset=\"http:\/\/media.uumajalaiset.se\/2012\/07\/2012-07-24kes\u00e4kahvila-22.jpg 500w, http:\/\/media.uumajalaiset.se\/2012\/07\/2012-07-24kes\u00e4kahvila-22-150x112.jpg 150w, http:\/\/media.uumajalaiset.se\/2012\/07\/2012-07-24kes\u00e4kahvila-22-300x225.jpg 300w, http:\/\/media.uumajalaiset.se\/2012\/07\/2012-07-24kes\u00e4kahvila-22-400x300.jpg 400w\" sizes=\"auto, (max-width: 500px) 100vw, 500px\" \/><\/a><br \/>\nMarjatta Rantam\u00e4ki<br \/>\n<a href=\"http:\/\/uumajalaiset.se\/?attachment_id=3300\" rel=\"attachment wp-att-3300\"><img loading=\"lazy\" decoding=\"async\" class=\"alignnone size-full wp-image-3300\" title=\"2012-07-24kes\u00e4kahvila (24)\" src=\"http:\/\/media.uumajalaiset.se\/2012\/07\/2012-07-24kes\u00e4kahvila-24.jpg\" alt=\"\" width=\"500\" height=\"375\" srcset=\"http:\/\/media.uumajalaiset.se\/2012\/07\/2012-07-24kes\u00e4kahvila-24.jpg 500w, http:\/\/media.uumajalaiset.se\/2012\/07\/2012-07-24kes\u00e4kahvila-24-150x112.jpg 150w, http:\/\/media.uumajalaiset.se\/2012\/07\/2012-07-24kes\u00e4kahvila-24-300x225.jpg 300w, http:\/\/media.uumajalaiset.se\/2012\/07\/2012-07-24kes\u00e4kahvila-24-400x300.jpg 400w\" sizes=\"auto, (max-width: 500px) 100vw, 500px\" \/><\/a><br \/>\nKes\u00e4kahvilaem\u00e4nn\u00e4t Marjatta Forsells ja Merja Olsson.<br \/>\n<a href=\"http:\/\/uumajalaiset.se\/?attachment_id=3301\" rel=\"attachment wp-att-3301\"><img loading=\"lazy\" decoding=\"async\" class=\"alignnone size-full wp-image-3301\" title=\"2012-07-24kes\u00e4kahvila (25)\" src=\"http:\/\/media.uumajalaiset.se\/2012\/07\/2012-07-24kes\u00e4kahvila-25.jpg\" alt=\"\" width=\"500\" height=\"375\" srcset=\"http:\/\/media.uumajalaiset.se\/2012\/07\/2012-07-24kes\u00e4kahvila-25.jpg 500w, http:\/\/media.uumajalaiset.se\/2012\/07\/2012-07-24kes\u00e4kahvila-25-150x112.jpg 150w, http:\/\/media.uumajalaiset.se\/2012\/07\/2012-07-24kes\u00e4kahvila-25-300x225.jpg 300w, http:\/\/media.uumajalaiset.se\/2012\/07\/2012-07-24kes\u00e4kahvila-25-400x300.jpg 400w\" sizes=\"auto, (max-width: 500px) 100vw, 500px\" \/><\/a><br \/>\nMerja Olsson<br \/>\n<a href=\"http:\/\/uumajalaiset.se\/?attachment_id=3302\" rel=\"attachment wp-att-3302\"><img loading=\"lazy\" decoding=\"async\" class=\"alignnone size-full wp-image-3302\" title=\"2012-07-24kes\u00e4kahvila (26)\" src=\"http:\/\/media.uumajalaiset.se\/2012\/07\/2012-07-24kes\u00e4kahvila-26.jpg\" alt=\"\" width=\"500\" height=\"375\" srcset=\"http:\/\/media.uumajalaiset.se\/2012\/07\/2012-07-24kes\u00e4kahvila-26.jpg 500w, http:\/\/media.uumajalaiset.se\/2012\/07\/2012-07-24kes\u00e4kahvila-26-150x112.jpg 150w, http:\/\/media.uumajalaiset.se\/2012\/07\/2012-07-24kes\u00e4kahvila-26-300x225.jpg 300w, http:\/\/media.uumajalaiset.se\/2012\/07\/2012-07-24kes\u00e4kahvila-26-400x300.jpg 400w\" sizes=\"auto, (max-width: 500px) 100vw, 500px\" \/><\/a><br \/>\nMarjatta Forsells<br \/>\n<a href=\"http:\/\/uumajalaiset.se\/?attachment_id=3303\" rel=\"attachment wp-att-3303\"><img loading=\"lazy\" decoding=\"async\" class=\"alignnone size-full wp-image-3303\" title=\"2012-07-24kes\u00e4kahvila (28)\" src=\"http:\/\/media.uumajalaiset.se\/2012\/07\/2012-07-24kes\u00e4kahvila-28.jpg\" alt=\"\" width=\"500\" height=\"375\" srcset=\"http:\/\/media.uumajalaiset.se\/2012\/07\/2012-07-24kes\u00e4kahvila-28.jpg 500w, http:\/\/media.uumajalaiset.se\/2012\/07\/2012-07-24kes\u00e4kahvila-28-150x112.jpg 150w, http:\/\/media.uumajalaiset.se\/2012\/07\/2012-07-24kes\u00e4kahvila-28-300x225.jpg 300w, http:\/\/media.uumajalaiset.se\/2012\/07\/2012-07-24kes\u00e4kahvila-28-400x300.jpg 400w\" sizes=\"auto, (max-width: 500px) 100vw, 500px\" \/><\/a><br \/>\nMervi Erkinheikki<br \/>\n<a href=\"http:\/\/uumajalaiset.se\/?attachment_id=3304\" rel=\"attachment wp-att-3304\"><img loading=\"lazy\" decoding=\"async\" class=\"alignnone size-full wp-image-3304\" title=\"2012-07-24kes\u00e4kahvila (31)\" src=\"http:\/\/media.uumajalaiset.se\/2012\/07\/2012-07-24kes\u00e4kahvila-31.jpg\" alt=\"\" width=\"500\" height=\"375\" srcset=\"http:\/\/media.uumajalaiset.se\/2012\/07\/2012-07-24kes\u00e4kahvila-31.jpg 500w, http:\/\/media.uumajalaiset.se\/2012\/07\/2012-07-24kes\u00e4kahvila-31-150x112.jpg 150w, http:\/\/media.uumajalaiset.se\/2012\/07\/2012-07-24kes\u00e4kahvila-31-300x225.jpg 300w, http:\/\/media.uumajalaiset.se\/2012\/07\/2012-07-24kes\u00e4kahvila-31-400x300.jpg 400w\" sizes=\"auto, (max-width: 500px) 100vw, 500px\" \/><\/a><br \/>\nAurinko paistaa ja vett\u00e4 sataa, taitaa olla kes\u00e4 &#8230;<br \/>\n<a href=\"http:\/\/uumajalaiset.se\/?attachment_id=3305\" rel=\"attachment wp-att-3305\"><img loading=\"lazy\" decoding=\"async\" class=\"alignnone size-full wp-image-3305\" title=\"2012-07-24kes\u00e4kahvila (32)\" src=\"http:\/\/media.uumajalaiset.se\/2012\/07\/2012-07-24kes\u00e4kahvila-32.jpg\" alt=\"\" width=\"500\" height=\"375\" srcset=\"http:\/\/media.uumajalaiset.se\/2012\/07\/2012-07-24kes\u00e4kahvila-32.jpg 500w, http:\/\/media.uumajalaiset.se\/2012\/07\/2012-07-24kes\u00e4kahvila-32-150x112.jpg 150w, http:\/\/media.uumajalaiset.se\/2012\/07\/2012-07-24kes\u00e4kahvila-32-300x225.jpg 300w, http:\/\/media.uumajalaiset.se\/2012\/07\/2012-07-24kes\u00e4kahvila-32-400x300.jpg 400w\" sizes=\"auto, (max-width: 500px) 100vw, 500px\" \/><\/a><br \/>\nSadevesitynnyri kuohui yli pahimpien kuurojen alla.<br \/>\n<a href=\"http:\/\/uumajalaiset.se\/?attachment_id=3306\" rel=\"attachment wp-att-3306\"><img loading=\"lazy\" decoding=\"async\" class=\"alignnone size-full wp-image-3306\" title=\"2012-07-24kes\u00e4kahvila (33)\" src=\"http:\/\/media.uumajalaiset.se\/2012\/07\/2012-07-24kes\u00e4kahvila-33.jpg\" alt=\"\" width=\"500\" height=\"375\" srcset=\"http:\/\/media.uumajalaiset.se\/2012\/07\/2012-07-24kes\u00e4kahvila-33.jpg 500w, http:\/\/media.uumajalaiset.se\/2012\/07\/2012-07-24kes\u00e4kahvila-33-150x112.jpg 150w, http:\/\/media.uumajalaiset.se\/2012\/07\/2012-07-24kes\u00e4kahvila-33-300x225.jpg 300w, http:\/\/media.uumajalaiset.se\/2012\/07\/2012-07-24kes\u00e4kahvila-33-400x300.jpg 400w\" sizes=\"auto, (max-width: 500px) 100vw, 500px\" \/><\/a><br \/>\nR\u00e4yst\u00e4ilt\u00e4 ei vesi vaan tippunut, vaan virtasi.<br \/>\n<a href=\"http:\/\/uumajalaiset.se\/?attachment_id=3307\" rel=\"attachment wp-att-3307\"><img loading=\"lazy\" decoding=\"async\" class=\"alignnone size-full wp-image-3307\" title=\"2012-07-24kes\u00e4kahvila (34)\" src=\"http:\/\/media.uumajalaiset.se\/2012\/07\/2012-07-24kes\u00e4kahvila-34.jpg\" alt=\"\" width=\"500\" height=\"375\" srcset=\"http:\/\/media.uumajalaiset.se\/2012\/07\/2012-07-24kes\u00e4kahvila-34.jpg 500w, http:\/\/media.uumajalaiset.se\/2012\/07\/2012-07-24kes\u00e4kahvila-34-150x112.jpg 150w, http:\/\/media.uumajalaiset.se\/2012\/07\/2012-07-24kes\u00e4kahvila-34-300x225.jpg 300w, http:\/\/media.uumajalaiset.se\/2012\/07\/2012-07-24kes\u00e4kahvila-34-400x300.jpg 400w\" sizes=\"auto, (max-width: 500px) 100vw, 500px\" \/><\/a><br \/>\nSadekuurot olivat todella paikallisia. T\u00e4ss\u00e4 sataa saunan katolle.<\/p>\n<p>Sen pituinen se tiistai. Huomenna uusi p\u00e4iv\u00e4.<\/p>\n","protected":false},"excerpt":{"rendered":"<p>Tiistain kes\u00e4kahvilassa vaihtelivat auringonpaiste ja sadekuurot, v\u00e4lill\u00e4 samanaikaisesti. &#8221;P\u00e4iv\u00e4n soppa&#8221; oli Marjatan maukasta makaroonilaatikkoa. Ruokailun aikoihin olivat p\u00f6yd\u00e4t m\u00f6kin terassilla melkein t\u00e4ynn\u00e4. Vaikka l\u00f6ytyih\u00e4n sit\u00e4 Mirjami Kiviniemellekin istumapaikka. Mervi Erkinheikki uskaltautui ensimm\u00e4ist\u00e4 kertaa m\u00f6kille. Mervill\u00e4 oli mukanaan kuukauden ik\u00e4iseksi miehenaluksi &hellip; <a href=\"https:\/\/uumajalaiset.se\/?p=3275\">L\u00e4s mer <span class=\"meta-nav\">&rarr;<\/span><\/a><\/p>\n","protected":false},"author":1,"featured_media":0,"comment_status":"closed","ping_status":"closed","sticky":false,"template":"","format":"gallery","meta":{"footnotes":""},"categories":[8],"tags":[],"class_list":["post-3275","post","type-post","status-publish","format-gallery","hentry","category-uutiset-2","post_format-post-format-gallery"],"_links":{"self":[{"href":"https:\/\/uumajalaiset.se\/index.php?rest_route=\/wp\/v2\/posts\/3275","targetHints":{"allow":["GET"]}}],"collection":[{"href":"https:\/\/uumajalaiset.se\/index.php?rest_route=\/wp\/v2\/posts"}],"about":[{"href":"https:\/\/uumajalaiset.se\/index.php?rest_route=\/wp\/v2\/types\/post"}],"author":[{"embeddable":true,"href":"https:\/\/uumajalaiset.se\/index.php?rest_route=\/wp\/v2\/users\/1"}],"replies":[{"embeddable":true,"href":"https:\/\/uumajalaiset.se\/index.php?rest_route=%2Fwp%2Fv2%2Fcomments&post=3275"}],"version-history":[{"count":8,"href":"https:\/\/uumajalaiset.se\/index.php?rest_route=\/wp\/v2\/posts\/3275\/revisions"}],"predecessor-version":[{"id":3287,"href":"https:\/\/uumajalaiset.se\/index.php?rest_route=\/wp\/v2\/posts\/3275\/revisions\/3287"}],"wp:attachment":[{"href":"https:\/\/uumajalaiset.se\/index.php?rest_route=%2Fwp%2Fv2%2Fmedia&parent=3275"}],"wp:term":[{"taxonomy":"category","embeddable":true,"href":"https:\/\/uumajalaiset.se\/index.php?rest_route=%2Fwp%2Fv2%2Fcategories&post=3275"},{"taxonomy":"post_tag","embeddable":true,"href":"https:\/\/uumajalaiset.se\/index.php?rest_route=%2Fwp%2Fv2%2Ftags&post=3275"}],"curies":[{"name":"wp","href":"https:\/\/api.w.org\/{rel}","templated":true}]}}