{"id":3324,"date":"2012-07-25T21:28:45","date_gmt":"2012-07-25T21:28:45","guid":{"rendered":"http:\/\/uumajalaiset.se\/?p=3324"},"modified":"2012-07-26T17:56:06","modified_gmt":"2012-07-26T17:56:06","slug":"uusia-jasenia","status":"publish","type":"post","link":"https:\/\/uumajalaiset.se\/?p=3324","title":{"rendered":"Uusia j\u00e4seni\u00e4 keskiviikkona"},"content":{"rendered":"<p><a href=\"http:\/\/uumajalaiset.se\/?attachment_id=3325\" rel=\"attachment wp-att-3325\"><img loading=\"lazy\" decoding=\"async\" class=\"alignnone size-full wp-image-3325\" title=\"20-07-25kes\u00e4kahvila (1)\" src=\"http:\/\/media.uumajalaiset.se\/2012\/07\/20-07-25kes\u00e4kahvila-1.jpg\" alt=\"\" width=\"500\" height=\"375\" srcset=\"http:\/\/media.uumajalaiset.se\/2012\/07\/20-07-25kes\u00e4kahvila-1.jpg 500w, http:\/\/media.uumajalaiset.se\/2012\/07\/20-07-25kes\u00e4kahvila-1-150x112.jpg 150w, http:\/\/media.uumajalaiset.se\/2012\/07\/20-07-25kes\u00e4kahvila-1-300x225.jpg 300w, http:\/\/media.uumajalaiset.se\/2012\/07\/20-07-25kes\u00e4kahvila-1-400x300.jpg 400w\" sizes=\"auto, (max-width: 500px) 100vw, 500px\" \/><\/a><br \/>\nKeskiviikkona k\u00e4viv\u00e4t\u00a0Emmanuelssonin sisaruksetm\u00f6kill\u00e4 sy\u00f6m\u00e4ss\u00e4, molemmat ihan uusia j\u00e4seni\u00e4.<br \/>\n<a href=\"http:\/\/uumajalaiset.se\/?attachment_id=3351\" rel=\"attachment wp-att-3351\"><img loading=\"lazy\" decoding=\"async\" class=\"alignnone size-full wp-image-3351\" title=\"20-07-25kes\u00e4kahvila (3)\" src=\"http:\/\/media.uumajalaiset.se\/2012\/07\/20-07-25kes\u00e4kahvila-31.jpg\" alt=\"\" width=\"500\" height=\"375\" srcset=\"http:\/\/media.uumajalaiset.se\/2012\/07\/20-07-25kes\u00e4kahvila-31.jpg 500w, http:\/\/media.uumajalaiset.se\/2012\/07\/20-07-25kes\u00e4kahvila-31-150x112.jpg 150w, http:\/\/media.uumajalaiset.se\/2012\/07\/20-07-25kes\u00e4kahvila-31-300x225.jpg 300w, http:\/\/media.uumajalaiset.se\/2012\/07\/20-07-25kes\u00e4kahvila-31-400x300.jpg 400w\" sizes=\"auto, (max-width: 500px) 100vw, 500px\" \/><\/a><br \/>\nAnders Emmanuelsson.<a href=\"http:\/\/uumajalaiset.se\/?attachment_id=3327\" rel=\"attachment wp-att-3327\"><img loading=\"lazy\" decoding=\"async\" class=\"alignnone size-full wp-image-3327\" title=\"20-07-25kes\u00e4kahvila (2)\" src=\"http:\/\/media.uumajalaiset.se\/2012\/07\/20-07-25kes\u00e4kahvila-2.jpg\" alt=\"\" width=\"500\" height=\"375\" srcset=\"http:\/\/media.uumajalaiset.se\/2012\/07\/20-07-25kes\u00e4kahvila-2.jpg 500w, http:\/\/media.uumajalaiset.se\/2012\/07\/20-07-25kes\u00e4kahvila-2-150x112.jpg 150w, http:\/\/media.uumajalaiset.se\/2012\/07\/20-07-25kes\u00e4kahvila-2-300x225.jpg 300w, http:\/\/media.uumajalaiset.se\/2012\/07\/20-07-25kes\u00e4kahvila-2-400x300.jpg 400w\" sizes=\"auto, (max-width: 500px) 100vw, 500px\" \/><\/a><br \/>\nSek\u00e4 Andersin sisar, Else-Maj.<br \/>\n<a href=\"http:\/\/uumajalaiset.se\/?attachment_id=3328\" rel=\"attachment wp-att-3328\"><img loading=\"lazy\" decoding=\"async\" class=\"alignnone size-full wp-image-3328\" title=\"20-07-25kes\u00e4kahvila (4)\" src=\"http:\/\/media.uumajalaiset.se\/2012\/07\/20-07-25kes\u00e4kahvila-4.jpg\" alt=\"\" width=\"500\" height=\"375\" srcset=\"http:\/\/media.uumajalaiset.se\/2012\/07\/20-07-25kes\u00e4kahvila-4.jpg 500w, http:\/\/media.uumajalaiset.se\/2012\/07\/20-07-25kes\u00e4kahvila-4-150x112.jpg 150w, http:\/\/media.uumajalaiset.se\/2012\/07\/20-07-25kes\u00e4kahvila-4-300x225.jpg 300w, http:\/\/media.uumajalaiset.se\/2012\/07\/20-07-25kes\u00e4kahvila-4-400x300.jpg 400w\" sizes=\"auto, (max-width: 500px) 100vw, 500px\" \/><\/a><br \/>\nT\u00e4ss\u00e4 taitavat Ritva ja Liisa odotella\u00a0ruuan valmistumista.<br \/>\n<a href=\"http:\/\/uumajalaiset.se\/?attachment_id=3332\" rel=\"attachment wp-att-3332\"><img loading=\"lazy\" decoding=\"async\" class=\"alignnone size-full wp-image-3332\" title=\"20-07-25kes\u00e4kahvila (8)\" src=\"http:\/\/media.uumajalaiset.se\/2012\/07\/20-07-25kes\u00e4kahvila-8.jpg\" alt=\"\" width=\"500\" height=\"375\" srcset=\"http:\/\/media.uumajalaiset.se\/2012\/07\/20-07-25kes\u00e4kahvila-8.jpg 500w, http:\/\/media.uumajalaiset.se\/2012\/07\/20-07-25kes\u00e4kahvila-8-150x112.jpg 150w, http:\/\/media.uumajalaiset.se\/2012\/07\/20-07-25kes\u00e4kahvila-8-300x225.jpg 300w, http:\/\/media.uumajalaiset.se\/2012\/07\/20-07-25kes\u00e4kahvila-8-400x300.jpg 400w\" sizes=\"auto, (max-width: 500px) 100vw, 500px\" \/><\/a><br \/>\nIrma Larsson oli pitk\u00e4st\u00e4 aikaa k\u00e4ym\u00e4ss\u00e4 m\u00f6kill\u00e4. Merja ja Raija pitiv\u00e4t Irmalle seuraa.<a href=\"http:\/\/uumajalaiset.se\/?attachment_id=3334\" rel=\"attachment wp-att-3334\"><img loading=\"lazy\" decoding=\"async\" class=\"alignnone size-full wp-image-3334\" title=\"20-07-25kes\u00e4kahvila (10)\" src=\"http:\/\/media.uumajalaiset.se\/2012\/07\/20-07-25kes\u00e4kahvila-10.jpg\" alt=\"\" width=\"500\" height=\"375\" srcset=\"http:\/\/media.uumajalaiset.se\/2012\/07\/20-07-25kes\u00e4kahvila-10.jpg 500w, http:\/\/media.uumajalaiset.se\/2012\/07\/20-07-25kes\u00e4kahvila-10-150x112.jpg 150w, http:\/\/media.uumajalaiset.se\/2012\/07\/20-07-25kes\u00e4kahvila-10-300x225.jpg 300w, http:\/\/media.uumajalaiset.se\/2012\/07\/20-07-25kes\u00e4kahvila-10-400x300.jpg 400w\" sizes=\"auto, (max-width: 500px) 100vw, 500px\" \/><\/a><br \/>\nIrma n\u00e4ytti nauttivan seurasta.<br \/>\n<a href=\"http:\/\/uumajalaiset.se\/?attachment_id=3329\" rel=\"attachment wp-att-3329\"><img loading=\"lazy\" decoding=\"async\" class=\"alignnone size-full wp-image-3329\" title=\"20-07-25kes\u00e4kahvila (5)\" src=\"http:\/\/media.uumajalaiset.se\/2012\/07\/20-07-25kes\u00e4kahvila-5.jpg\" alt=\"\" width=\"500\" height=\"375\" srcset=\"http:\/\/media.uumajalaiset.se\/2012\/07\/20-07-25kes\u00e4kahvila-5.jpg 500w, http:\/\/media.uumajalaiset.se\/2012\/07\/20-07-25kes\u00e4kahvila-5-150x112.jpg 150w, http:\/\/media.uumajalaiset.se\/2012\/07\/20-07-25kes\u00e4kahvila-5-300x225.jpg 300w, http:\/\/media.uumajalaiset.se\/2012\/07\/20-07-25kes\u00e4kahvila-5-400x300.jpg 400w\" sizes=\"auto, (max-width: 500px) 100vw, 500px\" \/><\/a><br \/>\nKeitti\u00f6st\u00e4 l\u00f6ytyiv\u00e4t Seija Dahlgren ja ruokaa laittava Raili Borg.<br \/>\n<a href=\"http:\/\/uumajalaiset.se\/?attachment_id=3331\" rel=\"attachment wp-att-3331\"><img loading=\"lazy\" decoding=\"async\" title=\"20-07-25kes\u00e4kahvila (7)\" src=\"http:\/\/media.uumajalaiset.se\/2012\/07\/20-07-25kes\u00e4kahvila-7.jpg\" alt=\"\" width=\"500\" height=\"375\" \/><\/a><br \/>\nSeija l\u00f6ytyi kyll\u00e4 jo heti aamulla mets\u00e4n keskelt\u00e4.<br \/>\n<a href=\"http:\/\/uumajalaiset.se\/?attachment_id=3330\" rel=\"attachment wp-att-3330\"><img loading=\"lazy\" decoding=\"async\" title=\"20-07-25kes\u00e4kahvila (6)\" src=\"http:\/\/media.uumajalaiset.se\/2012\/07\/20-07-25kes\u00e4kahvila-6.jpg\" alt=\"\" width=\"500\" height=\"375\" \/><\/a><br \/>\nH\u00e4n oli l\u00e4htenyt mustikoita poimimaan.<br \/>\n<a href=\"http:\/\/uumajalaiset.se\/?attachment_id=3335\" rel=\"attachment wp-att-3335\"><img loading=\"lazy\" decoding=\"async\" class=\"alignnone size-full wp-image-3335\" title=\"20-07-25kes\u00e4kahvila (11)\" src=\"http:\/\/media.uumajalaiset.se\/2012\/07\/20-07-25kes\u00e4kahvila-11.jpg\" alt=\"\" width=\"500\" height=\"375\" srcset=\"http:\/\/media.uumajalaiset.se\/2012\/07\/20-07-25kes\u00e4kahvila-11.jpg 500w, http:\/\/media.uumajalaiset.se\/2012\/07\/20-07-25kes\u00e4kahvila-11-150x112.jpg 150w, http:\/\/media.uumajalaiset.se\/2012\/07\/20-07-25kes\u00e4kahvila-11-300x225.jpg 300w, http:\/\/media.uumajalaiset.se\/2012\/07\/20-07-25kes\u00e4kahvila-11-400x300.jpg 400w\" sizes=\"auto, (max-width: 500px) 100vw, 500px\" \/><\/a><br \/>\nMets\u00e4st\u00e4 n\u00e4ytt\u00e4\u00e4 l\u00f6ytyv\u00e4n muitakin marjanpoimijoita.<br \/>\n<a href=\"http:\/\/uumajalaiset.se\/?attachment_id=3336\" rel=\"attachment wp-att-3336\"><img loading=\"lazy\" decoding=\"async\" class=\"alignnone size-full wp-image-3336\" title=\"20-07-25kes\u00e4kahvila (12)\" src=\"http:\/\/media.uumajalaiset.se\/2012\/07\/20-07-25kes\u00e4kahvila-12.jpg\" alt=\"\" width=\"500\" height=\"375\" srcset=\"http:\/\/media.uumajalaiset.se\/2012\/07\/20-07-25kes\u00e4kahvila-12.jpg 500w, http:\/\/media.uumajalaiset.se\/2012\/07\/20-07-25kes\u00e4kahvila-12-150x112.jpg 150w, http:\/\/media.uumajalaiset.se\/2012\/07\/20-07-25kes\u00e4kahvila-12-300x225.jpg 300w, http:\/\/media.uumajalaiset.se\/2012\/07\/20-07-25kes\u00e4kahvila-12-400x300.jpg 400w\" sizes=\"auto, (max-width: 500px) 100vw, 500px\" \/><\/a><br \/>\nT\u00e4ss\u00e4 ei taideta poimia marjoja.<br \/>\n<a href=\"http:\/\/uumajalaiset.se\/?attachment_id=3337\" rel=\"attachment wp-att-3337\"><img loading=\"lazy\" decoding=\"async\" class=\"alignnone size-full wp-image-3337\" title=\"20-07-25kes\u00e4kahvila (13)\" src=\"http:\/\/media.uumajalaiset.se\/2012\/07\/20-07-25kes\u00e4kahvila-13.jpg\" alt=\"\" width=\"500\" height=\"375\" srcset=\"http:\/\/media.uumajalaiset.se\/2012\/07\/20-07-25kes\u00e4kahvila-13.jpg 500w, http:\/\/media.uumajalaiset.se\/2012\/07\/20-07-25kes\u00e4kahvila-13-150x112.jpg 150w, http:\/\/media.uumajalaiset.se\/2012\/07\/20-07-25kes\u00e4kahvila-13-300x225.jpg 300w, http:\/\/media.uumajalaiset.se\/2012\/07\/20-07-25kes\u00e4kahvila-13-400x300.jpg 400w\" sizes=\"auto, (max-width: 500px) 100vw, 500px\" \/><\/a><br \/>\nT\u00e4ss\u00e4 on kyll\u00e4 jotakin ihan muuta tekeill\u00e4.<br \/>\n<a href=\"http:\/\/uumajalaiset.se\/?attachment_id=3338\" rel=\"attachment wp-att-3338\"><img loading=\"lazy\" decoding=\"async\" class=\"alignnone size-full wp-image-3338\" title=\"20-07-25kes\u00e4kahvila (14)\" src=\"http:\/\/media.uumajalaiset.se\/2012\/07\/20-07-25kes\u00e4kahvila-14.jpg\" alt=\"\" width=\"500\" height=\"375\" srcset=\"http:\/\/media.uumajalaiset.se\/2012\/07\/20-07-25kes\u00e4kahvila-14.jpg 500w, http:\/\/media.uumajalaiset.se\/2012\/07\/20-07-25kes\u00e4kahvila-14-150x112.jpg 150w, http:\/\/media.uumajalaiset.se\/2012\/07\/20-07-25kes\u00e4kahvila-14-300x225.jpg 300w, http:\/\/media.uumajalaiset.se\/2012\/07\/20-07-25kes\u00e4kahvila-14-400x300.jpg 400w\" sizes=\"auto, (max-width: 500px) 100vw, 500px\" \/><\/a><br \/>\nMerja, Airi ja Ritva taitaval olla jotakin oksia ker\u00e4\u00e4m\u00e4ss\u00e4.<br \/>\n<a href=\"http:\/\/uumajalaiset.se\/?attachment_id=3340\" rel=\"attachment wp-att-3340\"><img loading=\"lazy\" decoding=\"async\" class=\"alignnone size-full wp-image-3340\" title=\"20-07-25kes\u00e4kahvila (15)\" src=\"http:\/\/media.uumajalaiset.se\/2012\/07\/20-07-25kes\u00e4kahvila-15.jpg\" alt=\"\" width=\"500\" height=\"375\" srcset=\"http:\/\/media.uumajalaiset.se\/2012\/07\/20-07-25kes\u00e4kahvila-15.jpg 500w, http:\/\/media.uumajalaiset.se\/2012\/07\/20-07-25kes\u00e4kahvila-15-150x112.jpg 150w, http:\/\/media.uumajalaiset.se\/2012\/07\/20-07-25kes\u00e4kahvila-15-300x225.jpg 300w, http:\/\/media.uumajalaiset.se\/2012\/07\/20-07-25kes\u00e4kahvila-15-400x300.jpg 400w\" sizes=\"auto, (max-width: 500px) 100vw, 500px\" \/><\/a><br \/>\nMit\u00e4h\u00e4n sielt\u00e4 mahtaa mustikanvarpujen joukosta\u00a0l\u00f6yty\u00e4.<br \/>\n<a href=\"http:\/\/uumajalaiset.se\/?attachment_id=3341\" rel=\"attachment wp-att-3341\"><img loading=\"lazy\" decoding=\"async\" class=\"alignnone size-full wp-image-3341\" title=\"20-07-25kes\u00e4kahvila (16)\" src=\"http:\/\/media.uumajalaiset.se\/2012\/07\/20-07-25kes\u00e4kahvila-16.jpg\" alt=\"\" width=\"500\" height=\"375\" srcset=\"http:\/\/media.uumajalaiset.se\/2012\/07\/20-07-25kes\u00e4kahvila-16.jpg 500w, http:\/\/media.uumajalaiset.se\/2012\/07\/20-07-25kes\u00e4kahvila-16-150x112.jpg 150w, http:\/\/media.uumajalaiset.se\/2012\/07\/20-07-25kes\u00e4kahvila-16-300x225.jpg 300w, http:\/\/media.uumajalaiset.se\/2012\/07\/20-07-25kes\u00e4kahvila-16-400x300.jpg 400w\" sizes=\"auto, (max-width: 500px) 100vw, 500px\" \/><\/a><br \/>\nMit\u00e4h\u00e4n se Airi mahtaa piilotella sel\u00e4n takana.<br \/>\n<a href=\"http:\/\/uumajalaiset.se\/?attachment_id=3342\" rel=\"attachment wp-att-3342\"><img loading=\"lazy\" decoding=\"async\" class=\"alignnone size-full wp-image-3342\" title=\"20-07-25kes\u00e4kahvila (17)\" src=\"http:\/\/media.uumajalaiset.se\/2012\/07\/20-07-25kes\u00e4kahvila-17.jpg\" alt=\"\" width=\"500\" height=\"375\" srcset=\"http:\/\/media.uumajalaiset.se\/2012\/07\/20-07-25kes\u00e4kahvila-17.jpg 500w, http:\/\/media.uumajalaiset.se\/2012\/07\/20-07-25kes\u00e4kahvila-17-150x112.jpg 150w, http:\/\/media.uumajalaiset.se\/2012\/07\/20-07-25kes\u00e4kahvila-17-300x225.jpg 300w, http:\/\/media.uumajalaiset.se\/2012\/07\/20-07-25kes\u00e4kahvila-17-400x300.jpg 400w\" sizes=\"auto, (max-width: 500px) 100vw, 500px\" \/><\/a><br \/>\nSiin\u00e4h\u00e4n se nyt paljastui.<br \/>\n<a href=\"http:\/\/uumajalaiset.se\/?attachment_id=3343\" rel=\"attachment wp-att-3343\"><img loading=\"lazy\" decoding=\"async\" class=\"alignnone size-full wp-image-3343\" title=\"20-07-25kes\u00e4kahvila (18)\" src=\"http:\/\/media.uumajalaiset.se\/2012\/07\/20-07-25kes\u00e4kahvila-18.jpg\" alt=\"\" width=\"500\" height=\"375\" srcset=\"http:\/\/media.uumajalaiset.se\/2012\/07\/20-07-25kes\u00e4kahvila-18.jpg 500w, http:\/\/media.uumajalaiset.se\/2012\/07\/20-07-25kes\u00e4kahvila-18-150x112.jpg 150w, http:\/\/media.uumajalaiset.se\/2012\/07\/20-07-25kes\u00e4kahvila-18-300x225.jpg 300w, http:\/\/media.uumajalaiset.se\/2012\/07\/20-07-25kes\u00e4kahvila-18-400x300.jpg 400w\" sizes=\"auto, (max-width: 500px) 100vw, 500px\" \/><\/a><br \/>\nVihta.<br \/>\n<a href=\"http:\/\/uumajalaiset.se\/?attachment_id=3344\" rel=\"attachment wp-att-3344\"><img loading=\"lazy\" decoding=\"async\" class=\"alignnone size-full wp-image-3344\" title=\"20-07-25kes\u00e4kahvila (19)\" src=\"http:\/\/media.uumajalaiset.se\/2012\/07\/20-07-25kes\u00e4kahvila-19.jpg\" alt=\"\" width=\"500\" height=\"375\" srcset=\"http:\/\/media.uumajalaiset.se\/2012\/07\/20-07-25kes\u00e4kahvila-19.jpg 500w, http:\/\/media.uumajalaiset.se\/2012\/07\/20-07-25kes\u00e4kahvila-19-150x112.jpg 150w, http:\/\/media.uumajalaiset.se\/2012\/07\/20-07-25kes\u00e4kahvila-19-300x225.jpg 300w, http:\/\/media.uumajalaiset.se\/2012\/07\/20-07-25kes\u00e4kahvila-19-400x300.jpg 400w\" sizes=\"auto, (max-width: 500px) 100vw, 500px\" \/><\/a><br \/>\nIrma ja Airi k\u00e4viv\u00e4t saunassa Raunon j\u00e4lkeen, kun Rauno nyt oli l\u00e4mmitt\u00e4nyt saunan.<br \/>\n<a href=\"http:\/\/uumajalaiset.se\/?attachment_id=3345\" rel=\"attachment wp-att-3345\"><img loading=\"lazy\" decoding=\"async\" class=\"alignnone size-full wp-image-3345\" title=\"20-07-25kes\u00e4kahvila (20)\" src=\"http:\/\/media.uumajalaiset.se\/2012\/07\/20-07-25kes\u00e4kahvila-20.jpg\" alt=\"\" width=\"500\" height=\"375\" srcset=\"http:\/\/media.uumajalaiset.se\/2012\/07\/20-07-25kes\u00e4kahvila-20.jpg 500w, http:\/\/media.uumajalaiset.se\/2012\/07\/20-07-25kes\u00e4kahvila-20-150x112.jpg 150w, http:\/\/media.uumajalaiset.se\/2012\/07\/20-07-25kes\u00e4kahvila-20-300x225.jpg 300w, http:\/\/media.uumajalaiset.se\/2012\/07\/20-07-25kes\u00e4kahvila-20-400x300.jpg 400w\" sizes=\"auto, (max-width: 500px) 100vw, 500px\" \/><\/a><br \/>\nSaunan j\u00e4lkeen oli ruokakin valmista.<br \/>\n<a href=\"http:\/\/uumajalaiset.se\/?attachment_id=3346\" rel=\"attachment wp-att-3346\"><img loading=\"lazy\" decoding=\"async\" class=\"alignnone size-full wp-image-3346\" title=\"20-07-25kes\u00e4kahvila (21)\" src=\"http:\/\/media.uumajalaiset.se\/2012\/07\/20-07-25kes\u00e4kahvila-21.jpg\" alt=\"\" width=\"500\" height=\"375\" srcset=\"http:\/\/media.uumajalaiset.se\/2012\/07\/20-07-25kes\u00e4kahvila-21.jpg 500w, http:\/\/media.uumajalaiset.se\/2012\/07\/20-07-25kes\u00e4kahvila-21-150x112.jpg 150w, http:\/\/media.uumajalaiset.se\/2012\/07\/20-07-25kes\u00e4kahvila-21-300x225.jpg 300w, http:\/\/media.uumajalaiset.se\/2012\/07\/20-07-25kes\u00e4kahvila-21-400x300.jpg 400w\" sizes=\"auto, (max-width: 500px) 100vw, 500px\" \/><\/a><br \/>\nPossupataa ja perunamuusia.<br \/>\n<img loading=\"lazy\" decoding=\"async\" class=\"alignnone size-full wp-image-3347\" title=\"20-07-25kes\u00e4kahvila (22)\" src=\"http:\/\/media.uumajalaiset.se\/2012\/07\/20-07-25kes\u00e4kahvila-22.jpg\" alt=\"\" width=\"500\" height=\"375\" srcset=\"http:\/\/media.uumajalaiset.se\/2012\/07\/20-07-25kes\u00e4kahvila-22.jpg 500w, http:\/\/media.uumajalaiset.se\/2012\/07\/20-07-25kes\u00e4kahvila-22-150x112.jpg 150w, http:\/\/media.uumajalaiset.se\/2012\/07\/20-07-25kes\u00e4kahvila-22-300x225.jpg 300w, http:\/\/media.uumajalaiset.se\/2012\/07\/20-07-25kes\u00e4kahvila-22-400x300.jpg 400w\" sizes=\"auto, (max-width: 500px) 100vw, 500px\" \/><br \/>\nP\u00e4iv\u00e4n ensimm\u00e4iset ruokavieraat saivat pikaruokana Marjatan eilist\u00e4 makaroonilaatikkoa ja se maistui.<br \/>\n<a href=\"http:\/\/uumajalaiset.se\/?attachment_id=3348\" rel=\"attachment wp-att-3348\"><img loading=\"lazy\" decoding=\"async\" class=\"alignnone size-full wp-image-3348\" title=\"20-07-25kes\u00e4kahvila (23)\" src=\"http:\/\/media.uumajalaiset.se\/2012\/07\/20-07-25kes\u00e4kahvila-23.jpg\" alt=\"\" width=\"500\" height=\"375\" srcset=\"http:\/\/media.uumajalaiset.se\/2012\/07\/20-07-25kes\u00e4kahvila-23.jpg 500w, http:\/\/media.uumajalaiset.se\/2012\/07\/20-07-25kes\u00e4kahvila-23-150x112.jpg 150w, http:\/\/media.uumajalaiset.se\/2012\/07\/20-07-25kes\u00e4kahvila-23-300x225.jpg 300w, http:\/\/media.uumajalaiset.se\/2012\/07\/20-07-25kes\u00e4kahvila-23-400x300.jpg 400w\" sizes=\"auto, (max-width: 500px) 100vw, 500px\" \/><\/a><br \/>\nVieraat tutustuivat viikon taiden\u00e4yttelyyn.<br \/>\n<a href=\"http:\/\/uumajalaiset.se\/?attachment_id=3333\" rel=\"attachment wp-att-3333\"><img loading=\"lazy\" decoding=\"async\" title=\"20-07-25kes\u00e4kahvila (9)\" src=\"http:\/\/media.uumajalaiset.se\/2012\/07\/20-07-25kes\u00e4kahvila-9.jpg\" alt=\"\" width=\"500\" height=\"375\" \/><\/a><br \/>\nViikon taiteilija on Raija Silverell.<\/p>\n","protected":false},"excerpt":{"rendered":"<p>Keskiviikkona k\u00e4viv\u00e4t\u00a0Emmanuelssonin sisaruksetm\u00f6kill\u00e4 sy\u00f6m\u00e4ss\u00e4, molemmat ihan uusia j\u00e4seni\u00e4. Anders Emmanuelsson. Sek\u00e4 Andersin sisar, Else-Maj. T\u00e4ss\u00e4 taitavat Ritva ja Liisa odotella\u00a0ruuan valmistumista. Irma Larsson oli pitk\u00e4st\u00e4 aikaa k\u00e4ym\u00e4ss\u00e4 m\u00f6kill\u00e4. Merja ja Raija pitiv\u00e4t Irmalle seuraa. Irma n\u00e4ytti nauttivan seurasta. Keitti\u00f6st\u00e4 l\u00f6ytyiv\u00e4t &hellip; <a href=\"https:\/\/uumajalaiset.se\/?p=3324\">L\u00e4s mer <span class=\"meta-nav\">&rarr;<\/span><\/a><\/p>\n","protected":false},"author":1,"featured_media":0,"comment_status":"closed","ping_status":"closed","sticky":false,"template":"","format":"gallery","meta":{"footnotes":""},"categories":[8],"tags":[],"class_list":["post-3324","post","type-post","status-publish","format-gallery","hentry","category-uutiset-2","post_format-post-format-gallery"],"_links":{"self":[{"href":"https:\/\/uumajalaiset.se\/index.php?rest_route=\/wp\/v2\/posts\/3324","targetHints":{"allow":["GET"]}}],"collection":[{"href":"https:\/\/uumajalaiset.se\/index.php?rest_route=\/wp\/v2\/posts"}],"about":[{"href":"https:\/\/uumajalaiset.se\/index.php?rest_route=\/wp\/v2\/types\/post"}],"author":[{"embeddable":true,"href":"https:\/\/uumajalaiset.se\/index.php?rest_route=\/wp\/v2\/users\/1"}],"replies":[{"embeddable":true,"href":"https:\/\/uumajalaiset.se\/index.php?rest_route=%2Fwp%2Fv2%2Fcomments&post=3324"}],"version-history":[{"count":6,"href":"https:\/\/uumajalaiset.se\/index.php?rest_route=\/wp\/v2\/posts\/3324\/revisions"}],"predecessor-version":[{"id":3356,"href":"https:\/\/uumajalaiset.se\/index.php?rest_route=\/wp\/v2\/posts\/3324\/revisions\/3356"}],"wp:attachment":[{"href":"https:\/\/uumajalaiset.se\/index.php?rest_route=%2Fwp%2Fv2%2Fmedia&parent=3324"}],"wp:term":[{"taxonomy":"category","embeddable":true,"href":"https:\/\/uumajalaiset.se\/index.php?rest_route=%2Fwp%2Fv2%2Fcategories&post=3324"},{"taxonomy":"post_tag","embeddable":true,"href":"https:\/\/uumajalaiset.se\/index.php?rest_route=%2Fwp%2Fv2%2Ftags&post=3324"}],"curies":[{"name":"wp","href":"https:\/\/api.w.org\/{rel}","templated":true}]}}