{"id":3368,"date":"2012-07-27T23:27:10","date_gmt":"2012-07-27T23:27:10","guid":{"rendered":"http:\/\/uumajalaiset.se\/?p=3368"},"modified":"2012-07-28T23:49:21","modified_gmt":"2012-07-28T23:49:21","slug":"jatskia-ja-sulkapalloilua-perjantain-kesakahvilassa","status":"publish","type":"post","link":"https:\/\/uumajalaiset.se\/?p=3368","title":{"rendered":"J\u00e4tski\u00e4 ja sulkapalloilua perjantain kes\u00e4kahvilassa"},"content":{"rendered":"<p><a href=\"http:\/\/uumajalaiset.se\/?attachment_id=3369\" rel=\"attachment wp-att-3369\"><img loading=\"lazy\" decoding=\"async\" class=\"alignnone size-full wp-image-3369\" title=\"2012-07-27kes\u00e4kahvila (1)\" src=\"http:\/\/media.uumajalaiset.se\/2012\/07\/2012-07-27kes\u00e4kahvila-1.jpg\" alt=\"\" width=\"500\" height=\"375\" srcset=\"http:\/\/media.uumajalaiset.se\/2012\/07\/2012-07-27kes\u00e4kahvila-1.jpg 500w, http:\/\/media.uumajalaiset.se\/2012\/07\/2012-07-27kes\u00e4kahvila-1-150x112.jpg 150w, http:\/\/media.uumajalaiset.se\/2012\/07\/2012-07-27kes\u00e4kahvila-1-300x225.jpg 300w, http:\/\/media.uumajalaiset.se\/2012\/07\/2012-07-27kes\u00e4kahvila-1-400x300.jpg 400w\" sizes=\"auto, (max-width: 500px) 100vw, 500px\" \/><\/a><br \/>\nPerjantai meni j\u00e4\u00e4tel\u00f6n sy\u00f6miseksi.<br \/>\n<a href=\"http:\/\/uumajalaiset.se\/?attachment_id=3370\" rel=\"attachment wp-att-3370\"><img loading=\"lazy\" decoding=\"async\" class=\"alignnone size-full wp-image-3370\" title=\"2012-07-27kes\u00e4kahvila (2)\" src=\"http:\/\/media.uumajalaiset.se\/2012\/07\/2012-07-27kes\u00e4kahvila-2.jpg\" alt=\"\" width=\"500\" height=\"375\" srcset=\"http:\/\/media.uumajalaiset.se\/2012\/07\/2012-07-27kes\u00e4kahvila-2.jpg 500w, http:\/\/media.uumajalaiset.se\/2012\/07\/2012-07-27kes\u00e4kahvila-2-150x112.jpg 150w, http:\/\/media.uumajalaiset.se\/2012\/07\/2012-07-27kes\u00e4kahvila-2-300x225.jpg 300w, http:\/\/media.uumajalaiset.se\/2012\/07\/2012-07-27kes\u00e4kahvila-2-400x300.jpg 400w\" sizes=\"auto, (max-width: 500px) 100vw, 500px\" \/><\/a><br \/>\nVaikka muitakin ruokavieraita l\u00f6ytyi.<br \/>\n<a href=\"http:\/\/uumajalaiset.se\/?attachment_id=3371\" rel=\"attachment wp-att-3371\"><img loading=\"lazy\" decoding=\"async\" class=\"alignnone size-full wp-image-3371\" title=\"2012-07-27kes\u00e4kahvila (3)\" src=\"http:\/\/media.uumajalaiset.se\/2012\/07\/2012-07-27kes\u00e4kahvila-3.jpg\" alt=\"\" width=\"500\" height=\"375\" srcset=\"http:\/\/media.uumajalaiset.se\/2012\/07\/2012-07-27kes\u00e4kahvila-3.jpg 500w, http:\/\/media.uumajalaiset.se\/2012\/07\/2012-07-27kes\u00e4kahvila-3-150x112.jpg 150w, http:\/\/media.uumajalaiset.se\/2012\/07\/2012-07-27kes\u00e4kahvila-3-300x225.jpg 300w, http:\/\/media.uumajalaiset.se\/2012\/07\/2012-07-27kes\u00e4kahvila-3-400x300.jpg 400w\" sizes=\"auto, (max-width: 500px) 100vw, 500px\" \/><\/a><br \/>\nLiisa ja Raija.<br \/>\n<a href=\"http:\/\/uumajalaiset.se\/?attachment_id=3374\" rel=\"attachment wp-att-3374\"><img loading=\"lazy\" decoding=\"async\" class=\"alignnone size-full wp-image-3374\" title=\"2012-07-27kes\u00e4kahvila (4)\" src=\"http:\/\/media.uumajalaiset.se\/2012\/07\/2012-07-27kes\u00e4kahvila-41.jpg\" alt=\"\" width=\"500\" height=\"375\" srcset=\"http:\/\/media.uumajalaiset.se\/2012\/07\/2012-07-27kes\u00e4kahvila-41.jpg 500w, http:\/\/media.uumajalaiset.se\/2012\/07\/2012-07-27kes\u00e4kahvila-41-150x112.jpg 150w, http:\/\/media.uumajalaiset.se\/2012\/07\/2012-07-27kes\u00e4kahvila-41-300x225.jpg 300w, http:\/\/media.uumajalaiset.se\/2012\/07\/2012-07-27kes\u00e4kahvila-41-400x300.jpg 400w\" sizes=\"auto, (max-width: 500px) 100vw, 500px\" \/><\/a><br \/>\nMerjan appivanhemmat pys\u00e4htyiv\u00e4t m\u00f6kille sy\u00f6m\u00e4\u00e4n &#8230;<br \/>\n<a href=\"http:\/\/uumajalaiset.se\/?attachment_id=3373\" rel=\"attachment wp-att-3373\"><img loading=\"lazy\" decoding=\"async\" class=\"alignnone size-full wp-image-3373\" title=\"2012-07-27kes\u00e4kahvila (5)\" src=\"http:\/\/media.uumajalaiset.se\/2012\/07\/2012-07-27kes\u00e4kahvila-5.jpg\" alt=\"\" width=\"500\" height=\"375\" srcset=\"http:\/\/media.uumajalaiset.se\/2012\/07\/2012-07-27kes\u00e4kahvila-5.jpg 500w, http:\/\/media.uumajalaiset.se\/2012\/07\/2012-07-27kes\u00e4kahvila-5-150x112.jpg 150w, http:\/\/media.uumajalaiset.se\/2012\/07\/2012-07-27kes\u00e4kahvila-5-300x225.jpg 300w, http:\/\/media.uumajalaiset.se\/2012\/07\/2012-07-27kes\u00e4kahvila-5-400x300.jpg 400w\" sizes=\"auto, (max-width: 500px) 100vw, 500px\" \/><\/a><br \/>\n&#8230; sauvak\u00e4velyn lomassa.<br \/>\n<a href=\"http:\/\/uumajalaiset.se\/?attachment_id=3375\" rel=\"attachment wp-att-3375\"><img loading=\"lazy\" decoding=\"async\" class=\"alignnone size-full wp-image-3375\" title=\"2012-07-27kes\u00e4kahvila (6)\" src=\"http:\/\/media.uumajalaiset.se\/2012\/07\/2012-07-27kes\u00e4kahvila-6.jpg\" alt=\"\" width=\"500\" height=\"375\" srcset=\"http:\/\/media.uumajalaiset.se\/2012\/07\/2012-07-27kes\u00e4kahvila-6.jpg 500w, http:\/\/media.uumajalaiset.se\/2012\/07\/2012-07-27kes\u00e4kahvila-6-150x112.jpg 150w, http:\/\/media.uumajalaiset.se\/2012\/07\/2012-07-27kes\u00e4kahvila-6-300x225.jpg 300w, http:\/\/media.uumajalaiset.se\/2012\/07\/2012-07-27kes\u00e4kahvila-6-400x300.jpg 400w\" sizes=\"auto, (max-width: 500px) 100vw, 500px\" \/><\/a><br \/>\nHanna, Niilo ja pojat k\u00e4viv\u00e4t kahvilla ja j\u00e4tskill\u00e4.<br \/>\n<a href=\"http:\/\/uumajalaiset.se\/?attachment_id=3376\" rel=\"attachment wp-att-3376\"><img loading=\"lazy\" decoding=\"async\" class=\"alignnone size-full wp-image-3376\" title=\"2012-07-27kes\u00e4kahvila (7)\" src=\"http:\/\/media.uumajalaiset.se\/2012\/07\/2012-07-27kes\u00e4kahvila-7.jpg\" alt=\"\" width=\"500\" height=\"375\" srcset=\"http:\/\/media.uumajalaiset.se\/2012\/07\/2012-07-27kes\u00e4kahvila-7.jpg 500w, http:\/\/media.uumajalaiset.se\/2012\/07\/2012-07-27kes\u00e4kahvila-7-150x112.jpg 150w, http:\/\/media.uumajalaiset.se\/2012\/07\/2012-07-27kes\u00e4kahvila-7-300x225.jpg 300w, http:\/\/media.uumajalaiset.se\/2012\/07\/2012-07-27kes\u00e4kahvila-7-400x300.jpg 400w\" sizes=\"auto, (max-width: 500px) 100vw, 500px\" \/><\/a><br \/>\nKiviniemen Mirjamikin mahtui joukkoon.<br \/>\n<a href=\"http:\/\/uumajalaiset.se\/?attachment_id=3377\" rel=\"attachment wp-att-3377\"><img loading=\"lazy\" decoding=\"async\" class=\"alignnone size-full wp-image-3377\" title=\"2012-07-27kes\u00e4kahvila (8)\" src=\"http:\/\/media.uumajalaiset.se\/2012\/07\/2012-07-27kes\u00e4kahvila-8.jpg\" alt=\"\" width=\"500\" height=\"375\" srcset=\"http:\/\/media.uumajalaiset.se\/2012\/07\/2012-07-27kes\u00e4kahvila-8.jpg 500w, http:\/\/media.uumajalaiset.se\/2012\/07\/2012-07-27kes\u00e4kahvila-8-150x112.jpg 150w, http:\/\/media.uumajalaiset.se\/2012\/07\/2012-07-27kes\u00e4kahvila-8-300x225.jpg 300w, http:\/\/media.uumajalaiset.se\/2012\/07\/2012-07-27kes\u00e4kahvila-8-400x300.jpg 400w\" sizes=\"auto, (max-width: 500px) 100vw, 500px\" \/><\/a><br \/>\nRaija ja Marjatta.<br \/>\n<a href=\"http:\/\/uumajalaiset.se\/?attachment_id=3379\" rel=\"attachment wp-att-3379\"><img loading=\"lazy\" decoding=\"async\" class=\"alignnone size-full wp-image-3379\" title=\"2012-07-27kes\u00e4kahvila (9)\" src=\"http:\/\/media.uumajalaiset.se\/2012\/07\/2012-07-27kes\u00e4kahvila-91.jpg\" alt=\"\" width=\"500\" height=\"375\" srcset=\"http:\/\/media.uumajalaiset.se\/2012\/07\/2012-07-27kes\u00e4kahvila-91.jpg 500w, http:\/\/media.uumajalaiset.se\/2012\/07\/2012-07-27kes\u00e4kahvila-91-150x112.jpg 150w, http:\/\/media.uumajalaiset.se\/2012\/07\/2012-07-27kes\u00e4kahvila-91-300x225.jpg 300w, http:\/\/media.uumajalaiset.se\/2012\/07\/2012-07-27kes\u00e4kahvila-91-400x300.jpg 400w\" sizes=\"auto, (max-width: 500px) 100vw, 500px\" \/><\/a><br \/>\nHanna ja Mirjami.<br \/>\n<a href=\"http:\/\/uumajalaiset.se\/?attachment_id=3380\" rel=\"attachment wp-att-3380\"><img loading=\"lazy\" decoding=\"async\" class=\"alignnone size-full wp-image-3380\" title=\"2012-07-27kes\u00e4kahvila (10)\" src=\"http:\/\/media.uumajalaiset.se\/2012\/07\/2012-07-27kes\u00e4kahvila-10.jpg\" alt=\"\" width=\"500\" height=\"375\" srcset=\"http:\/\/media.uumajalaiset.se\/2012\/07\/2012-07-27kes\u00e4kahvila-10.jpg 500w, http:\/\/media.uumajalaiset.se\/2012\/07\/2012-07-27kes\u00e4kahvila-10-150x112.jpg 150w, http:\/\/media.uumajalaiset.se\/2012\/07\/2012-07-27kes\u00e4kahvila-10-300x225.jpg 300w, http:\/\/media.uumajalaiset.se\/2012\/07\/2012-07-27kes\u00e4kahvila-10-400x300.jpg 400w\" sizes=\"auto, (max-width: 500px) 100vw, 500px\" \/><\/a><br \/>\nMmmm, j\u00e4tski\u00e4.<br \/>\n<a href=\"http:\/\/uumajalaiset.se\/?attachment_id=3381\" rel=\"attachment wp-att-3381\"><img loading=\"lazy\" decoding=\"async\" class=\"alignnone size-full wp-image-3381\" title=\"2012-07-27kes\u00e4kahvila (11)\" src=\"http:\/\/media.uumajalaiset.se\/2012\/07\/2012-07-27kes\u00e4kahvila-11.jpg\" alt=\"\" width=\"500\" height=\"375\" srcset=\"http:\/\/media.uumajalaiset.se\/2012\/07\/2012-07-27kes\u00e4kahvila-11.jpg 500w, http:\/\/media.uumajalaiset.se\/2012\/07\/2012-07-27kes\u00e4kahvila-11-150x112.jpg 150w, http:\/\/media.uumajalaiset.se\/2012\/07\/2012-07-27kes\u00e4kahvila-11-300x225.jpg 300w, http:\/\/media.uumajalaiset.se\/2012\/07\/2012-07-27kes\u00e4kahvila-11-400x300.jpg 400w\" sizes=\"auto, (max-width: 500px) 100vw, 500px\" \/><\/a><br \/>\nIhan hyv\u00e4\u00e4.<br \/>\n<a href=\"http:\/\/uumajalaiset.se\/?attachment_id=3382\" rel=\"attachment wp-att-3382\"><img loading=\"lazy\" decoding=\"async\" class=\"alignnone size-full wp-image-3382\" title=\"2012-07-27kes\u00e4kahvila (12)\" src=\"http:\/\/media.uumajalaiset.se\/2012\/07\/2012-07-27kes\u00e4kahvila-12.jpg\" alt=\"\" width=\"500\" height=\"375\" srcset=\"http:\/\/media.uumajalaiset.se\/2012\/07\/2012-07-27kes\u00e4kahvila-12.jpg 500w, http:\/\/media.uumajalaiset.se\/2012\/07\/2012-07-27kes\u00e4kahvila-12-150x112.jpg 150w, http:\/\/media.uumajalaiset.se\/2012\/07\/2012-07-27kes\u00e4kahvila-12-300x225.jpg 300w, http:\/\/media.uumajalaiset.se\/2012\/07\/2012-07-27kes\u00e4kahvila-12-400x300.jpg 400w\" sizes=\"auto, (max-width: 500px) 100vw, 500px\" \/><\/a><br \/>\nKeinussa on kivaa.<br \/>\n<a href=\"http:\/\/uumajalaiset.se\/?attachment_id=3383\" rel=\"attachment wp-att-3383\"><img loading=\"lazy\" decoding=\"async\" class=\"alignnone size-full wp-image-3383\" title=\"2012-07-27kes\u00e4kahvila (13)\" src=\"http:\/\/media.uumajalaiset.se\/2012\/07\/2012-07-27kes\u00e4kahvila-13.jpg\" alt=\"\" width=\"500\" height=\"375\" srcset=\"http:\/\/media.uumajalaiset.se\/2012\/07\/2012-07-27kes\u00e4kahvila-13.jpg 500w, http:\/\/media.uumajalaiset.se\/2012\/07\/2012-07-27kes\u00e4kahvila-13-150x112.jpg 150w, http:\/\/media.uumajalaiset.se\/2012\/07\/2012-07-27kes\u00e4kahvila-13-300x225.jpg 300w, http:\/\/media.uumajalaiset.se\/2012\/07\/2012-07-27kes\u00e4kahvila-13-400x300.jpg 400w\" sizes=\"auto, (max-width: 500px) 100vw, 500px\" \/><\/a><br \/>\nSulkapallon pelaaminen \u00e4itin kanssa on kivaa sekin.<br \/>\n<a href=\"http:\/\/uumajalaiset.se\/?attachment_id=3384\" rel=\"attachment wp-att-3384\"><img loading=\"lazy\" decoding=\"async\" class=\"alignnone size-full wp-image-3384\" title=\"2012-07-27kes\u00e4kahvila (14)\" src=\"http:\/\/media.uumajalaiset.se\/2012\/07\/2012-07-27kes\u00e4kahvila-14.jpg\" alt=\"\" width=\"500\" height=\"375\" srcset=\"http:\/\/media.uumajalaiset.se\/2012\/07\/2012-07-27kes\u00e4kahvila-14.jpg 500w, http:\/\/media.uumajalaiset.se\/2012\/07\/2012-07-27kes\u00e4kahvila-14-150x112.jpg 150w, http:\/\/media.uumajalaiset.se\/2012\/07\/2012-07-27kes\u00e4kahvila-14-300x225.jpg 300w, http:\/\/media.uumajalaiset.se\/2012\/07\/2012-07-27kes\u00e4kahvila-14-400x300.jpg 400w\" sizes=\"auto, (max-width: 500px) 100vw, 500px\" \/><\/a><br \/>\nodotas, kun \u00e4iti n\u00e4ytt\u00e4\u00e4 miten ly\u00f6d\u00e4\u00e4n.<br \/>\n<a href=\"http:\/\/uumajalaiset.se\/?attachment_id=3385\" rel=\"attachment wp-att-3385\"><img loading=\"lazy\" decoding=\"async\" class=\"alignnone size-full wp-image-3385\" title=\"2012-07-27kes\u00e4kahvila (15)\" src=\"http:\/\/media.uumajalaiset.se\/2012\/07\/2012-07-27kes\u00e4kahvila-15.jpg\" alt=\"\" width=\"500\" height=\"375\" srcset=\"http:\/\/media.uumajalaiset.se\/2012\/07\/2012-07-27kes\u00e4kahvila-15.jpg 500w, http:\/\/media.uumajalaiset.se\/2012\/07\/2012-07-27kes\u00e4kahvila-15-150x112.jpg 150w, http:\/\/media.uumajalaiset.se\/2012\/07\/2012-07-27kes\u00e4kahvila-15-300x225.jpg 300w, http:\/\/media.uumajalaiset.se\/2012\/07\/2012-07-27kes\u00e4kahvila-15-400x300.jpg 400w\" sizes=\"auto, (max-width: 500px) 100vw, 500px\" \/><\/a><br \/>\nEi muuta kun kokeilemaan.<br \/>\n<a href=\"http:\/\/uumajalaiset.se\/?attachment_id=3386\" rel=\"attachment wp-att-3386\"><img loading=\"lazy\" decoding=\"async\" class=\"alignnone size-full wp-image-3386\" title=\"2012-07-27kes\u00e4kahvila (16)\" src=\"http:\/\/media.uumajalaiset.se\/2012\/07\/2012-07-27kes\u00e4kahvila-16.jpg\" alt=\"\" width=\"500\" height=\"375\" srcset=\"http:\/\/media.uumajalaiset.se\/2012\/07\/2012-07-27kes\u00e4kahvila-16.jpg 500w, http:\/\/media.uumajalaiset.se\/2012\/07\/2012-07-27kes\u00e4kahvila-16-150x112.jpg 150w, http:\/\/media.uumajalaiset.se\/2012\/07\/2012-07-27kes\u00e4kahvila-16-300x225.jpg 300w, http:\/\/media.uumajalaiset.se\/2012\/07\/2012-07-27kes\u00e4kahvila-16-400x300.jpg 400w\" sizes=\"auto, (max-width: 500px) 100vw, 500px\" \/><\/a><br \/>\nT\u00e4\u00e4lt\u00e4 pesee.<br \/>\n<a href=\"http:\/\/uumajalaiset.se\/?attachment_id=3387\" rel=\"attachment wp-att-3387\"><img loading=\"lazy\" decoding=\"async\" class=\"alignnone size-full wp-image-3387\" title=\"2012-07-27kes\u00e4kahvila (17)\" src=\"http:\/\/media.uumajalaiset.se\/2012\/07\/2012-07-27kes\u00e4kahvila-17.jpg\" alt=\"\" width=\"500\" height=\"375\" srcset=\"http:\/\/media.uumajalaiset.se\/2012\/07\/2012-07-27kes\u00e4kahvila-17.jpg 500w, http:\/\/media.uumajalaiset.se\/2012\/07\/2012-07-27kes\u00e4kahvila-17-150x112.jpg 150w, http:\/\/media.uumajalaiset.se\/2012\/07\/2012-07-27kes\u00e4kahvila-17-300x225.jpg 300w, http:\/\/media.uumajalaiset.se\/2012\/07\/2012-07-27kes\u00e4kahvila-17-400x300.jpg 400w\" sizes=\"auto, (max-width: 500px) 100vw, 500px\" \/><\/a><br \/>\nKerhon piha on kuin tehty juoksua ja pelej\u00e4 varten.<br \/>\n<a href=\"http:\/\/uumajalaiset.se\/?attachment_id=3388\" rel=\"attachment wp-att-3388\"><img loading=\"lazy\" decoding=\"async\" class=\"alignnone size-full wp-image-3388\" title=\"2012-07-27kes\u00e4kahvila (18)\" src=\"http:\/\/media.uumajalaiset.se\/2012\/07\/2012-07-27kes\u00e4kahvila-18.jpg\" alt=\"\" width=\"500\" height=\"375\" srcset=\"http:\/\/media.uumajalaiset.se\/2012\/07\/2012-07-27kes\u00e4kahvila-18.jpg 500w, http:\/\/media.uumajalaiset.se\/2012\/07\/2012-07-27kes\u00e4kahvila-18-150x112.jpg 150w, http:\/\/media.uumajalaiset.se\/2012\/07\/2012-07-27kes\u00e4kahvila-18-300x225.jpg 300w, http:\/\/media.uumajalaiset.se\/2012\/07\/2012-07-27kes\u00e4kahvila-18-400x300.jpg 400w\" sizes=\"auto, (max-width: 500px) 100vw, 500px\" \/><\/a><br \/>\nPerjantain\u00a0&#8221;soppa&#8221; oli kasvisruokaa, keitetty\u00e4 kukkakaalta &#8230;<br \/>\n<a href=\"http:\/\/uumajalaiset.se\/?attachment_id=3389\" rel=\"attachment wp-att-3389\"><img loading=\"lazy\" decoding=\"async\" class=\"alignnone size-full wp-image-3389\" title=\"2012-07-27kes\u00e4kahvila (19)\" src=\"http:\/\/media.uumajalaiset.se\/2012\/07\/2012-07-27kes\u00e4kahvila-19.jpg\" alt=\"\" width=\"500\" height=\"375\" srcset=\"http:\/\/media.uumajalaiset.se\/2012\/07\/2012-07-27kes\u00e4kahvila-19.jpg 500w, http:\/\/media.uumajalaiset.se\/2012\/07\/2012-07-27kes\u00e4kahvila-19-150x112.jpg 150w, http:\/\/media.uumajalaiset.se\/2012\/07\/2012-07-27kes\u00e4kahvila-19-300x225.jpg 300w, http:\/\/media.uumajalaiset.se\/2012\/07\/2012-07-27kes\u00e4kahvila-19-400x300.jpg 400w\" sizes=\"auto, (max-width: 500px) 100vw, 500px\" \/><\/a><br \/>\n&#8230; kermaan muhennettujen porkkanoiden kera.<\/p>\n<p>Maanantaina uusi kes\u00e4kahvilaviikko. Taiden\u00e4yttelyvuorossa ovat The Borgs.<\/p>\n","protected":false},"excerpt":{"rendered":"<p>Perjantai meni j\u00e4\u00e4tel\u00f6n sy\u00f6miseksi. Vaikka muitakin ruokavieraita l\u00f6ytyi. Liisa ja Raija. Merjan appivanhemmat pys\u00e4htyiv\u00e4t m\u00f6kille sy\u00f6m\u00e4\u00e4n &#8230; &#8230; sauvak\u00e4velyn lomassa. Hanna, Niilo ja pojat k\u00e4viv\u00e4t kahvilla ja j\u00e4tskill\u00e4. Kiviniemen Mirjamikin mahtui joukkoon. Raija ja Marjatta. Hanna ja Mirjami. Mmmm, j\u00e4tski\u00e4. &hellip; <a href=\"https:\/\/uumajalaiset.se\/?p=3368\">L\u00e4s mer <span class=\"meta-nav\">&rarr;<\/span><\/a><\/p>\n","protected":false},"author":1,"featured_media":0,"comment_status":"closed","ping_status":"closed","sticky":false,"template":"","format":"gallery","meta":{"footnotes":""},"categories":[8],"tags":[],"class_list":["post-3368","post","type-post","status-publish","format-gallery","hentry","category-uutiset-2","post_format-post-format-gallery"],"_links":{"self":[{"href":"https:\/\/uumajalaiset.se\/index.php?rest_route=\/wp\/v2\/posts\/3368","targetHints":{"allow":["GET"]}}],"collection":[{"href":"https:\/\/uumajalaiset.se\/index.php?rest_route=\/wp\/v2\/posts"}],"about":[{"href":"https:\/\/uumajalaiset.se\/index.php?rest_route=\/wp\/v2\/types\/post"}],"author":[{"embeddable":true,"href":"https:\/\/uumajalaiset.se\/index.php?rest_route=\/wp\/v2\/users\/1"}],"replies":[{"embeddable":true,"href":"https:\/\/uumajalaiset.se\/index.php?rest_route=%2Fwp%2Fv2%2Fcomments&post=3368"}],"version-history":[{"count":4,"href":"https:\/\/uumajalaiset.se\/index.php?rest_route=\/wp\/v2\/posts\/3368\/revisions"}],"predecessor-version":[{"id":3394,"href":"https:\/\/uumajalaiset.se\/index.php?rest_route=\/wp\/v2\/posts\/3368\/revisions\/3394"}],"wp:attachment":[{"href":"https:\/\/uumajalaiset.se\/index.php?rest_route=%2Fwp%2Fv2%2Fmedia&parent=3368"}],"wp:term":[{"taxonomy":"category","embeddable":true,"href":"https:\/\/uumajalaiset.se\/index.php?rest_route=%2Fwp%2Fv2%2Fcategories&post=3368"},{"taxonomy":"post_tag","embeddable":true,"href":"https:\/\/uumajalaiset.se\/index.php?rest_route=%2Fwp%2Fv2%2Ftags&post=3368"}],"curies":[{"name":"wp","href":"https:\/\/api.w.org\/{rel}","templated":true}]}}