{"id":3557,"date":"2012-08-15T05:53:39","date_gmt":"2012-08-15T05:53:39","guid":{"rendered":"http:\/\/uumajalaiset.se\/?p=3557"},"modified":"2012-08-16T06:10:06","modified_gmt":"2012-08-16T06:10:06","slug":"kesakahvilan-viimeinen-keskiviikko","status":"publish","type":"post","link":"https:\/\/uumajalaiset.se\/?p=3557","title":{"rendered":"Kes\u00e4kahvilan viimeinen keskiviikko"},"content":{"rendered":"<p><a href=\"http:\/\/uumajalaiset.se\/?attachment_id=3558\" rel=\"attachment wp-att-3558\"><img loading=\"lazy\" decoding=\"async\" class=\"alignnone size-full wp-image-3558\" title=\"2012-08-15kes\u00e4kahvila (1)\" src=\"http:\/\/media.uumajalaiset.se\/2012\/08\/2012-08-15kes\u00e4kahvila-1.jpg\" alt=\"\" width=\"500\" height=\"375\" srcset=\"http:\/\/media.uumajalaiset.se\/2012\/08\/2012-08-15kes\u00e4kahvila-1.jpg 500w, http:\/\/media.uumajalaiset.se\/2012\/08\/2012-08-15kes\u00e4kahvila-1-150x112.jpg 150w, http:\/\/media.uumajalaiset.se\/2012\/08\/2012-08-15kes\u00e4kahvila-1-300x225.jpg 300w, http:\/\/media.uumajalaiset.se\/2012\/08\/2012-08-15kes\u00e4kahvila-1-400x300.jpg 400w\" sizes=\"auto, (max-width: 500px) 100vw, 500px\" \/><\/a><br \/>\nHelteinen syyskes\u00e4n p\u00e4iv\u00e4 vaatii kunnon suojan.<a href=\"http:\/\/uumajalaiset.se\/?attachment_id=3559\" rel=\"attachment wp-att-3559\"><img loading=\"lazy\" decoding=\"async\" class=\"alignnone size-full wp-image-3559\" title=\"2012-08-15kes\u00e4kahvila (2)\" src=\"http:\/\/media.uumajalaiset.se\/2012\/08\/2012-08-15kes\u00e4kahvila-2.jpg\" alt=\"\" width=\"500\" height=\"375\" srcset=\"http:\/\/media.uumajalaiset.se\/2012\/08\/2012-08-15kes\u00e4kahvila-2.jpg 500w, http:\/\/media.uumajalaiset.se\/2012\/08\/2012-08-15kes\u00e4kahvila-2-150x112.jpg 150w, http:\/\/media.uumajalaiset.se\/2012\/08\/2012-08-15kes\u00e4kahvila-2-300x225.jpg 300w, http:\/\/media.uumajalaiset.se\/2012\/08\/2012-08-15kes\u00e4kahvila-2-400x300.jpg 400w\" sizes=\"auto, (max-width: 500px) 100vw, 500px\" \/><\/a><br \/>\nMuutamia koirayst\u00e4v\u00e4llisi\u00e4 ruotsalaisia k\u00e4viv\u00e4t sopalla.<a href=\"http:\/\/uumajalaiset.se\/?attachment_id=3560\" rel=\"attachment wp-att-3560\"><img loading=\"lazy\" decoding=\"async\" class=\"alignnone size-full wp-image-3560\" title=\"2012-08-15kes\u00e4kahvila (3)\" src=\"http:\/\/media.uumajalaiset.se\/2012\/08\/2012-08-15kes\u00e4kahvila-3.jpg\" alt=\"\" width=\"500\" height=\"375\" srcset=\"http:\/\/media.uumajalaiset.se\/2012\/08\/2012-08-15kes\u00e4kahvila-3.jpg 500w, http:\/\/media.uumajalaiset.se\/2012\/08\/2012-08-15kes\u00e4kahvila-3-150x112.jpg 150w, http:\/\/media.uumajalaiset.se\/2012\/08\/2012-08-15kes\u00e4kahvila-3-300x225.jpg 300w, http:\/\/media.uumajalaiset.se\/2012\/08\/2012-08-15kes\u00e4kahvila-3-400x300.jpg 400w\" sizes=\"auto, (max-width: 500px) 100vw, 500px\" \/><\/a><br \/>\nM\u00f6kin pihalla\u00a0taisi olla kuusi koiraaa yht\u00e4 aikaa.<a href=\"http:\/\/uumajalaiset.se\/?attachment_id=3561\" rel=\"attachment wp-att-3561\"><img loading=\"lazy\" decoding=\"async\" class=\"alignnone size-full wp-image-3561\" title=\"2012-08-15kes\u00e4kahvila (4)\" src=\"http:\/\/media.uumajalaiset.se\/2012\/08\/2012-08-15kes\u00e4kahvila-4.jpg\" alt=\"\" width=\"500\" height=\"375\" srcset=\"http:\/\/media.uumajalaiset.se\/2012\/08\/2012-08-15kes\u00e4kahvila-4.jpg 500w, http:\/\/media.uumajalaiset.se\/2012\/08\/2012-08-15kes\u00e4kahvila-4-150x112.jpg 150w, http:\/\/media.uumajalaiset.se\/2012\/08\/2012-08-15kes\u00e4kahvila-4-300x225.jpg 300w, http:\/\/media.uumajalaiset.se\/2012\/08\/2012-08-15kes\u00e4kahvila-4-400x300.jpg 400w\" sizes=\"auto, (max-width: 500px) 100vw, 500px\" \/><\/a><br \/>\nTapio Tamminen oli tullut lomilta ja py\u00f6r\u00e4hti m\u00f6kill\u00e4 paivitt\u00e4m\u00e4ss\u00e4 uutisia.<a href=\"http:\/\/uumajalaiset.se\/?attachment_id=3562\" rel=\"attachment wp-att-3562\"><img loading=\"lazy\" decoding=\"async\" class=\"alignnone size-full wp-image-3562\" title=\"2012-08-15kes\u00e4kahvila (5)\" src=\"http:\/\/media.uumajalaiset.se\/2012\/08\/2012-08-15kes\u00e4kahvila-5.jpg\" alt=\"\" width=\"500\" height=\"375\" srcset=\"http:\/\/media.uumajalaiset.se\/2012\/08\/2012-08-15kes\u00e4kahvila-5.jpg 500w, http:\/\/media.uumajalaiset.se\/2012\/08\/2012-08-15kes\u00e4kahvila-5-150x112.jpg 150w, http:\/\/media.uumajalaiset.se\/2012\/08\/2012-08-15kes\u00e4kahvila-5-300x225.jpg 300w, http:\/\/media.uumajalaiset.se\/2012\/08\/2012-08-15kes\u00e4kahvila-5-400x300.jpg 400w\" sizes=\"auto, (max-width: 500px) 100vw, 500px\" \/><\/a><br \/>\nTikkasen Airi k\u00e4vi m\u00f6kill\u00e4 ja esitteli s\u00e4rynpoistogeeli\u00e4.<a href=\"http:\/\/uumajalaiset.se\/?attachment_id=3563\" rel=\"attachment wp-att-3563\"><img loading=\"lazy\" decoding=\"async\" class=\"alignnone size-full wp-image-3563\" title=\"2012-08-15kes\u00e4kahvila (6)\" src=\"http:\/\/media.uumajalaiset.se\/2012\/08\/2012-08-15kes\u00e4kahvila-6.jpg\" alt=\"\" width=\"500\" height=\"375\" srcset=\"http:\/\/media.uumajalaiset.se\/2012\/08\/2012-08-15kes\u00e4kahvila-6.jpg 500w, http:\/\/media.uumajalaiset.se\/2012\/08\/2012-08-15kes\u00e4kahvila-6-150x112.jpg 150w, http:\/\/media.uumajalaiset.se\/2012\/08\/2012-08-15kes\u00e4kahvila-6-300x225.jpg 300w, http:\/\/media.uumajalaiset.se\/2012\/08\/2012-08-15kes\u00e4kahvila-6-400x300.jpg 400w\" sizes=\"auto, (max-width: 500px) 100vw, 500px\" \/><\/a><br \/>\nAirin varpaista tuli p\u00e4iv\u00e4n puheenaihe.<a href=\"http:\/\/uumajalaiset.se\/?attachment_id=3564\" rel=\"attachment wp-att-3564\"><img loading=\"lazy\" decoding=\"async\" class=\"alignnone size-full wp-image-3564\" title=\"2012-08-15kes\u00e4kahvila (7)\" src=\"http:\/\/media.uumajalaiset.se\/2012\/08\/2012-08-15kes\u00e4kahvila-7.jpg\" alt=\"\" width=\"500\" height=\"375\" srcset=\"http:\/\/media.uumajalaiset.se\/2012\/08\/2012-08-15kes\u00e4kahvila-7.jpg 500w, http:\/\/media.uumajalaiset.se\/2012\/08\/2012-08-15kes\u00e4kahvila-7-150x112.jpg 150w, http:\/\/media.uumajalaiset.se\/2012\/08\/2012-08-15kes\u00e4kahvila-7-300x225.jpg 300w, http:\/\/media.uumajalaiset.se\/2012\/08\/2012-08-15kes\u00e4kahvila-7-400x300.jpg 400w\" sizes=\"auto, (max-width: 500px) 100vw, 500px\" \/><\/a><br \/>\nRitva Jokinen oli l\u00e4htenyt Airin kanssa m\u00f6kille.<a href=\"http:\/\/uumajalaiset.se\/?attachment_id=3565\" rel=\"attachment wp-att-3565\"><img loading=\"lazy\" decoding=\"async\" class=\"alignnone size-full wp-image-3565\" title=\"2012-08-15kes\u00e4kahvila (8)\" src=\"http:\/\/media.uumajalaiset.se\/2012\/08\/2012-08-15kes\u00e4kahvila-8.jpg\" alt=\"\" width=\"500\" height=\"375\" srcset=\"http:\/\/media.uumajalaiset.se\/2012\/08\/2012-08-15kes\u00e4kahvila-8.jpg 500w, http:\/\/media.uumajalaiset.se\/2012\/08\/2012-08-15kes\u00e4kahvila-8-150x112.jpg 150w, http:\/\/media.uumajalaiset.se\/2012\/08\/2012-08-15kes\u00e4kahvila-8-300x225.jpg 300w, http:\/\/media.uumajalaiset.se\/2012\/08\/2012-08-15kes\u00e4kahvila-8-400x300.jpg 400w\" sizes=\"auto, (max-width: 500px) 100vw, 500px\" \/><\/a><br \/>\nSalom\u00e4en Eija tuli paikalle kolmen s\u00f6p\u00f6n koiran kera.<a href=\"http:\/\/uumajalaiset.se\/?attachment_id=3566\" rel=\"attachment wp-att-3566\"><img loading=\"lazy\" decoding=\"async\" class=\"alignnone size-full wp-image-3566\" title=\"2012-08-15kes\u00e4kahvila (9)\" src=\"http:\/\/media.uumajalaiset.se\/2012\/08\/2012-08-15kes\u00e4kahvila-9.jpg\" alt=\"\" width=\"500\" height=\"375\" srcset=\"http:\/\/media.uumajalaiset.se\/2012\/08\/2012-08-15kes\u00e4kahvila-9.jpg 500w, http:\/\/media.uumajalaiset.se\/2012\/08\/2012-08-15kes\u00e4kahvila-9-150x112.jpg 150w, http:\/\/media.uumajalaiset.se\/2012\/08\/2012-08-15kes\u00e4kahvila-9-300x225.jpg 300w, http:\/\/media.uumajalaiset.se\/2012\/08\/2012-08-15kes\u00e4kahvila-9-400x300.jpg 400w\" sizes=\"auto, (max-width: 500px) 100vw, 500px\" \/><\/a><br \/>\nKes\u00e4auringon viimeiset s\u00e4teet l\u00e4mmittiv\u00e4t mukavasti.<a href=\"http:\/\/uumajalaiset.se\/?attachment_id=3567\" rel=\"attachment wp-att-3567\"><img loading=\"lazy\" decoding=\"async\" class=\"alignnone size-full wp-image-3567\" title=\"2012-08-15kes\u00e4kahvila (10)\" src=\"http:\/\/media.uumajalaiset.se\/2012\/08\/2012-08-15kes\u00e4kahvila-10.jpg\" alt=\"\" width=\"500\" height=\"375\" srcset=\"http:\/\/media.uumajalaiset.se\/2012\/08\/2012-08-15kes\u00e4kahvila-10.jpg 500w, http:\/\/media.uumajalaiset.se\/2012\/08\/2012-08-15kes\u00e4kahvila-10-150x112.jpg 150w, http:\/\/media.uumajalaiset.se\/2012\/08\/2012-08-15kes\u00e4kahvila-10-300x225.jpg 300w, http:\/\/media.uumajalaiset.se\/2012\/08\/2012-08-15kes\u00e4kahvila-10-400x300.jpg 400w\" sizes=\"auto, (max-width: 500px) 100vw, 500px\" \/><\/a><br \/>\nVillekin nautiskeli kauniista auringonpaisteesta.<a href=\"http:\/\/uumajalaiset.se\/?attachment_id=3568\" rel=\"attachment wp-att-3568\"><img loading=\"lazy\" decoding=\"async\" class=\"alignnone size-full wp-image-3568\" title=\"2012-08-15kes\u00e4kahvila (11)\" src=\"http:\/\/media.uumajalaiset.se\/2012\/08\/2012-08-15kes\u00e4kahvila-11.jpg\" alt=\"\" width=\"500\" height=\"375\" srcset=\"http:\/\/media.uumajalaiset.se\/2012\/08\/2012-08-15kes\u00e4kahvila-11.jpg 500w, http:\/\/media.uumajalaiset.se\/2012\/08\/2012-08-15kes\u00e4kahvila-11-150x112.jpg 150w, http:\/\/media.uumajalaiset.se\/2012\/08\/2012-08-15kes\u00e4kahvila-11-300x225.jpg 300w, http:\/\/media.uumajalaiset.se\/2012\/08\/2012-08-15kes\u00e4kahvila-11-400x300.jpg 400w\" sizes=\"auto, (max-width: 500px) 100vw, 500px\" \/><\/a><br \/>\nP\u00e4iv\u00e4n soppa oli Villen tilauksesta lihasoppaa.<a href=\"http:\/\/uumajalaiset.se\/?attachment_id=3569\" rel=\"attachment wp-att-3569\"><img loading=\"lazy\" decoding=\"async\" class=\"alignnone size-full wp-image-3569\" title=\"2012-08-15kes\u00e4kahvila (12)\" src=\"http:\/\/media.uumajalaiset.se\/2012\/08\/2012-08-15kes\u00e4kahvila-12.jpg\" alt=\"\" width=\"500\" height=\"375\" srcset=\"http:\/\/media.uumajalaiset.se\/2012\/08\/2012-08-15kes\u00e4kahvila-12.jpg 500w, http:\/\/media.uumajalaiset.se\/2012\/08\/2012-08-15kes\u00e4kahvila-12-150x112.jpg 150w, http:\/\/media.uumajalaiset.se\/2012\/08\/2012-08-15kes\u00e4kahvila-12-300x225.jpg 300w, http:\/\/media.uumajalaiset.se\/2012\/08\/2012-08-15kes\u00e4kahvila-12-400x300.jpg 400w\" sizes=\"auto, (max-width: 500px) 100vw, 500px\" \/><\/a><br \/>\nLihasoppa tuli sy\u00f6dyksi ja niin my\u00f6s muutama tiistain lohisoppakin.<a href=\"http:\/\/uumajalaiset.se\/?attachment_id=3570\" rel=\"attachment wp-att-3570\"><img loading=\"lazy\" decoding=\"async\" class=\"alignnone size-full wp-image-3570\" title=\"2012-08-15kes\u00e4kahvila (13)\" src=\"http:\/\/media.uumajalaiset.se\/2012\/08\/2012-08-15kes\u00e4kahvila-13.jpg\" alt=\"\" width=\"500\" height=\"375\" srcset=\"http:\/\/media.uumajalaiset.se\/2012\/08\/2012-08-15kes\u00e4kahvila-13.jpg 500w, http:\/\/media.uumajalaiset.se\/2012\/08\/2012-08-15kes\u00e4kahvila-13-150x112.jpg 150w, http:\/\/media.uumajalaiset.se\/2012\/08\/2012-08-15kes\u00e4kahvila-13-300x225.jpg 300w, http:\/\/media.uumajalaiset.se\/2012\/08\/2012-08-15kes\u00e4kahvila-13-400x300.jpg 400w\" sizes=\"auto, (max-width: 500px) 100vw, 500px\" \/><\/a><br \/>\nNymanin Pekka ja satu Schwartz poikkesivat sopalla.<a href=\"http:\/\/uumajalaiset.se\/?attachment_id=3571\" rel=\"attachment wp-att-3571\"><img loading=\"lazy\" decoding=\"async\" class=\"alignnone size-full wp-image-3571\" title=\"2012-08-15kes\u00e4kahvila (14)\" src=\"http:\/\/media.uumajalaiset.se\/2012\/08\/2012-08-15kes\u00e4kahvila-14.jpg\" alt=\"\" width=\"500\" height=\"375\" srcset=\"http:\/\/media.uumajalaiset.se\/2012\/08\/2012-08-15kes\u00e4kahvila-14.jpg 500w, http:\/\/media.uumajalaiset.se\/2012\/08\/2012-08-15kes\u00e4kahvila-14-150x112.jpg 150w, http:\/\/media.uumajalaiset.se\/2012\/08\/2012-08-15kes\u00e4kahvila-14-300x225.jpg 300w, http:\/\/media.uumajalaiset.se\/2012\/08\/2012-08-15kes\u00e4kahvila-14-400x300.jpg 400w\" sizes=\"auto, (max-width: 500px) 100vw, 500px\" \/><\/a><br \/>\nPekka maisteli mieluummin lohisoppaa kuin lihasoppaa.<a href=\"http:\/\/uumajalaiset.se\/?attachment_id=3572\" rel=\"attachment wp-att-3572\"><img loading=\"lazy\" decoding=\"async\" class=\"alignnone size-full wp-image-3572\" title=\"2012-08-15kes\u00e4kahvila (15)\" src=\"http:\/\/media.uumajalaiset.se\/2012\/08\/2012-08-15kes\u00e4kahvila-15.jpg\" alt=\"\" width=\"500\" height=\"375\" srcset=\"http:\/\/media.uumajalaiset.se\/2012\/08\/2012-08-15kes\u00e4kahvila-15.jpg 500w, http:\/\/media.uumajalaiset.se\/2012\/08\/2012-08-15kes\u00e4kahvila-15-150x112.jpg 150w, http:\/\/media.uumajalaiset.se\/2012\/08\/2012-08-15kes\u00e4kahvila-15-300x225.jpg 300w, http:\/\/media.uumajalaiset.se\/2012\/08\/2012-08-15kes\u00e4kahvila-15-400x300.jpg 400w\" sizes=\"auto, (max-width: 500px) 100vw, 500px\" \/><\/a><br \/>\nKiva istua juttelemassa m\u00f6kin terassilla.<a href=\"http:\/\/uumajalaiset.se\/?attachment_id=3573\" rel=\"attachment wp-att-3573\"><img loading=\"lazy\" decoding=\"async\" class=\"alignnone size-full wp-image-3573\" title=\"2012-08-15kes\u00e4kahvila (17)\" src=\"http:\/\/media.uumajalaiset.se\/2012\/08\/2012-08-15kes\u00e4kahvila-17.jpg\" alt=\"\" width=\"500\" height=\"375\" srcset=\"http:\/\/media.uumajalaiset.se\/2012\/08\/2012-08-15kes\u00e4kahvila-17.jpg 500w, http:\/\/media.uumajalaiset.se\/2012\/08\/2012-08-15kes\u00e4kahvila-17-150x112.jpg 150w, http:\/\/media.uumajalaiset.se\/2012\/08\/2012-08-15kes\u00e4kahvila-17-300x225.jpg 300w, http:\/\/media.uumajalaiset.se\/2012\/08\/2012-08-15kes\u00e4kahvila-17-400x300.jpg 400w\" sizes=\"auto, (max-width: 500px) 100vw, 500px\" \/><\/a><br \/>\nKeitti\u00f6st\u00e4 l\u00f6ytyi kerhon puheenjohtaja ahvenen perkuussa.<a href=\"http:\/\/uumajalaiset.se\/?attachment_id=3574\" rel=\"attachment wp-att-3574\"><img loading=\"lazy\" decoding=\"async\" class=\"alignnone size-full wp-image-3574\" title=\"2012-08-15kes\u00e4kahvila (16)\" src=\"http:\/\/media.uumajalaiset.se\/2012\/08\/2012-08-15kes\u00e4kahvila-16.jpg\" alt=\"\" width=\"500\" height=\"375\" srcset=\"http:\/\/media.uumajalaiset.se\/2012\/08\/2012-08-15kes\u00e4kahvila-16.jpg 500w, http:\/\/media.uumajalaiset.se\/2012\/08\/2012-08-15kes\u00e4kahvila-16-150x112.jpg 150w, http:\/\/media.uumajalaiset.se\/2012\/08\/2012-08-15kes\u00e4kahvila-16-300x225.jpg 300w, http:\/\/media.uumajalaiset.se\/2012\/08\/2012-08-15kes\u00e4kahvila-16-400x300.jpg 400w\" sizes=\"auto, (max-width: 500px) 100vw, 500px\" \/><\/a><br \/>\nOlli Falben oli k\u00e4ynyt Nydalanj\u00e4rvell\u00e4 hakemassa ahvenia.<a href=\"http:\/\/uumajalaiset.se\/?attachment_id=3575\" rel=\"attachment wp-att-3575\"><img loading=\"lazy\" decoding=\"async\" class=\"alignnone size-full wp-image-3575\" title=\"2012-08-15kes\u00e4kahvila (18)\" src=\"http:\/\/media.uumajalaiset.se\/2012\/08\/2012-08-15kes\u00e4kahvila-18.jpg\" alt=\"\" width=\"500\" height=\"375\" srcset=\"http:\/\/media.uumajalaiset.se\/2012\/08\/2012-08-15kes\u00e4kahvila-18.jpg 500w, http:\/\/media.uumajalaiset.se\/2012\/08\/2012-08-15kes\u00e4kahvila-18-150x112.jpg 150w, http:\/\/media.uumajalaiset.se\/2012\/08\/2012-08-15kes\u00e4kahvila-18-300x225.jpg 300w, http:\/\/media.uumajalaiset.se\/2012\/08\/2012-08-15kes\u00e4kahvila-18-400x300.jpg 400w\" sizes=\"auto, (max-width: 500px) 100vw, 500px\" \/><\/a><br \/>\nChristina Borg oli paikalla suunnittelemassa Lauantaikerhon toimintaa ja j\u00e4rjestelem\u00e4ss\u00e4 askartelutarvikkeita.<a href=\"http:\/\/uumajalaiset.se\/?attachment_id=3576\" rel=\"attachment wp-att-3576\"><img loading=\"lazy\" decoding=\"async\" class=\"alignnone size-full wp-image-3576\" title=\"2012-08-15kes\u00e4kahvila (19)\" src=\"http:\/\/media.uumajalaiset.se\/2012\/08\/2012-08-15kes\u00e4kahvila-19.jpg\" alt=\"\" width=\"500\" height=\"375\" srcset=\"http:\/\/media.uumajalaiset.se\/2012\/08\/2012-08-15kes\u00e4kahvila-19.jpg 500w, http:\/\/media.uumajalaiset.se\/2012\/08\/2012-08-15kes\u00e4kahvila-19-150x112.jpg 150w, http:\/\/media.uumajalaiset.se\/2012\/08\/2012-08-15kes\u00e4kahvila-19-300x225.jpg 300w, http:\/\/media.uumajalaiset.se\/2012\/08\/2012-08-15kes\u00e4kahvila-19-400x300.jpg 400w\" sizes=\"auto, (max-width: 500px) 100vw, 500px\" \/><\/a><br \/>\nIllalla kokoontui uumajan Suomalaisen kerhon ty\u00f6valiokunta suunnittelemaan ensi viikon johtokunnan kokousta.<a href=\"http:\/\/uumajalaiset.se\/?attachment_id=3577\" rel=\"attachment wp-att-3577\"><img loading=\"lazy\" decoding=\"async\" class=\"alignnone size-full wp-image-3577\" title=\"2012-08-15kes\u00e4kahvila (20)\" src=\"http:\/\/media.uumajalaiset.se\/2012\/08\/2012-08-15kes\u00e4kahvila-20.jpg\" alt=\"\" width=\"500\" height=\"375\" srcset=\"http:\/\/media.uumajalaiset.se\/2012\/08\/2012-08-15kes\u00e4kahvila-20.jpg 500w, http:\/\/media.uumajalaiset.se\/2012\/08\/2012-08-15kes\u00e4kahvila-20-150x112.jpg 150w, http:\/\/media.uumajalaiset.se\/2012\/08\/2012-08-15kes\u00e4kahvila-20-300x225.jpg 300w, http:\/\/media.uumajalaiset.se\/2012\/08\/2012-08-15kes\u00e4kahvila-20-400x300.jpg 400w\" sizes=\"auto, (max-width: 500px) 100vw, 500px\" \/><\/a><br \/>\nOlli Falben, Jari Prosi ja Kim Borg suunnittelemassa.<\/p>\n<p>Foto: Borg &amp; Falben, Satu Schwartz<\/p>\n","protected":false},"excerpt":{"rendered":"<p>Helteinen syyskes\u00e4n p\u00e4iv\u00e4 vaatii kunnon suojan. Muutamia koirayst\u00e4v\u00e4llisi\u00e4 ruotsalaisia k\u00e4viv\u00e4t sopalla. M\u00f6kin pihalla\u00a0taisi olla kuusi koiraaa yht\u00e4 aikaa. Tapio Tamminen oli tullut lomilta ja py\u00f6r\u00e4hti m\u00f6kill\u00e4 paivitt\u00e4m\u00e4ss\u00e4 uutisia. Tikkasen Airi k\u00e4vi m\u00f6kill\u00e4 ja esitteli s\u00e4rynpoistogeeli\u00e4. Airin varpaista tuli p\u00e4iv\u00e4n puheenaihe. &hellip; <a href=\"https:\/\/uumajalaiset.se\/?p=3557\">L\u00e4s mer <span class=\"meta-nav\">&rarr;<\/span><\/a><\/p>\n","protected":false},"author":1,"featured_media":0,"comment_status":"closed","ping_status":"closed","sticky":false,"template":"","format":"gallery","meta":{"footnotes":""},"categories":[8],"tags":[],"class_list":["post-3557","post","type-post","status-publish","format-gallery","hentry","category-uutiset-2","post_format-post-format-gallery"],"_links":{"self":[{"href":"https:\/\/uumajalaiset.se\/index.php?rest_route=\/wp\/v2\/posts\/3557","targetHints":{"allow":["GET"]}}],"collection":[{"href":"https:\/\/uumajalaiset.se\/index.php?rest_route=\/wp\/v2\/posts"}],"about":[{"href":"https:\/\/uumajalaiset.se\/index.php?rest_route=\/wp\/v2\/types\/post"}],"author":[{"embeddable":true,"href":"https:\/\/uumajalaiset.se\/index.php?rest_route=\/wp\/v2\/users\/1"}],"replies":[{"embeddable":true,"href":"https:\/\/uumajalaiset.se\/index.php?rest_route=%2Fwp%2Fv2%2Fcomments&post=3557"}],"version-history":[{"count":5,"href":"https:\/\/uumajalaiset.se\/index.php?rest_route=\/wp\/v2\/posts\/3557\/revisions"}],"predecessor-version":[{"id":3579,"href":"https:\/\/uumajalaiset.se\/index.php?rest_route=\/wp\/v2\/posts\/3557\/revisions\/3579"}],"wp:attachment":[{"href":"https:\/\/uumajalaiset.se\/index.php?rest_route=%2Fwp%2Fv2%2Fmedia&parent=3557"}],"wp:term":[{"taxonomy":"category","embeddable":true,"href":"https:\/\/uumajalaiset.se\/index.php?rest_route=%2Fwp%2Fv2%2Fcategories&post=3557"},{"taxonomy":"post_tag","embeddable":true,"href":"https:\/\/uumajalaiset.se\/index.php?rest_route=%2Fwp%2Fv2%2Ftags&post=3557"}],"curies":[{"name":"wp","href":"https:\/\/api.w.org\/{rel}","templated":true}]}}