{"id":4680,"date":"2013-02-05T13:34:50","date_gmt":"2013-02-05T13:34:50","guid":{"rendered":"http:\/\/uumajalaiset.se\/?p=4680"},"modified":"2013-02-09T04:49:13","modified_gmt":"2013-02-09T04:49:13","slug":"nuorisoa-kesatoihin-suomeen","status":"publish","type":"post","link":"https:\/\/uumajalaiset.se\/?p=4680","title":{"rendered":"Nuorisoa kes\u00e4t\u00f6ihin Suomeen"},"content":{"rendered":"<p>Suomalaisper\u00e4ist\u00e4 nuorisoa kysell\u00e4\u00e4n kes\u00e4t\u00f6ihin Pohjanmaalle. Journalistien, webbtaitoisten henkil\u00f6iden lis\u00e4ksi haetaan tarjoiluhenkil\u00f6kuntaa yhteen Korsholmissa sijaitsevaan raippaluolaiseen ravintolaan. Lue lis\u00e4\u00e4 alta ruotsiksi.<br \/>\n<a href=\"http:\/\/uumajalaiset.se\/?attachment_id=4681\" rel=\"attachment wp-att-4681\"><img loading=\"lazy\" decoding=\"async\" class=\"alignnone size-full wp-image-4681\" title=\"journalisti\" src=\"http:\/\/media.uumajalaiset.se\/2013\/02\/journalisti.jpg\" alt=\"\" width=\"500\" height=\"500\" srcset=\"http:\/\/media.uumajalaiset.se\/2013\/02\/journalisti.jpg 500w, http:\/\/media.uumajalaiset.se\/2013\/02\/journalisti-150x150.jpg 150w, http:\/\/media.uumajalaiset.se\/2013\/02\/journalisti-300x300.jpg 300w, http:\/\/media.uumajalaiset.se\/2013\/02\/journalisti-375x375.jpg 375w\" sizes=\"auto, (max-width: 500px) 100vw, 500px\" \/><\/a><em><br \/>\nNu s\u00f6ker vi ungdomar med finsk koppling bosatta i Ume\u00e5 omr\u00e5det f\u00f6r sommarjobb i \u00d6sterbotten. F\u00f6rutom webb, journalistik och mediakunniga personer s\u00f6ker vi serveringspersonal till en restaurang p\u00e5 Replot i Korsholm.<\/em><\/p>\n<p>Med v\u00e4nlig h\u00e4lsning<br \/>\nMalin W\u00e4litalo-Palo<br \/>\n<a href=\"http:\/\/uumajalaiset.se\/?attachment_id=4682\" rel=\"attachment wp-att-4682\"><img loading=\"lazy\" decoding=\"async\" class=\"alignnone  wp-image-4682\" title=\"tarjoilija\" src=\"http:\/\/media.uumajalaiset.se\/2013\/02\/tarjoilija.jpg\" alt=\"\" width=\"495\" height=\"618\" \/><\/a>Kvarkenr\u00e5det, Svenska.nu, Nordjobb och Pohjola-Norden via projekt Kvarkenjobb ger <em>ungdomar en chans att sommarjobba p\u00e5 andra sidan Kvarken. Svenska ungdomar erbjuds sommarjobb i Finland och vice versa genom KvarkenJobb, med st\u00f6d av Nordjobb som f\u00f6rmedlar sommarjobb i hela Norden.<\/em><\/p>\n<p><em>5 + 5 ungdomar i \u00e5ldrarna 18-28 \u00e5r fr\u00e5n V\u00e4sterbottensregionen erbjuds m\u00f6jligheten att sommarjobba 1-2 m\u00e5nader i Vasa- respektive Ume\u00e5regionen. M\u00e5ls\u00e4ttningen \u00e4r att dessa ska komma i kontakt med de olika spr\u00e5ken \u2013 spr\u00e5kkulturer som finns i v\u00e5r region i arbetet och p\u00e5 fritiden, skapa n\u00e4tverk och erfarenheter.<\/em><\/p>\n<p><em>N\u00e5gra av mediahusen i Vasa s\u00f6ker kompetenser <strong>inom media, journalistik och webb<\/strong>. En av arbetsgivarna \u00e4r den finskspr\u00e5kiga tidningen Pohjalainen som kr\u00e4ver en h\u00f6gre niv\u00e5 av finska kunskaper. Ans\u00f6kan g\u00f6rs p\u00e5 <a href=\"https:\/\/mail.umea.se\/OWA\/redir.aspx?C=cfb01037c218475f97144fc5749b6867&amp;URL=http%3a%2f%2fwww.nordjobb.org%2fsv%2fom-nordjobb%2fkvarkenjobb\" target=\"_blank\">http:\/\/www.nordjobb.org\/sv\/om-nordjobb\/kvarkenjobb<\/a>\u00a0<\/em><br \/>\n<em>Projektet betalar ungdomarnas boende+resa. <\/em><br \/>\n<em>Den korta versionen (3 1\/2 minut), d\u00e4r id\u00e9n med Kvarkenjobb framf\u00f6rs, ligger p\u00e5 l\u00e4nken: <\/em><br \/>\n<em><a href=\"https:\/\/mail.umea.se\/OWA\/redir.aspx?C=cfb01037c218475f97144fc5749b6867&amp;URL=https%3a%2f%2fvimeo.com%2fuser15948140%2freview%2f58248973%2ff504352f33\" target=\"_blank\">https:\/\/vimeo.com\/user15948140\/review\/58248973\/f504352f33<\/a> <\/em><br \/>\n<em>Den l\u00e5nga versionen (drygt 9 minuter), d\u00e4r vi f\u00e5r h\u00f6ra mera av f\u00f6retagarnas erfarenheter, ligger p\u00e5: <a href=\"https:\/\/mail.umea.se\/OWA\/redir.aspx?C=cfb01037c218475f97144fc5749b6867&amp;URL=https%3a%2f%2fvimeo.com%2fuser15948140%2freview%2f58244492%2fdfb810206b\" target=\"_blank\">https:\/\/vimeo.com\/user15948140\/review\/58244492\/dfb810206b<\/a><\/em><\/p>\n","protected":false},"excerpt":{"rendered":"<p>Suomalaisper\u00e4ist\u00e4 nuorisoa kysell\u00e4\u00e4n kes\u00e4t\u00f6ihin Pohjanmaalle. Journalistien, webbtaitoisten henkil\u00f6iden lis\u00e4ksi haetaan tarjoiluhenkil\u00f6kuntaa yhteen Korsholmissa sijaitsevaan raippaluolaiseen ravintolaan. Lue lis\u00e4\u00e4 alta ruotsiksi. Nu s\u00f6ker vi ungdomar med finsk koppling bosatta i Ume\u00e5 omr\u00e5det f\u00f6r sommarjobb i \u00d6sterbotten. F\u00f6rutom webb, journalistik och mediakunniga &hellip; <a href=\"https:\/\/uumajalaiset.se\/?p=4680\">L\u00e4s mer <span class=\"meta-nav\">&rarr;<\/span><\/a><\/p>\n","protected":false},"author":1,"featured_media":0,"comment_status":"closed","ping_status":"closed","sticky":false,"template":"","format":"gallery","meta":{"footnotes":""},"categories":[8],"tags":[],"class_list":["post-4680","post","type-post","status-publish","format-gallery","hentry","category-uutiset-2","post_format-post-format-gallery"],"_links":{"self":[{"href":"https:\/\/uumajalaiset.se\/index.php?rest_route=\/wp\/v2\/posts\/4680","targetHints":{"allow":["GET"]}}],"collection":[{"href":"https:\/\/uumajalaiset.se\/index.php?rest_route=\/wp\/v2\/posts"}],"about":[{"href":"https:\/\/uumajalaiset.se\/index.php?rest_route=\/wp\/v2\/types\/post"}],"author":[{"embeddable":true,"href":"https:\/\/uumajalaiset.se\/index.php?rest_route=\/wp\/v2\/users\/1"}],"replies":[{"embeddable":true,"href":"https:\/\/uumajalaiset.se\/index.php?rest_route=%2Fwp%2Fv2%2Fcomments&post=4680"}],"version-history":[{"count":3,"href":"https:\/\/uumajalaiset.se\/index.php?rest_route=\/wp\/v2\/posts\/4680\/revisions"}],"predecessor-version":[{"id":4684,"href":"https:\/\/uumajalaiset.se\/index.php?rest_route=\/wp\/v2\/posts\/4680\/revisions\/4684"}],"wp:attachment":[{"href":"https:\/\/uumajalaiset.se\/index.php?rest_route=%2Fwp%2Fv2%2Fmedia&parent=4680"}],"wp:term":[{"taxonomy":"category","embeddable":true,"href":"https:\/\/uumajalaiset.se\/index.php?rest_route=%2Fwp%2Fv2%2Fcategories&post=4680"},{"taxonomy":"post_tag","embeddable":true,"href":"https:\/\/uumajalaiset.se\/index.php?rest_route=%2Fwp%2Fv2%2Ftags&post=4680"}],"curies":[{"name":"wp","href":"https:\/\/api.w.org\/{rel}","templated":true}]}}