{"id":4748,"date":"2013-02-06T05:29:47","date_gmt":"2013-02-06T05:29:47","guid":{"rendered":"http:\/\/uumajalaiset.se\/?p=4748"},"modified":"2013-02-10T13:22:50","modified_gmt":"2013-02-10T13:22:50","slug":"johtokunta-6-2-2013","status":"publish","type":"post","link":"https:\/\/uumajalaiset.se\/?p=4748","title":{"rendered":"Johtokunta 6.2 2013"},"content":{"rendered":"<p>Uumajan Suomalaisen Kerhon toinen johtokunnan kokous pidettiin Mariehemin konttorilla. Paikalla olivat: Raili Borg, Jaakko Honkanen, Pekka Erikoinen, Jari Prosi, Emilia Lejdebro, Olli Falben, Kim Borg. Susanna Levosella oli ensi-ilta, Juha Niemi vietti tytt\u00e4rens\u00e4 Lunan syntym\u00e4p\u00e4ivi\u00e4, Rauno Pihlajamaa oli ajossa ja Daniel Nettelblad-Tansella oli joku muu este.<\/p>\n<p>Johtokunnassa p\u00e4\u00e4tettiin ja keskusteltiin t\u00e4rkeist\u00e4 asioista kolmen tunnin ajan. Muun muassa oli tapetilla <strong>J\u00e4senhankintakilpailu 2013,<\/strong> josta p\u00e4\u00e4tetttiin, ett\u00e4 pidet\u00e4\u00e4n j\u00e4senhankintakilpailu my\u00f6s t\u00e4n\u00e4 vuonna. Ensimm\u00e4inen palkinto 2000 kr joka v\u00e4rv\u00e4\u00e4 eniten j\u00e4seni\u00e4, toiseksi eniten 500 kr. Vain uusia j\u00e4seni\u00e4, jotka ovat olleet v\u00e4hint\u00e4\u00e4n kaksi vuotta poissa kerhosta ja v\u00e4hint\u00e4\u00e4n kymmenen uutta j\u00e4sent\u00e4. Lokakuun 2013 loppuun menness\u00e4 kaikkien maksaneiden j\u00e4senien v\u00e4lill\u00e4 arvotaan 500 kr.<\/p>\n<p>Yhdyshenkil\u00f6iden valinta j\u00e4i Skellefte\u00e5n kurssilla puoliv\u00e4liin ja nyt t\u00e4ydennttiin valintoja. Johtokunta totesi, ett\u00e4<br \/>\n&#8211;<strong>Kehitys-, koulutus ja opintovastaavan<\/strong> teht\u00e4v\u00e4t soveltuvat hyvin jo viime vuonna valitulle Visioryhm\u00e4lle (Raili Borg, Heli Aarnipuro, Jari Prosi), joka n\u00e4in miettii kehityst\u00e4 ja koulutuksen ja opintojen tarvetta t\u00e4n\u00e4kin vuonna.<br \/>\n<strong>-J\u00e4senhankinta ja huoltoryhm\u00e4\u00e4n<\/strong> valittiin Jaakko Honkanen, ja p\u00e4\u00e4tettiin kysy\u00e4 siihen my\u00f6s Seija Dahlgrenia ja Kaisa Hampussonia. Johtokunta keskusteli my\u00f6s ehdotuksesta kerhon materiaalin laittamiseta sairaalaan ja yliopistolle.<br \/>\n&#8211;<strong>Lapsi- ja nuorisotoiminta:<\/strong> Raili Borg (kysyy mukaan Juha Nieme\u00e4 ja Christina Borgia)<br \/>\n<strong>-ABF ja muut opintoj\u00e4rjest\u00f6t:<\/strong> Jaakko Honkanen<br \/>\n<strong>-Suomen kielen delegaatio<\/strong>: Raili Borg varsinainen ja Olli Falben varalla<br \/>\n<strong>-N\u00e4k\u00f6vammaisten yhdistys<\/strong>: Raili Borg<br \/>\n<strong>-Seurakuntapiiri<\/strong>: Raili Borg<br \/>\n-Johtokunta p\u00e4\u00e4tti perustaa kerhoon <strong>Mitalitoimikunnan<\/strong>, johon Jari Prosi ja Erik Eriksson ilmoittautuivat mukaan.<\/p>\n<p>Johtokunta keskusteli my\u00f6s <strong>yhdyshenkil\u00f6iden asettamisesta eri jaostoille<\/strong> ja p\u00e4\u00e4tti ett\u00e4 kerhon itsen\u00e4islle jaostoille samoin kuin M\u00f6kkitoimikunnalle valitaan yhdyshenkil\u00f6, joka vuoden aikana pit\u00e4\u00e4 yhteyt\u00e4\u00e4 jaostoonsa, k\u00e4y tapaamassa jaostoja ja muutenkin v\u00e4litt\u00e4\u00e4 tietoja edes takaisin. Naisjaoston yhdyshenkil\u00f6ksi valittiin Emilia Lejdebro, El\u00e4kel\u00e4isjaoston Jaakko Honkanen, Teatterijaoston Kim Borg, Miesjaoston Olli Falben ja M\u00f6kkitoimikunnan yhdyshenkil\u00f6ksi valittiin Pekka Erikoinen<\/p>\n<p>Johtokunta totesi, ett\u00e4 <strong>Skellefte\u00e5n kurssin kustannukset<\/strong> ovat aika lailla hanskassa. K\u00e4ytimme suunnitellun 50\u00a0000 kr ja kurssista on t\u00e4h\u00e4n menness\u00e4 ollut vain my\u00f6nteist\u00e4 palautetta.<\/p>\n<p>Uumajan Suomalainen Kerho oli <strong>kutsunut Suomen suurl\u00e4hettil\u00e4s Heleniuksen<\/strong> viett\u00e4m\u00e4\u00e4n kanssamme Gottlundin p\u00e4iv\u00e4\u00e4. Nyt olimme saaneet vastauksen. Suurl\u00e4hettil\u00e4s on kyseisen\u00e4 p\u00e4iv\u00e4n\u00e4 Suomessa, mutta h\u00e4n on <strong>Uumajassa 20. helmikuuta,<\/strong> jolloin kerhollekin on varattu tapaamisaika. Johtokunta pohti, mit\u00e4 kysymyksi\u00e4 haluamme asettaa suurl\u00e4hettil\u00e4\u00e4lle ja t\u00e4rkeimm\u00e4ksi nousi kysymys siit\u00e4, miten Suomen valtio on valmis auttmaan meit\u00e4 suomen kielen s\u00e4ilytt\u00e4miseksi ja elvytt\u00e4miseksi t\u00e4\u00e4ll\u00e4 Uumajassa.<\/p>\n<p><strong>SIUMin radio<\/strong> on vaarassa h\u00e4vit\u00e4. Johtokunta pyysi Kim Borgia ja Olli Falbenia tekem\u00e4\u00e4n esityksen serverin\/palvelimen hankinnasta seuraavaan johtokunnan kokoukseen menness\u00e4, jotta radio USURA voitaisiin l\u00e4hett\u00e4\u00e4 internetin v\u00e4lityksell\u00e4. Johtokunta jatkaa asian k\u00e4sittely\u00e4.<br \/>\n<strong>ABF:n vuosikokous<\/strong> on 2013-04-20. P\u00e4\u00e4tettiin ett\u00e4 Jaakko Honkanen edustaa kerhoa ja varalle Jari Prosi<br \/>\nJohtokunta p\u00e4\u00e4tti my\u00f6s vahvistaa ty\u00f6valiokunnan <strong>ehdotukset suomenkielen delegaatioon.<\/strong> Kaikki ty\u00f6valiokunnan ehdotukset eiv\u00e4t onnistuneet, mutta johtokunta k\u00e4vi l\u00e4pi delegaation tekem\u00e4t valinnat. Delegaation Puheenjohtajaksi valittiin Jari Prosi, varapuheenjohtajaksi Raili Borg, sihteeriksi Jaakko Honkanen, ja varasihteeriksi Seija Dahlgren<\/p>\n<p><strong>Kouluty\u00f6ryhm\u00e4:<\/strong><br \/>\n<strong>Tarja Backman,<\/strong> opettajat<br \/>\n<strong>Jukka Linna,<\/strong> Hissin vanhemmat<br \/>\n<strong>Mika Suominen,<\/strong> \u00c4idinkielenopetuksessa olevien lasten vanhemmat<br \/>\n<strong>Satu Lindgren,<\/strong> Uumajan romanit<\/p>\n<p><strong>Sosiaality\u00f6ryhm\u00e4:<\/strong><br \/>\n<strong>Seija Dahlgren,<\/strong> Suomenkielinen seurakuntaty\u00f6<br \/>\n<strong>Saara Minkkinen,<\/strong> N\u00e4k\u00f6vammaisten yhdistys<br \/>\n<strong>Mirjami Kiviniemi<\/strong><br \/>\n<strong>Pirkko Hirvonen<\/strong><br \/>\nVaralla:<strong> Heikki Vihtari ja Liisa Suojanen<\/strong><\/p>\n<p><strong>Kultturity\u00f6ryhm\u00e4:<\/strong><br \/>\n<strong>Raili Borg,<\/strong> Uumajan Suomalainen Kerho<br \/>\n<strong>Sven-Ola Hietala,<\/strong> Uumajan Tornionjokilaaksolaiset<br \/>\n<strong>Satu Lindgren<\/strong>, Uumajan romanit<br \/>\n<strong>Pirkko Hirvonen, <\/strong>Teatteriryhm\u00e4 Kirput<\/p>\n<p><strong>Tiedotusty\u00f6ryhm\u00e4:<\/strong><br \/>\n<strong>Raili Borg,<\/strong> Uumajan Suomalainen Kerho<br \/>\n<strong>Olli Falben,<\/strong> Uumajan Suomalainen Kerho<br \/>\n<strong>Juha Niemi,<\/strong> Uumajan Suomalainen Kerho<\/p>\n<p>Uumajan Suomalaisen Kerhon p\u00e4ivitetty <strong>vaatimuslista 2013 ja Kulturplan 2013<\/strong> k\u00e4ytiin l\u00e4pi. Johtokunta totesi my\u00f6s, ett\u00e4 Kulttuurisuunnitelmassa suunnitellut tapahtumat ovat J\u00e4rjestelytoimikunnan ty\u00f6kentt\u00e4\u00e4 ja suurempia tapahtumia on pikaisesti aloitettava suunnittelemaan.<br \/>\nSeuraavat <strong>neuvottelut Landstingetin kanssa hallintoaluerahojen k\u00e4yt\u00f6st\u00e4<\/strong> ovat 14.2. klo 15.00. Raili Borg menee kokoukseen neuvottelemaan. Johtokuntalaiset voivat l\u00e4hett\u00e4\u00e4 vaatimusehdotukset maak\u00e4r\u00e4jille Railille s\u00e4hk\u00f6postitse<br \/>\nP\u00e4\u00e4tettiin osallistua <strong>Ersboda-p\u00e4iville,<\/strong> Raili Borg menee kokoukseen 20\/2 kl 18.30 EFH.<br \/>\n<strong>Uumajan kulttuuriy\u00f6n<\/strong> &#8211; Kulturnattan suunnittelukokous\u00a0 on 14\/2 kl 19.00 UFH, Loke, Raili Borg menee kokoukseen.<br \/>\n<strong>Marieheminp\u00e4iv\u00e4n<\/strong> (15.6.)\u00a0 suunnittelukokous on 11.2. \u00a0Raili Borg menee kokoukseen.<br \/>\nP\u00e4\u00e4tettiin maksaa <strong>Suomi-seura ry:n ja CMR:n<\/strong> j\u00e4senmaksut.<\/p>\n<p>Rskl on l\u00e4hett\u00e4nyt kerholle lehdist\u00f6tiedotteen suomen kielen asemasta. Raili ja Jari k\u00e4\u00e4nt\u00e4v\u00e4t Rskl:n lehdist\u00f6tiedotteen sopivaan muotoon paikallislehdiss\u00e4 julkaistavaksi Gottlundin p\u00e4iv\u00e4n aikoihin. Johtokunta noteerasi my\u00f6s, ett Rskl liittokokokouskutsu on tullut ja ett\u00e4 viimeinen aloitep\u00e4iv\u00e4 29.3. Jos aloitteita tulee kerholaisilta, ne ehdit\u00e4\u00e4n k\u00e4yd\u00e4 l\u00e4pi kev\u00e4tkokouksessa.<\/p>\n<p>Se oli se johtokunta.<br \/>\nRaili Borg<\/p>\n<p>&nbsp;<\/p>\n","protected":false},"excerpt":{"rendered":"<p>Uumajan Suomalaisen Kerhon toinen johtokunnan kokous pidettiin Mariehemin konttorilla. Paikalla olivat: Raili Borg, Jaakko Honkanen, Pekka Erikoinen, Jari Prosi, Emilia Lejdebro, Olli Falben, Kim Borg. Susanna Levosella oli ensi-ilta, Juha Niemi vietti tytt\u00e4rens\u00e4 Lunan syntym\u00e4p\u00e4ivi\u00e4, Rauno Pihlajamaa oli ajossa ja &hellip; <a href=\"https:\/\/uumajalaiset.se\/?p=4748\">L\u00e4s mer <span class=\"meta-nav\">&rarr;<\/span><\/a><\/p>\n","protected":false},"author":1,"featured_media":0,"comment_status":"closed","ping_status":"closed","sticky":false,"template":"","format":"gallery","meta":{"footnotes":""},"categories":[8],"tags":[],"class_list":["post-4748","post","type-post","status-publish","format-gallery","hentry","category-uutiset-2","post_format-post-format-gallery"],"_links":{"self":[{"href":"https:\/\/uumajalaiset.se\/index.php?rest_route=\/wp\/v2\/posts\/4748","targetHints":{"allow":["GET"]}}],"collection":[{"href":"https:\/\/uumajalaiset.se\/index.php?rest_route=\/wp\/v2\/posts"}],"about":[{"href":"https:\/\/uumajalaiset.se\/index.php?rest_route=\/wp\/v2\/types\/post"}],"author":[{"embeddable":true,"href":"https:\/\/uumajalaiset.se\/index.php?rest_route=\/wp\/v2\/users\/1"}],"replies":[{"embeddable":true,"href":"https:\/\/uumajalaiset.se\/index.php?rest_route=%2Fwp%2Fv2%2Fcomments&post=4748"}],"version-history":[{"count":2,"href":"https:\/\/uumajalaiset.se\/index.php?rest_route=\/wp\/v2\/posts\/4748\/revisions"}],"predecessor-version":[{"id":4766,"href":"https:\/\/uumajalaiset.se\/index.php?rest_route=\/wp\/v2\/posts\/4748\/revisions\/4766"}],"wp:attachment":[{"href":"https:\/\/uumajalaiset.se\/index.php?rest_route=%2Fwp%2Fv2%2Fmedia&parent=4748"}],"wp:term":[{"taxonomy":"category","embeddable":true,"href":"https:\/\/uumajalaiset.se\/index.php?rest_route=%2Fwp%2Fv2%2Fcategories&post=4748"},{"taxonomy":"post_tag","embeddable":true,"href":"https:\/\/uumajalaiset.se\/index.php?rest_route=%2Fwp%2Fv2%2Ftags&post=4748"}],"curies":[{"name":"wp","href":"https:\/\/api.w.org\/{rel}","templated":true}]}}