{"id":4892,"date":"2013-02-11T11:33:25","date_gmt":"2013-02-11T11:33:25","guid":{"rendered":"http:\/\/uumajalaiset.se\/?p=4892"},"modified":"2013-02-14T12:19:08","modified_gmt":"2013-02-14T12:19:08","slug":"foreningen-norden-vaihtoi-puheenjohtajaa","status":"publish","type":"post","link":"https:\/\/uumajalaiset.se\/?p=4892","title":{"rendered":"F\u00f6reningen Norden vaihtoi puheenjohtajaa"},"content":{"rendered":"<p>Uumajan Suomalainen Kerho on j\u00e4senen\u00e4 Pohjola -Norden yhdistyksess\u00e4 ja osallistui maanantai-iltana F\u00f6reningen Nordenin vuosikokoukseen. Viime vuotinen johtokunnan puheenjohtaja Jan Bergman ei halunnut jatkaa puheenjohtajana.\u00a0Uudeksi puheenjohtajaksi valittiin Bengt Lindstr\u00f6m. <img loading=\"lazy\" decoding=\"async\" class=\"alignnone size-full wp-image-4893\" alt=\"2013-02-11F\u00f6reningen Norden (4)\" src=\"http:\/\/media.uumajalaiset.se\/2013\/02\/2013-02-11F\u00f6reningen-Norden-4.jpg\" width=\"600\" height=\"450\" srcset=\"http:\/\/media.uumajalaiset.se\/2013\/02\/2013-02-11F\u00f6reningen-Norden-4.jpg 600w, http:\/\/media.uumajalaiset.se\/2013\/02\/2013-02-11F\u00f6reningen-Norden-4-150x112.jpg 150w, http:\/\/media.uumajalaiset.se\/2013\/02\/2013-02-11F\u00f6reningen-Norden-4-300x225.jpg 300w, http:\/\/media.uumajalaiset.se\/2013\/02\/2013-02-11F\u00f6reningen-Norden-4-500x375.jpg 500w, http:\/\/media.uumajalaiset.se\/2013\/02\/2013-02-11F\u00f6reningen-Norden-4-400x300.jpg 400w\" sizes=\"auto, (max-width: 600px) 100vw, 600px\" \/>Kunnan tiedotusp\u00e4\u00e4llikk\u00f6 Jan Bergman sanoutui irti puheenjohtajan teht\u00e4vist\u00e4. Paikalle astui Bengt Lindstr\u00f6m.<\/p>\n<p><a href=\"http:\/\/media.uumajalaiset.se\/2013\/02\/2013-02-11F\u00f6reningen-Norden-3.jpg\"><img loading=\"lazy\" decoding=\"async\" class=\"alignnone size-full wp-image-4894\" alt=\"2013-02-11F\u00f6reningen Norden (3)\" src=\"http:\/\/media.uumajalaiset.se\/2013\/02\/2013-02-11F\u00f6reningen-Norden-3.jpg\" width=\"600\" height=\"450\" srcset=\"http:\/\/media.uumajalaiset.se\/2013\/02\/2013-02-11F\u00f6reningen-Norden-3.jpg 600w, http:\/\/media.uumajalaiset.se\/2013\/02\/2013-02-11F\u00f6reningen-Norden-3-150x112.jpg 150w, http:\/\/media.uumajalaiset.se\/2013\/02\/2013-02-11F\u00f6reningen-Norden-3-300x225.jpg 300w, http:\/\/media.uumajalaiset.se\/2013\/02\/2013-02-11F\u00f6reningen-Norden-3-500x375.jpg 500w, http:\/\/media.uumajalaiset.se\/2013\/02\/2013-02-11F\u00f6reningen-Norden-3-400x300.jpg 400w\" sizes=\"auto, (max-width: 600px) 100vw, 600px\" \/><\/a>Tapio Tamminen.<br \/>\nKerholaisista valittiin Kaarina Streijffert varapuheenjohtajaksi, Tapio Tamminen ja Ulla Rantap\u00e4\u00e4 valittiin kahdeksi vuodeksi johtokuntaan ja\u00a0Kirsti Abrahamsson kahdeksi vuodeksi varalle.<br \/>\n<a href=\"http:\/\/media.uumajalaiset.se\/2013\/02\/2013-02-11F\u00f6reningen-Norden-1.jpg\"><img loading=\"lazy\" decoding=\"async\" class=\"alignnone size-full wp-image-4895\" alt=\"2013-02-11F\u00f6reningen Norden (1)\" src=\"http:\/\/media.uumajalaiset.se\/2013\/02\/2013-02-11F\u00f6reningen-Norden-1.jpg\" width=\"600\" height=\"450\" srcset=\"http:\/\/media.uumajalaiset.se\/2013\/02\/2013-02-11F\u00f6reningen-Norden-1.jpg 600w, http:\/\/media.uumajalaiset.se\/2013\/02\/2013-02-11F\u00f6reningen-Norden-1-150x112.jpg 150w, http:\/\/media.uumajalaiset.se\/2013\/02\/2013-02-11F\u00f6reningen-Norden-1-300x225.jpg 300w, http:\/\/media.uumajalaiset.se\/2013\/02\/2013-02-11F\u00f6reningen-Norden-1-500x375.jpg 500w, http:\/\/media.uumajalaiset.se\/2013\/02\/2013-02-11F\u00f6reningen-Norden-1-400x300.jpg 400w\" sizes=\"auto, (max-width: 600px) 100vw, 600px\" \/><\/a>Fredrik Lindgren<br \/>\nUumaja Euroopan\u00a0kulttuurip\u00e4\u00e4kaupunkivuoden p\u00e4\u00e4pomo Fredrik Lindgren kertoi Ume\u00e5 2014:sta, ohjelmasta ja rahoituksesta. F\u00f6reningen Nordenilla on sukututkimus toimintasuunnitelmassa t\u00e4n\u00e4 vuonna\u00a0ja\u00a0Raili Borg kertoi\u00a0kunnan Erik Sursill-projektista ja ett\u00e4 ruosuviikolla\u00a0Uumajan Suomalainen Kerho yritt\u00e4\u00e4\u00a0saada kaupunginarkkitehti\u00a0 Anna Flatholmin\u00a0 esittelem\u00e4\u00e4n suunnitelman.\u00a0Kerho ottaa yhteytt\u00e4 F\u00f6reningen Nordeniin, kun tied\u00e4mme sen ja voimme ehk\u00e4 tehd\u00e4 jotakin yhdess\u00e4 Sursilli-teemasta.<br \/>\n<a href=\"http:\/\/media.uumajalaiset.se\/2013\/02\/2013-02-11F\u00f6reningen-Norden-2.jpg\"><img loading=\"lazy\" decoding=\"async\" class=\"alignnone size-full wp-image-4896\" alt=\"2013-02-11F\u00f6reningen Norden (2)\" src=\"http:\/\/media.uumajalaiset.se\/2013\/02\/2013-02-11F\u00f6reningen-Norden-2.jpg\" width=\"600\" height=\"450\" srcset=\"http:\/\/media.uumajalaiset.se\/2013\/02\/2013-02-11F\u00f6reningen-Norden-2.jpg 600w, http:\/\/media.uumajalaiset.se\/2013\/02\/2013-02-11F\u00f6reningen-Norden-2-150x112.jpg 150w, http:\/\/media.uumajalaiset.se\/2013\/02\/2013-02-11F\u00f6reningen-Norden-2-300x225.jpg 300w, http:\/\/media.uumajalaiset.se\/2013\/02\/2013-02-11F\u00f6reningen-Norden-2-500x375.jpg 500w, http:\/\/media.uumajalaiset.se\/2013\/02\/2013-02-11F\u00f6reningen-Norden-2-400x300.jpg 400w\" sizes=\"auto, (max-width: 600px) 100vw, 600px\" \/><\/a><br \/>\nVanha Raatihuoneen talo oli tyylik\u00e4s kokouspaikka.<\/p>\n<p>Maanantai-iltap\u00e4iv\u00e4n\u00e4 keskusteltiin my\u00f6s Mariakirkossa Mariehemin p\u00e4iv\u00e4n vietosta 2013. Mariehemin p\u00e4iv\u00e4\u00e4 vietet\u00e4\u00e4n t\u00e4n\u00e4 vuonna toista kertaa. Viime vuoden juhlasta tuli menestys, vaikka s\u00e4hk\u00f6ongelmat harmittivatkin paikalla t\u00f6iss\u00e4 olleita kerholaisia. Noin 900 k\u00e4vij\u00e4\u00e4 oli MSK Arenalla, joista monet osallistuivat kerhon pit\u00e4miin kilpailuihin. T\u00e4n\u00e4 vuonna pidet\u00e4\u00e4n Mariehemin p\u00e4iv\u00e4 15.6 ja sinne n\u00e4ytt\u00e4\u00e4 tulevan useampiakin kilpailuja, mutta muuten ohjelman ja p\u00e4iv\u00e4n runko on sama. &#8211; Voittavaa konseptia ei viel\u00e4 kannata vaihtaa, tuumi suunnitteluryhm\u00e4, jossa kerhosta oli mukana Raili Borg. Kerho osallistuu Mariehemin p\u00e4iv\u00e4\u00e4n kahvilla, munkeilla, kilpailulla ja tiedotuksella sek\u00e4 kerhosta ett\u00e4 v\u00e4hemmist\u00f6asioista yleens\u00e4.<\/p>\n<p>&nbsp;<\/p>\n","protected":false},"excerpt":{"rendered":"<p>Uumajan Suomalainen Kerho on j\u00e4senen\u00e4 Pohjola -Norden yhdistyksess\u00e4 ja osallistui maanantai-iltana F\u00f6reningen Nordenin vuosikokoukseen. Viime vuotinen johtokunnan puheenjohtaja Jan Bergman ei halunnut jatkaa puheenjohtajana.\u00a0Uudeksi puheenjohtajaksi valittiin Bengt Lindstr\u00f6m. Kunnan tiedotusp\u00e4\u00e4llikk\u00f6 Jan Bergman sanoutui irti puheenjohtajan teht\u00e4vist\u00e4. Paikalle astui Bengt Lindstr\u00f6m. &hellip; <a href=\"https:\/\/uumajalaiset.se\/?p=4892\">L\u00e4s mer <span class=\"meta-nav\">&rarr;<\/span><\/a><\/p>\n","protected":false},"author":1,"featured_media":0,"comment_status":"closed","ping_status":"closed","sticky":false,"template":"","format":"gallery","meta":{"footnotes":""},"categories":[8],"tags":[],"class_list":["post-4892","post","type-post","status-publish","format-gallery","hentry","category-uutiset-2","post_format-post-format-gallery"],"_links":{"self":[{"href":"https:\/\/uumajalaiset.se\/index.php?rest_route=\/wp\/v2\/posts\/4892","targetHints":{"allow":["GET"]}}],"collection":[{"href":"https:\/\/uumajalaiset.se\/index.php?rest_route=\/wp\/v2\/posts"}],"about":[{"href":"https:\/\/uumajalaiset.se\/index.php?rest_route=\/wp\/v2\/types\/post"}],"author":[{"embeddable":true,"href":"https:\/\/uumajalaiset.se\/index.php?rest_route=\/wp\/v2\/users\/1"}],"replies":[{"embeddable":true,"href":"https:\/\/uumajalaiset.se\/index.php?rest_route=%2Fwp%2Fv2%2Fcomments&post=4892"}],"version-history":[{"count":4,"href":"https:\/\/uumajalaiset.se\/index.php?rest_route=\/wp\/v2\/posts\/4892\/revisions"}],"predecessor-version":[{"id":4899,"href":"https:\/\/uumajalaiset.se\/index.php?rest_route=\/wp\/v2\/posts\/4892\/revisions\/4899"}],"wp:attachment":[{"href":"https:\/\/uumajalaiset.se\/index.php?rest_route=%2Fwp%2Fv2%2Fmedia&parent=4892"}],"wp:term":[{"taxonomy":"category","embeddable":true,"href":"https:\/\/uumajalaiset.se\/index.php?rest_route=%2Fwp%2Fv2%2Fcategories&post=4892"},{"taxonomy":"post_tag","embeddable":true,"href":"https:\/\/uumajalaiset.se\/index.php?rest_route=%2Fwp%2Fv2%2Ftags&post=4892"}],"curies":[{"name":"wp","href":"https:\/\/api.w.org\/{rel}","templated":true}]}}