{"id":5009,"date":"2013-02-19T20:14:05","date_gmt":"2013-02-19T20:14:05","guid":{"rendered":"http:\/\/uumajalaiset.se\/?p=5009"},"modified":"2013-02-20T15:45:32","modified_gmt":"2013-02-20T15:45:32","slug":"suomen-suurlahettlas-vierailee-uumajassa","status":"publish","type":"post","link":"https:\/\/uumajalaiset.se\/?p=5009","title":{"rendered":"Suomen suurl\u00e4hettil\u00e4s vierailee Uumajassa"},"content":{"rendered":"<p><a href=\"http:\/\/www.folkbladet.nu\/353854\/ambassador-besoker-umea\" target=\"_blank\"><img loading=\"lazy\" decoding=\"async\" class=\"alignnone size-full wp-image-5010\" alt=\"sp09c5ab-480x363\" src=\"http:\/\/media.uumajalaiset.se\/2013\/02\/sp09c5ab-480x363.jpg\" width=\"480\" height=\"363\" srcset=\"http:\/\/media.uumajalaiset.se\/2013\/02\/sp09c5ab-480x363.jpg 480w, http:\/\/media.uumajalaiset.se\/2013\/02\/sp09c5ab-480x363-150x113.jpg 150w, http:\/\/media.uumajalaiset.se\/2013\/02\/sp09c5ab-480x363-300x226.jpg 300w, http:\/\/media.uumajalaiset.se\/2013\/02\/sp09c5ab-480x363-396x300.jpg 396w\" sizes=\"auto, (max-width: 480px) 100vw, 480px\" \/><\/a><br \/>\nSuomen suurl\u00e4hettil\u00e4s vaimoineen vierailee Uumajassa maanantaina ja tiistaina 19-20 helmikuuta. Vierailun aikana Suurl\u00e4hettil\u00e4s Harri Helenius tapaa Yliopiston edustajia, mm vierailemalla Urheilul\u00e4\u00e4ketieteellisell\u00e4 osastolla. H\u00e4n tapaa tiistaina maaherra Magdalena Anderssonin, kunnallisneuvokset Lennart Homlundin ja Anders \u00c5grenin sek\u00e4 Uumajan Suomalaisen Kerhon edustajat. Vierailu p\u00e4\u00e4ttyy suomalaisper\u00e4isten uumajalaisten yritt\u00e4jien &#8221;Sven Dufvas v\u00e4nner&#8221; &#8211; verkoston j\u00e4rjest\u00e4m\u00e4\u00e4n illalliseen. Vierailun j\u00e4rjest\u00e4j\u00e4n\u00e4 on Uumajan Suomen kunniakonsuli Johan Bj\u00f6rk. <a href=\"http:\/\/www.folkbladet.nu\/353854\/ambassador-besoker-umea\" target=\"_blank\">Ruotsiksi VF:ss\u00e4. <\/a><br \/>\n<a href=\"http:\/\/media.uumajalaiset.se\/2013\/02\/2013-02-20ambassad\u00f6r.jpg\"><img loading=\"lazy\" decoding=\"async\" alt=\"2013-02-20ambassad\u00f6r\" src=\"http:\/\/media.uumajalaiset.se\/2013\/02\/2013-02-20ambassad\u00f6r.jpg\" width=\"600\" height=\"450\" \/><\/a><br \/>\nFinlands ambassad\u00f6r Harri Helenius, Raili Borg, Linda Str\u00f6m, Tapio Tamminen, Johan Bj\u00f6rk.<\/p>\n","protected":false},"excerpt":{"rendered":"<p>Suomen suurl\u00e4hettil\u00e4s vaimoineen vierailee Uumajassa maanantaina ja tiistaina 19-20 helmikuuta. Vierailun aikana Suurl\u00e4hettil\u00e4s Harri Helenius tapaa Yliopiston edustajia, mm vierailemalla Urheilul\u00e4\u00e4ketieteellisell\u00e4 osastolla. H\u00e4n tapaa tiistaina maaherra Magdalena Anderssonin, kunnallisneuvokset Lennart Homlundin ja Anders \u00c5grenin sek\u00e4 Uumajan Suomalaisen Kerhon edustajat. Vierailu &hellip; <a href=\"https:\/\/uumajalaiset.se\/?p=5009\">L\u00e4s mer <span class=\"meta-nav\">&rarr;<\/span><\/a><\/p>\n","protected":false},"author":1,"featured_media":0,"comment_status":"closed","ping_status":"closed","sticky":false,"template":"","format":"gallery","meta":{"footnotes":""},"categories":[8],"tags":[],"class_list":["post-5009","post","type-post","status-publish","format-gallery","hentry","category-uutiset-2","post_format-post-format-gallery"],"_links":{"self":[{"href":"https:\/\/uumajalaiset.se\/index.php?rest_route=\/wp\/v2\/posts\/5009","targetHints":{"allow":["GET"]}}],"collection":[{"href":"https:\/\/uumajalaiset.se\/index.php?rest_route=\/wp\/v2\/posts"}],"about":[{"href":"https:\/\/uumajalaiset.se\/index.php?rest_route=\/wp\/v2\/types\/post"}],"author":[{"embeddable":true,"href":"https:\/\/uumajalaiset.se\/index.php?rest_route=\/wp\/v2\/users\/1"}],"replies":[{"embeddable":true,"href":"https:\/\/uumajalaiset.se\/index.php?rest_route=%2Fwp%2Fv2%2Fcomments&post=5009"}],"version-history":[{"count":6,"href":"https:\/\/uumajalaiset.se\/index.php?rest_route=\/wp\/v2\/posts\/5009\/revisions"}],"predecessor-version":[{"id":5012,"href":"https:\/\/uumajalaiset.se\/index.php?rest_route=\/wp\/v2\/posts\/5009\/revisions\/5012"}],"wp:attachment":[{"href":"https:\/\/uumajalaiset.se\/index.php?rest_route=%2Fwp%2Fv2%2Fmedia&parent=5009"}],"wp:term":[{"taxonomy":"category","embeddable":true,"href":"https:\/\/uumajalaiset.se\/index.php?rest_route=%2Fwp%2Fv2%2Fcategories&post=5009"},{"taxonomy":"post_tag","embeddable":true,"href":"https:\/\/uumajalaiset.se\/index.php?rest_route=%2Fwp%2Fv2%2Ftags&post=5009"}],"curies":[{"name":"wp","href":"https:\/\/api.w.org\/{rel}","templated":true}]}}